{"id":11552,"date":"2017-05-15T00:00:27","date_gmt":"2017-05-14T23:00:27","guid":{"rendered":"https:\/\/www.serhs.com\/?p=11552"},"modified":"2022-03-07T17:18:38","modified_gmt":"2022-03-07T16:18:38","slug":"serhs-refuerza-su-liderazgo-en-seguridad-y-salud-laboral","status":"publish","type":"post","link":"https:\/\/serhs.com\/es\/serhs-refuerza-su-liderazgo-en-seguridad-y-salud-laboral\/","title":{"rendered":"SERHS refuerza su liderazgo en Seguridad y Salud laboral"},"content":{"rendered":"<div class=\"justificar\">\n<p>El pasado 15 de Marzo se present\u00f3 en la sede de Vodafone en\u00a0 Madrid el\u00a0<strong>Cat\u00e1logo de Buenas<\/strong>\u00a0<strong>Pr\u00e1cticas en Seguridad y Salud\u00a0<\/strong><strong>Laboral<\/strong><strong>,<\/strong>\u00a0a trav\u00e9s del cual se dieron a conocer ejemplos de buenas pr\u00e1cticas empresariales en este \u00e1mbito. Entre ellas, destac\u00f3 la presencia de Serhs, por sus campa\u00f1as de actos inseguros y lesiones musculo-esquel\u00e9ticos, para\u00a0<strong>reducir el \u00edndice de siniestralidad en el \u00e1rea de distribuci\u00f3n y log\u00edstica, y prevenir lesiones en este \u00e1mbito.<\/strong><\/p>\n<p><img decoding=\"async\" src=\"\/wp-content\/uploads\/2018\/02\/Sistema-de-Gesti\u00f3n-de-Seguridad-y-Salud-en-el-Trabajo-1.jpg\" alt=\"SERHS refuerza su liderazgo en Seguridad y Salud laboral\" \/><\/p>\n<p>La elecci\u00f3n de esta pr\u00e1ctica de Serhs se bas\u00f3 en la propia integraci\u00f3n de la prevenci\u00f3n en la compa\u00f1\u00eda en todos los \u00e1mbitos, al ser los propios delegados de prevenci\u00f3n y jefes de almac\u00e9n de la divisi\u00f3n de Distribuci\u00f3n y Log\u00edstica de Serhs quienes seleccionaron y trabajaron los actos inseguros que, posteriormente, sirvieron para:<\/p>\n<ul>\n<li>programar sesiones formativas posteriores para concienciar y fomentar el trabajo seguro, reducir los \u00edndices de siniestralidad y reducir el coste de los mismos.<\/li>\n<li>Distribuir carteles informativos de soporte a la campa\u00f1a con presencia en los distintos puestos de trabajo.<\/li>\n<li>Realizar sesiones formativas espec\u00edficas para la manipulaci\u00f3n manual de cargas a trav\u00e9s de una empresa especializada en pr\u00e1cticas desarrolladas en los principios de la econom\u00eda del esfuerzo y t\u00e9cnicas de manipulaci\u00f3n manual de objetos.<\/li>\n<li>Realizar sesiones formativas enfocadas a cultivar el h\u00e1bito de estiramientos y calentamiento de la musculatura antes de realizar esfuerzos f\u00edsicos.<\/li>\n<\/ul>\n<p>Cada vez m\u00e1s la Seguridad y Salud Laboral se consolida como elementos clave de desarrollo en las empresas. El entorno es muy cambiante y las estrategias de prevenci\u00f3n han de adaptarse a \u00e9l, innovando y vi\u00e9ndonos a todos responsables de nuestra seguridad.\u00a0<strong>Desde Serhs sabemos innovar en materia y trabajamos con la m\u00e1xima facilidad para adaptar nuestras pr\u00e1cticas a cualquier perfil de empresa.\u00a0<\/strong><\/p>\n<p>Fomentar el intercambio de buenas pr\u00e1cticas es una de las acciones contempladas en el marco estrat\u00e9gico de la UE en materia de seguridad y salud laboral, y desde\u00a0<strong>Human Serhs trabajamos a conciencia para alinearnos con las \u00faltimas tendencias en la estrategia.<\/strong><\/p>\n<p>Para cualquier duda pod\u00e9is contactar con el\u00a0<u><strong>Departamento de Prevenci\u00f3n y Riesgos Laborales \u00a0HumanSerh<\/strong><\/u>s Tel. 937671111 o en\u00a0<strong><em>\u00a0<\/em><\/strong><a href=\"mailto:bheuts@serhs.com\"><strong><em>bheuts@serhs.com<\/em><\/strong><\/a><strong><em>.<\/em><\/strong><\/p>\n<p>&nbsp;<\/p>\n<p>Ver\u00a0Cat\u00e1lago Buenas pr\u00e0cticas Seguridad y Salud Laboral<\/p>\n<\/div>\n","protected":false},"excerpt":{"rendered":"<p>El pasado 15 de Marzo se present\u00f3 en la sede de Vodafone en\u00a0 Madrid el\u00a0Cat\u00e1logo de Buenas\u00a0Pr\u00e1cticas en Seguridad y <a href=\"https:\/\/serhs.com\/es\/serhs-refuerza-su-liderazgo-en-seguridad-y-salud-laboral\/\"> [&#8230;]<\/a><\/p>\n","protected":false},"author":19,"featured_media":11555,"comment_status":"closed","ping_status":"closed","sticky":false,"template":"","format":"standard","meta":{"footnotes":""},"categories":[11,128],"tags":[],"class_list":["post-11552","post","type-post","status-publish","format-standard","has-post-thumbnail","hentry","category-corporacion-serhs","category-servicios"],"yoast_head":"<!-- This site is optimized with the Yoast SEO plugin v27.3 - https:\/\/yoast.com\/product\/yoast-seo-wordpress\/ -->\n<title>SERHS refuerza su liderazgo en Seguridad y Salud laboral<\/title>\n<meta name=\"description\" content=\"El pasado 15 de Marzo se present\u00f3 en la sede de Vodafone en\u00a0 Madrid el\u00a0Cat\u00e1logo de Buenas\u00a0Pr\u00e1cticas en Seguridad y Salud Laboral,\u00a0a trav\u00e9s del cual se dieron a conocer ejemplos de buenas pr\u00e1cticas empresariales en este \u00e1mbito.\" \/>\n<meta name=\"robots\" content=\"index, follow, max-snippet:-1, max-image-preview:large, max-video-preview:-1\" \/>\n<link rel=\"canonical\" href=\"https:\/\/serhs.com\/es\/serhs-refuerza-su-liderazgo-en-seguridad-y-salud-laboral\/\" \/>\n<meta property=\"og:locale\" content=\"es_ES\" \/>\n<meta property=\"og:type\" content=\"article\" \/>\n<meta property=\"og:title\" content=\"SERHS refuerza su liderazgo en Seguridad y Salud laboral\" \/>\n<meta property=\"og:description\" content=\"El pasado 15 de Marzo se present\u00f3 en la sede de Vodafone en\u00a0 Madrid el\u00a0Cat\u00e1logo de Buenas\u00a0Pr\u00e1cticas en Seguridad y Salud Laboral,\u00a0a trav\u00e9s del cual se dieron a conocer ejemplos de buenas pr\u00e1cticas empresariales en este \u00e1mbito.\" \/>\n<meta property=\"og:url\" content=\"https:\/\/serhs.com\/es\/serhs-refuerza-su-liderazgo-en-seguridad-y-salud-laboral\/\" \/>\n<meta property=\"og:site_name\" content=\"SERHS\" \/>\n<meta property=\"article:publisher\" content=\"https:\/\/www.facebook.com\/grupserhs\" \/>\n<meta property=\"article:published_time\" content=\"2017-05-14T23:00:27+00:00\" \/>\n<meta property=\"article:modified_time\" content=\"2022-03-07T16:18:38+00:00\" \/>\n<meta property=\"og:image\" content=\"https:\/\/serhs.com\/wp-content\/uploads\/2018\/02\/serhs-refuerza-su-liderazgo-en-seguridad-y-salud-laboral.jpg\" \/>\n\t<meta property=\"og:image:width\" content=\"580\" \/>\n\t<meta property=\"og:image:height\" content=\"234\" \/>\n\t<meta property=\"og:image:type\" content=\"image\/jpeg\" \/>\n<meta name=\"author\" content=\"SOCIAL\" \/>\n<meta name=\"twitter:card\" content=\"summary_large_image\" \/>\n<meta name=\"twitter:label1\" content=\"Escrito por\" \/>\n\t<meta name=\"twitter:data1\" content=\"SOCIAL\" \/>\n\t<meta name=\"twitter:label2\" content=\"Tiempo de lectura\" \/>\n\t<meta name=\"twitter:data2\" content=\"2 minutos\" \/>\n<script type=\"application\/ld+json\" class=\"yoast-schema-graph\">{\"@context\":\"https:\\\/\\\/schema.org\",\"@graph\":[{\"@type\":\"Article\",\"@id\":\"https:\\\/\\\/serhs.com\\\/es\\\/serhs-refuerza-su-liderazgo-en-seguridad-y-salud-laboral\\\/#article\",\"isPartOf\":{\"@id\":\"https:\\\/\\\/serhs.com\\\/es\\\/serhs-refuerza-su-liderazgo-en-seguridad-y-salud-laboral\\\/\"},\"author\":{\"name\":\"SOCIAL\",\"@id\":\"https:\\\/\\\/serhs.com\\\/es\\\/#\\\/schema\\\/person\\\/ab392817d75ed759c372c3f7a40828aa\"},\"headline\":\"SERHS refuerza su liderazgo en Seguridad y Salud laboral\",\"datePublished\":\"2017-05-14T23:00:27+00:00\",\"dateModified\":\"2022-03-07T16:18:38+00:00\",\"mainEntityOfPage\":{\"@id\":\"https:\\\/\\\/serhs.com\\\/es\\\/serhs-refuerza-su-liderazgo-en-seguridad-y-salud-laboral\\\/\"},\"wordCount\":404,\"publisher\":{\"@id\":\"https:\\\/\\\/serhs.com\\\/es\\\/#organization\"},\"image\":{\"@id\":\"https:\\\/\\\/serhs.com\\\/es\\\/serhs-refuerza-su-liderazgo-en-seguridad-y-salud-laboral\\\/#primaryimage\"},\"thumbnailUrl\":\"https:\\\/\\\/serhs.com\\\/wp-content\\\/uploads\\\/2018\\\/02\\\/serhs-refuerza-su-liderazgo-en-seguridad-y-salud-laboral.jpg\",\"articleSection\":[\"Corporaci\u00f3n\",\"Servicios\"],\"inLanguage\":\"es\"},{\"@type\":\"WebPage\",\"@id\":\"https:\\\/\\\/serhs.com\\\/es\\\/serhs-refuerza-su-liderazgo-en-seguridad-y-salud-laboral\\\/\",\"url\":\"https:\\\/\\\/serhs.com\\\/es\\\/serhs-refuerza-su-liderazgo-en-seguridad-y-salud-laboral\\\/\",\"name\":\"SERHS refuerza su liderazgo en Seguridad y Salud laboral\",\"isPartOf\":{\"@id\":\"https:\\\/\\\/serhs.com\\\/es\\\/#website\"},\"primaryImageOfPage\":{\"@id\":\"https:\\\/\\\/serhs.com\\\/es\\\/serhs-refuerza-su-liderazgo-en-seguridad-y-salud-laboral\\\/#primaryimage\"},\"image\":{\"@id\":\"https:\\\/\\\/serhs.com\\\/es\\\/serhs-refuerza-su-liderazgo-en-seguridad-y-salud-laboral\\\/#primaryimage\"},\"thumbnailUrl\":\"https:\\\/\\\/serhs.com\\\/wp-content\\\/uploads\\\/2018\\\/02\\\/serhs-refuerza-su-liderazgo-en-seguridad-y-salud-laboral.jpg\",\"datePublished\":\"2017-05-14T23:00:27+00:00\",\"dateModified\":\"2022-03-07T16:18:38+00:00\",\"description\":\"El pasado 15 de Marzo se present\u00f3 en la sede de Vodafone en\u00a0 Madrid el\u00a0Cat\u00e1logo de Buenas\u00a0Pr\u00e1cticas en Seguridad y Salud Laboral,\u00a0a trav\u00e9s del cual se dieron a conocer ejemplos de buenas pr\u00e1cticas empresariales en este \u00e1mbito.\",\"breadcrumb\":{\"@id\":\"https:\\\/\\\/serhs.com\\\/es\\\/serhs-refuerza-su-liderazgo-en-seguridad-y-salud-laboral\\\/#breadcrumb\"},\"inLanguage\":\"es\",\"potentialAction\":[{\"@type\":\"ReadAction\",\"target\":[\"https:\\\/\\\/serhs.com\\\/es\\\/serhs-refuerza-su-liderazgo-en-seguridad-y-salud-laboral\\\/\"]}]},{\"@type\":\"ImageObject\",\"inLanguage\":\"es\",\"@id\":\"https:\\\/\\\/serhs.com\\\/es\\\/serhs-refuerza-su-liderazgo-en-seguridad-y-salud-laboral\\\/#primaryimage\",\"url\":\"https:\\\/\\\/serhs.com\\\/wp-content\\\/uploads\\\/2018\\\/02\\\/serhs-refuerza-su-liderazgo-en-seguridad-y-salud-laboral.jpg\",\"contentUrl\":\"https:\\\/\\\/serhs.com\\\/wp-content\\\/uploads\\\/2018\\\/02\\\/serhs-refuerza-su-liderazgo-en-seguridad-y-salud-laboral.jpg\",\"width\":580,\"height\":234},{\"@type\":\"BreadcrumbList\",\"@id\":\"https:\\\/\\\/serhs.com\\\/es\\\/serhs-refuerza-su-liderazgo-en-seguridad-y-salud-laboral\\\/#breadcrumb\",\"itemListElement\":[{\"@type\":\"ListItem\",\"position\":1,\"name\":\"Inici\",\"item\":\"https:\\\/\\\/serhs.com\\\/es\\\/\"},{\"@type\":\"ListItem\",\"position\":2,\"name\":\"SERHS refuerza su liderazgo en Seguridad y Salud laboral\"}]},{\"@type\":\"WebSite\",\"@id\":\"https:\\\/\\\/serhs.com\\\/es\\\/#website\",\"url\":\"https:\\\/\\\/serhs.com\\\/es\\\/\",\"name\":\"SERHS\",\"description\":\"El primer grup Tur\u00edstic de Catalunya\",\"publisher\":{\"@id\":\"https:\\\/\\\/serhs.com\\\/es\\\/#organization\"},\"potentialAction\":[{\"@type\":\"SearchAction\",\"target\":{\"@type\":\"EntryPoint\",\"urlTemplate\":\"https:\\\/\\\/serhs.com\\\/es\\\/?s={search_term_string}\"},\"query-input\":{\"@type\":\"PropertyValueSpecification\",\"valueRequired\":true,\"valueName\":\"search_term_string\"}}],\"inLanguage\":\"es\"},{\"@type\":\"Organization\",\"@id\":\"https:\\\/\\\/serhs.com\\\/es\\\/#organization\",\"name\":\"SERHS\",\"url\":\"https:\\\/\\\/serhs.com\\\/es\\\/\",\"logo\":{\"@type\":\"ImageObject\",\"inLanguage\":\"es\",\"@id\":\"https:\\\/\\\/serhs.com\\\/es\\\/#\\\/schema\\\/logo\\\/image\\\/\",\"url\":\"https:\\\/\\\/serhs.com\\\/wp-content\\\/uploads\\\/2018\\\/05\\\/logoSERHS200.png\",\"contentUrl\":\"https:\\\/\\\/serhs.com\\\/wp-content\\\/uploads\\\/2018\\\/05\\\/logoSERHS200.png\",\"width\":200,\"height\":67,\"caption\":\"SERHS\"},\"image\":{\"@id\":\"https:\\\/\\\/serhs.com\\\/es\\\/#\\\/schema\\\/logo\\\/image\\\/\"},\"sameAs\":[\"https:\\\/\\\/www.facebook.com\\\/grupserhs\",\"https:\\\/\\\/www.linkedin.com\\\/company\\\/grup-serhs\",\"https:\\\/\\\/www.instagram.com\\\/serhsoficial\\\/\"]},{\"@type\":\"Person\",\"@id\":\"https:\\\/\\\/serhs.com\\\/es\\\/#\\\/schema\\\/person\\\/ab392817d75ed759c372c3f7a40828aa\",\"name\":\"SOCIAL\",\"url\":\"https:\\\/\\\/serhs.com\\\/es\\\/author\\\/rf\\\/\"}]}<\/script>\n<!-- \/ Yoast SEO plugin. -->","yoast_head_json":{"title":"SERHS refuerza su liderazgo en Seguridad y Salud laboral","description":"El pasado 15 de Marzo se present\u00f3 en la sede de Vodafone en\u00a0 Madrid el\u00a0Cat\u00e1logo de Buenas\u00a0Pr\u00e1cticas en Seguridad y Salud Laboral,\u00a0a trav\u00e9s del cual se dieron a conocer ejemplos de buenas pr\u00e1cticas empresariales en este \u00e1mbito.","robots":{"index":"index","follow":"follow","max-snippet":"max-snippet:-1","max-image-preview":"max-image-preview:large","max-video-preview":"max-video-preview:-1"},"canonical":"https:\/\/serhs.com\/es\/serhs-refuerza-su-liderazgo-en-seguridad-y-salud-laboral\/","og_locale":"es_ES","og_type":"article","og_title":"SERHS refuerza su liderazgo en Seguridad y Salud laboral","og_description":"El pasado 15 de Marzo se present\u00f3 en la sede de Vodafone en\u00a0 Madrid el\u00a0Cat\u00e1logo de Buenas\u00a0Pr\u00e1cticas en Seguridad y Salud Laboral,\u00a0a trav\u00e9s del cual se dieron a conocer ejemplos de buenas pr\u00e1cticas empresariales en este \u00e1mbito.","og_url":"https:\/\/serhs.com\/es\/serhs-refuerza-su-liderazgo-en-seguridad-y-salud-laboral\/","og_site_name":"SERHS","article_publisher":"https:\/\/www.facebook.com\/grupserhs","article_published_time":"2017-05-14T23:00:27+00:00","article_modified_time":"2022-03-07T16:18:38+00:00","og_image":[{"width":580,"height":234,"url":"https:\/\/serhs.com\/wp-content\/uploads\/2018\/02\/serhs-refuerza-su-liderazgo-en-seguridad-y-salud-laboral.jpg","type":"image\/jpeg"}],"author":"SOCIAL","twitter_card":"summary_large_image","twitter_misc":{"Escrito por":"SOCIAL","Tiempo de lectura":"2 minutos"},"schema":{"@context":"https:\/\/schema.org","@graph":[{"@type":"Article","@id":"https:\/\/serhs.com\/es\/serhs-refuerza-su-liderazgo-en-seguridad-y-salud-laboral\/#article","isPartOf":{"@id":"https:\/\/serhs.com\/es\/serhs-refuerza-su-liderazgo-en-seguridad-y-salud-laboral\/"},"author":{"name":"SOCIAL","@id":"https:\/\/serhs.com\/es\/#\/schema\/person\/ab392817d75ed759c372c3f7a40828aa"},"headline":"SERHS refuerza su liderazgo en Seguridad y Salud laboral","datePublished":"2017-05-14T23:00:27+00:00","dateModified":"2022-03-07T16:18:38+00:00","mainEntityOfPage":{"@id":"https:\/\/serhs.com\/es\/serhs-refuerza-su-liderazgo-en-seguridad-y-salud-laboral\/"},"wordCount":404,"publisher":{"@id":"https:\/\/serhs.com\/es\/#organization"},"image":{"@id":"https:\/\/serhs.com\/es\/serhs-refuerza-su-liderazgo-en-seguridad-y-salud-laboral\/#primaryimage"},"thumbnailUrl":"https:\/\/serhs.com\/wp-content\/uploads\/2018\/02\/serhs-refuerza-su-liderazgo-en-seguridad-y-salud-laboral.jpg","articleSection":["Corporaci\u00f3n","Servicios"],"inLanguage":"es"},{"@type":"WebPage","@id":"https:\/\/serhs.com\/es\/serhs-refuerza-su-liderazgo-en-seguridad-y-salud-laboral\/","url":"https:\/\/serhs.com\/es\/serhs-refuerza-su-liderazgo-en-seguridad-y-salud-laboral\/","name":"SERHS refuerza su liderazgo en Seguridad y Salud laboral","isPartOf":{"@id":"https:\/\/serhs.com\/es\/#website"},"primaryImageOfPage":{"@id":"https:\/\/serhs.com\/es\/serhs-refuerza-su-liderazgo-en-seguridad-y-salud-laboral\/#primaryimage"},"image":{"@id":"https:\/\/serhs.com\/es\/serhs-refuerza-su-liderazgo-en-seguridad-y-salud-laboral\/#primaryimage"},"thumbnailUrl":"https:\/\/serhs.com\/wp-content\/uploads\/2018\/02\/serhs-refuerza-su-liderazgo-en-seguridad-y-salud-laboral.jpg","datePublished":"2017-05-14T23:00:27+00:00","dateModified":"2022-03-07T16:18:38+00:00","description":"El pasado 15 de Marzo se present\u00f3 en la sede de Vodafone en\u00a0 Madrid el\u00a0Cat\u00e1logo de Buenas\u00a0Pr\u00e1cticas en Seguridad y Salud Laboral,\u00a0a trav\u00e9s del cual se dieron a conocer ejemplos de buenas pr\u00e1cticas empresariales en este \u00e1mbito.","breadcrumb":{"@id":"https:\/\/serhs.com\/es\/serhs-refuerza-su-liderazgo-en-seguridad-y-salud-laboral\/#breadcrumb"},"inLanguage":"es","potentialAction":[{"@type":"ReadAction","target":["https:\/\/serhs.com\/es\/serhs-refuerza-su-liderazgo-en-seguridad-y-salud-laboral\/"]}]},{"@type":"ImageObject","inLanguage":"es","@id":"https:\/\/serhs.com\/es\/serhs-refuerza-su-liderazgo-en-seguridad-y-salud-laboral\/#primaryimage","url":"https:\/\/serhs.com\/wp-content\/uploads\/2018\/02\/serhs-refuerza-su-liderazgo-en-seguridad-y-salud-laboral.jpg","contentUrl":"https:\/\/serhs.com\/wp-content\/uploads\/2018\/02\/serhs-refuerza-su-liderazgo-en-seguridad-y-salud-laboral.jpg","width":580,"height":234},{"@type":"BreadcrumbList","@id":"https:\/\/serhs.com\/es\/serhs-refuerza-su-liderazgo-en-seguridad-y-salud-laboral\/#breadcrumb","itemListElement":[{"@type":"ListItem","position":1,"name":"Inici","item":"https:\/\/serhs.com\/es\/"},{"@type":"ListItem","position":2,"name":"SERHS refuerza su liderazgo en Seguridad y Salud laboral"}]},{"@type":"WebSite","@id":"https:\/\/serhs.com\/es\/#website","url":"https:\/\/serhs.com\/es\/","name":"SERHS","description":"El primer grup Tur\u00edstic de Catalunya","publisher":{"@id":"https:\/\/serhs.com\/es\/#organization"},"potentialAction":[{"@type":"SearchAction","target":{"@type":"EntryPoint","urlTemplate":"https:\/\/serhs.com\/es\/?s={search_term_string}"},"query-input":{"@type":"PropertyValueSpecification","valueRequired":true,"valueName":"search_term_string"}}],"inLanguage":"es"},{"@type":"Organization","@id":"https:\/\/serhs.com\/es\/#organization","name":"SERHS","url":"https:\/\/serhs.com\/es\/","logo":{"@type":"ImageObject","inLanguage":"es","@id":"https:\/\/serhs.com\/es\/#\/schema\/logo\/image\/","url":"https:\/\/serhs.com\/wp-content\/uploads\/2018\/05\/logoSERHS200.png","contentUrl":"https:\/\/serhs.com\/wp-content\/uploads\/2018\/05\/logoSERHS200.png","width":200,"height":67,"caption":"SERHS"},"image":{"@id":"https:\/\/serhs.com\/es\/#\/schema\/logo\/image\/"},"sameAs":["https:\/\/www.facebook.com\/grupserhs","https:\/\/www.linkedin.com\/company\/grup-serhs","https:\/\/www.instagram.com\/serhsoficial\/"]},{"@type":"Person","@id":"https:\/\/serhs.com\/es\/#\/schema\/person\/ab392817d75ed759c372c3f7a40828aa","name":"SOCIAL","url":"https:\/\/serhs.com\/es\/author\/rf\/"}]}},"_links":{"self":[{"href":"https:\/\/serhs.com\/es\/wp-json\/wp\/v2\/posts\/11552","targetHints":{"allow":["GET"]}}],"collection":[{"href":"https:\/\/serhs.com\/es\/wp-json\/wp\/v2\/posts"}],"about":[{"href":"https:\/\/serhs.com\/es\/wp-json\/wp\/v2\/types\/post"}],"author":[{"embeddable":true,"href":"https:\/\/serhs.com\/es\/wp-json\/wp\/v2\/users\/19"}],"replies":[{"embeddable":true,"href":"https:\/\/serhs.com\/es\/wp-json\/wp\/v2\/comments?post=11552"}],"version-history":[{"count":0,"href":"https:\/\/serhs.com\/es\/wp-json\/wp\/v2\/posts\/11552\/revisions"}],"wp:featuredmedia":[{"embeddable":true,"href":"https:\/\/serhs.com\/es\/wp-json\/wp\/v2\/media\/11555"}],"wp:attachment":[{"href":"https:\/\/serhs.com\/es\/wp-json\/wp\/v2\/media?parent=11552"}],"wp:term":[{"taxonomy":"category","embeddable":true,"href":"https:\/\/serhs.com\/es\/wp-json\/wp\/v2\/categories?post=11552"},{"taxonomy":"post_tag","embeddable":true,"href":"https:\/\/serhs.com\/es\/wp-json\/wp\/v2\/tags?post=11552"}],"curies":[{"name":"wp","href":"https:\/\/api.w.org\/{rel}","templated":true}]}}