{"id":11797,"date":"2016-05-19T00:00:55","date_gmt":"2016-05-18T23:00:55","guid":{"rendered":"https:\/\/www.serhs.com\/?p=11797"},"modified":"2022-03-07T17:09:17","modified_gmt":"2022-03-07T16:09:17","slug":"el-festival-de-santa-florentina-celebra-su-mayoria-de-edad-en-castell-jalpi","status":"publish","type":"post","link":"https:\/\/serhs.com\/es\/el-festival-de-santa-florentina-celebra-su-mayoria-de-edad-en-castell-jalpi\/","title":{"rendered":"El Festival de Santa Florentina celebra su mayor\u00eda de edad en Castell Jalp\u00ed."},"content":{"rendered":"<div class=\"justificar\">\n<p>El Festival de m\u00fasica cl\u00e1sica de Santa Florentina presenta su 18\u00aa edici\u00f3n estrenando nueva sede, ofreciendo nuevamente una programaci\u00f3n musical de primer nivel y con una rebaja de precios en entradas y abonos.<\/p>\n<p><img decoding=\"async\" src=\"\/wp-content\/uploads\/2018\/03\/el-festival-de-santa-florentina-celebra-su-mayoria-de-edad-en-castell-jalpi.jpg\" alt=\"El Festival de Santa Florentina celebra su mayor\u00eda de edad en Castell Jalp\u00ed.\" \/><\/p>\n<p>En la presentaci\u00f3n del Festival, el Presidente de la Asociaci\u00f3n Cultural Santa Florentina,\u00a0<strong>Carlos Hartmann<\/strong>, dio a conocer el calendario y los artistas de los 10 conciertos programados entre los meses de julio (d\u00edas 24 y 31) y agosto (d\u00edas 5, 6 , 11, 13, 15, 17, 19 y 20). Los conciertos ofrecer\u00e1n m\u00fasica cl\u00e1sica para todos los gustos, entre los que destacan los 6 conciertos de Brandenburgo de J.S Bach, celebrados en dos sesiones e interpretados por la Bach Chamber Orchestra, que tiene como principal solista el reconocido flautista Claudi Arimany. Destacan tambi\u00e9n Stefano Palatchi con \u00abSwing\u00bb o Ara Malikian, que repite en el Festival.<\/p>\n<p><strong>Hartmann<\/strong>\u00a0quiso destacar la voluntad del Festival de popularizar la \u00f3pera y la m\u00fasica cl\u00e1sica. Prueba de ello es que se rebajan los precios respecto ediciones anteriores, con entradas que van de los 20 a los 35 euros. Como novedad, se ponen a la venta abonos para cinco conciertos con un 20% de descuento.<\/p>\n<p>Este ser\u00e1 la primera vez que el Castell Jalp\u00ed y Arenys de Munt acojan el Festival. Para\u00a0<strong>Joan Rabasseda<\/strong>, alcalde de Arenys de Munt,\u00a0<em>\u00abla apuesta por el Castell Jalp\u00ed, responde a la voluntad de mantener una oferta musical de primer orden en la comarca del Maresme y ayuda a situar nuestro municipio en el mapa cultural del pa\u00eds \u00ab<\/em>.<\/p>\n<p><em>\u00abEl cambio de emplazamiento permitir\u00e1 tambi\u00e9n dar un salto cualitativo para el encanto, la magnitud y la experiencia del Castillo y SERHS acogiendo conciertos y otros actos multitudinarios\u00bb<\/em>, subray\u00f3\u00a0<strong>Merc\u00e8 Marlet<\/strong>, Directora de Restauraci\u00f3n Comercial de SERHS Food. \u00ab<em>El patio de armas del castillo nos permite ampliar el aforo hasta las 500 personas<\/em>\u00ab, realz\u00f3 Hartmann. En caso de lluvia, se tiene previsto que los conciertos tengan lugar en la Sala August Borr\u00e0s del mismo recinto.<\/p>\n<p>Las puertas del recinto se abrir\u00e1n dos horas antes del inicio de los conciertos, momento en el que se podr\u00e1 degustar la propuesta gastron\u00f3mica propuesta por SERHS y que continuar\u00e1 en los entreactos y en la finalizaci\u00f3n de los conciertos, con una zona de chill-out .<\/p>\n<p>Desde hace unos d\u00edas, ya est\u00e1n a la venta las entradas para todos los conciertos, as\u00ed como toda la informaci\u00f3n relativa al Festival, en su p\u00e1gina oficial:\u00a0www.santaflorentina.com.<\/p>\n<p>Fruto del acuerdo, los trabajadores y accionistas de SERHS tendr\u00e1n la oportunidad de conseguir entradas a un precio especial a trav\u00e9s del SERHS Club.<\/p>\n<\/div>\n","protected":false},"excerpt":{"rendered":"<p>El Festival de m\u00fasica cl\u00e1sica de Santa Florentina presenta su 18\u00aa edici\u00f3n estrenando nueva sede, ofreciendo nuevamente una programaci\u00f3n musical <a href=\"https:\/\/serhs.com\/es\/el-festival-de-santa-florentina-celebra-su-mayoria-de-edad-en-castell-jalpi\/\"> [&#8230;]<\/a><\/p>\n","protected":false},"author":19,"featured_media":11798,"comment_status":"closed","ping_status":"closed","sticky":false,"template":"","format":"standard","meta":{"footnotes":""},"categories":[11,127],"tags":[],"class_list":["post-11797","post","type-post","status-publish","format-standard","has-post-thumbnail","hentry","category-corporacion-serhs","category-food-es"],"yoast_head":"<!-- This site is optimized with the Yoast SEO plugin v27.5 - https:\/\/yoast.com\/product\/yoast-seo-wordpress\/ -->\n<title>El Festival de Santa Florentina celebra mayor\u00eda de edad en Castell Jalp\u00ed<\/title>\n<meta name=\"description\" content=\"El Festival de m\u00fasica cl\u00e1sica de Santa Florentina presenta su 18\u00aa edici\u00f3n estrenando nueva sede, ofreciendo nuevamente una programaci\u00f3n musical de primer nivel y con una rebaja de precios en entradas y abonos.\" \/>\n<meta name=\"robots\" content=\"index, follow, max-snippet:-1, max-image-preview:large, max-video-preview:-1\" \/>\n<link rel=\"canonical\" href=\"https:\/\/serhs.com\/es\/el-festival-de-santa-florentina-celebra-su-mayoria-de-edad-en-castell-jalpi\/\" \/>\n<meta property=\"og:locale\" content=\"es_ES\" \/>\n<meta property=\"og:type\" content=\"article\" \/>\n<meta property=\"og:title\" content=\"El Festival de Santa Florentina celebra mayor\u00eda de edad en Castell Jalp\u00ed\" \/>\n<meta property=\"og:description\" content=\"El Festival de m\u00fasica cl\u00e1sica de Santa Florentina presenta su 18\u00aa edici\u00f3n estrenando nueva sede, ofreciendo nuevamente una programaci\u00f3n musical de primer nivel y con una rebaja de precios en entradas y abonos.\" \/>\n<meta property=\"og:url\" content=\"https:\/\/serhs.com\/es\/el-festival-de-santa-florentina-celebra-su-mayoria-de-edad-en-castell-jalpi\/\" \/>\n<meta property=\"og:site_name\" content=\"SERHS\" \/>\n<meta property=\"article:publisher\" content=\"https:\/\/www.facebook.com\/grupserhs\" \/>\n<meta property=\"article:published_time\" content=\"2016-05-18T23:00:55+00:00\" \/>\n<meta property=\"article:modified_time\" content=\"2022-03-07T16:09:17+00:00\" \/>\n<meta property=\"og:image\" content=\"https:\/\/serhs.com\/wp-content\/uploads\/2018\/03\/el-festival-de-santa-florentina-celebra-su-mayoria-de-edad-en-castell-jalpi.jpg\" \/>\n\t<meta property=\"og:image:width\" content=\"1280\" \/>\n\t<meta property=\"og:image:height\" content=\"1072\" \/>\n\t<meta property=\"og:image:type\" content=\"image\/jpeg\" \/>\n<meta name=\"author\" content=\"SOCIAL\" \/>\n<meta name=\"twitter:card\" content=\"summary_large_image\" \/>\n<meta name=\"twitter:label1\" content=\"Escrito por\" \/>\n\t<meta name=\"twitter:data1\" content=\"SOCIAL\" \/>\n\t<meta name=\"twitter:label2\" content=\"Tiempo de lectura\" \/>\n\t<meta name=\"twitter:data2\" content=\"2 minutos\" \/>\n<script type=\"application\/ld+json\" class=\"yoast-schema-graph\">{\"@context\":\"https:\\\/\\\/schema.org\",\"@graph\":[{\"@type\":\"Article\",\"@id\":\"https:\\\/\\\/serhs.com\\\/es\\\/el-festival-de-santa-florentina-celebra-su-mayoria-de-edad-en-castell-jalpi\\\/#article\",\"isPartOf\":{\"@id\":\"https:\\\/\\\/serhs.com\\\/es\\\/el-festival-de-santa-florentina-celebra-su-mayoria-de-edad-en-castell-jalpi\\\/\"},\"author\":{\"name\":\"SOCIAL\",\"@id\":\"https:\\\/\\\/serhs.com\\\/es\\\/#\\\/schema\\\/person\\\/ab392817d75ed759c372c3f7a40828aa\"},\"headline\":\"El Festival de Santa Florentina celebra su mayor\u00eda de edad en Castell Jalp\u00ed.\",\"datePublished\":\"2016-05-18T23:00:55+00:00\",\"dateModified\":\"2022-03-07T16:09:17+00:00\",\"mainEntityOfPage\":{\"@id\":\"https:\\\/\\\/serhs.com\\\/es\\\/el-festival-de-santa-florentina-celebra-su-mayoria-de-edad-en-castell-jalpi\\\/\"},\"wordCount\":450,\"publisher\":{\"@id\":\"https:\\\/\\\/serhs.com\\\/es\\\/#organization\"},\"image\":{\"@id\":\"https:\\\/\\\/serhs.com\\\/es\\\/el-festival-de-santa-florentina-celebra-su-mayoria-de-edad-en-castell-jalpi\\\/#primaryimage\"},\"thumbnailUrl\":\"https:\\\/\\\/serhs.com\\\/wp-content\\\/uploads\\\/2018\\\/03\\\/el-festival-de-santa-florentina-celebra-su-mayoria-de-edad-en-castell-jalpi.jpg\",\"articleSection\":[\"Corporaci\u00f3n\",\"Food\"],\"inLanguage\":\"es\"},{\"@type\":\"WebPage\",\"@id\":\"https:\\\/\\\/serhs.com\\\/es\\\/el-festival-de-santa-florentina-celebra-su-mayoria-de-edad-en-castell-jalpi\\\/\",\"url\":\"https:\\\/\\\/serhs.com\\\/es\\\/el-festival-de-santa-florentina-celebra-su-mayoria-de-edad-en-castell-jalpi\\\/\",\"name\":\"El Festival de Santa Florentina celebra mayor\u00eda de edad en Castell Jalp\u00ed\",\"isPartOf\":{\"@id\":\"https:\\\/\\\/serhs.com\\\/es\\\/#website\"},\"primaryImageOfPage\":{\"@id\":\"https:\\\/\\\/serhs.com\\\/es\\\/el-festival-de-santa-florentina-celebra-su-mayoria-de-edad-en-castell-jalpi\\\/#primaryimage\"},\"image\":{\"@id\":\"https:\\\/\\\/serhs.com\\\/es\\\/el-festival-de-santa-florentina-celebra-su-mayoria-de-edad-en-castell-jalpi\\\/#primaryimage\"},\"thumbnailUrl\":\"https:\\\/\\\/serhs.com\\\/wp-content\\\/uploads\\\/2018\\\/03\\\/el-festival-de-santa-florentina-celebra-su-mayoria-de-edad-en-castell-jalpi.jpg\",\"datePublished\":\"2016-05-18T23:00:55+00:00\",\"dateModified\":\"2022-03-07T16:09:17+00:00\",\"description\":\"El Festival de m\u00fasica cl\u00e1sica de Santa Florentina presenta su 18\u00aa edici\u00f3n estrenando nueva sede, ofreciendo nuevamente una programaci\u00f3n musical de primer nivel y con una rebaja de precios en entradas y abonos.\",\"breadcrumb\":{\"@id\":\"https:\\\/\\\/serhs.com\\\/es\\\/el-festival-de-santa-florentina-celebra-su-mayoria-de-edad-en-castell-jalpi\\\/#breadcrumb\"},\"inLanguage\":\"es\",\"potentialAction\":[{\"@type\":\"ReadAction\",\"target\":[\"https:\\\/\\\/serhs.com\\\/es\\\/el-festival-de-santa-florentina-celebra-su-mayoria-de-edad-en-castell-jalpi\\\/\"]}]},{\"@type\":\"ImageObject\",\"inLanguage\":\"es\",\"@id\":\"https:\\\/\\\/serhs.com\\\/es\\\/el-festival-de-santa-florentina-celebra-su-mayoria-de-edad-en-castell-jalpi\\\/#primaryimage\",\"url\":\"https:\\\/\\\/serhs.com\\\/wp-content\\\/uploads\\\/2018\\\/03\\\/el-festival-de-santa-florentina-celebra-su-mayoria-de-edad-en-castell-jalpi.jpg\",\"contentUrl\":\"https:\\\/\\\/serhs.com\\\/wp-content\\\/uploads\\\/2018\\\/03\\\/el-festival-de-santa-florentina-celebra-su-mayoria-de-edad-en-castell-jalpi.jpg\",\"width\":1280,\"height\":1072},{\"@type\":\"BreadcrumbList\",\"@id\":\"https:\\\/\\\/serhs.com\\\/es\\\/el-festival-de-santa-florentina-celebra-su-mayoria-de-edad-en-castell-jalpi\\\/#breadcrumb\",\"itemListElement\":[{\"@type\":\"ListItem\",\"position\":1,\"name\":\"Inici\",\"item\":\"https:\\\/\\\/serhs.com\\\/es\\\/\"},{\"@type\":\"ListItem\",\"position\":2,\"name\":\"El Festival de Santa Florentina celebra su mayor\u00eda de edad en Castell Jalp\u00ed.\"}]},{\"@type\":\"WebSite\",\"@id\":\"https:\\\/\\\/serhs.com\\\/es\\\/#website\",\"url\":\"https:\\\/\\\/serhs.com\\\/es\\\/\",\"name\":\"SERHS\",\"description\":\"El primer grup Tur\u00edstic de Catalunya\",\"publisher\":{\"@id\":\"https:\\\/\\\/serhs.com\\\/es\\\/#organization\"},\"potentialAction\":[{\"@type\":\"SearchAction\",\"target\":{\"@type\":\"EntryPoint\",\"urlTemplate\":\"https:\\\/\\\/serhs.com\\\/es\\\/?s={search_term_string}\"},\"query-input\":{\"@type\":\"PropertyValueSpecification\",\"valueRequired\":true,\"valueName\":\"search_term_string\"}}],\"inLanguage\":\"es\"},{\"@type\":\"Organization\",\"@id\":\"https:\\\/\\\/serhs.com\\\/es\\\/#organization\",\"name\":\"SERHS\",\"url\":\"https:\\\/\\\/serhs.com\\\/es\\\/\",\"logo\":{\"@type\":\"ImageObject\",\"inLanguage\":\"es\",\"@id\":\"https:\\\/\\\/serhs.com\\\/es\\\/#\\\/schema\\\/logo\\\/image\\\/\",\"url\":\"https:\\\/\\\/serhs.com\\\/wp-content\\\/uploads\\\/2018\\\/05\\\/logoSERHS200.png\",\"contentUrl\":\"https:\\\/\\\/serhs.com\\\/wp-content\\\/uploads\\\/2018\\\/05\\\/logoSERHS200.png\",\"width\":200,\"height\":67,\"caption\":\"SERHS\"},\"image\":{\"@id\":\"https:\\\/\\\/serhs.com\\\/es\\\/#\\\/schema\\\/logo\\\/image\\\/\"},\"sameAs\":[\"https:\\\/\\\/www.facebook.com\\\/grupserhs\",\"https:\\\/\\\/www.linkedin.com\\\/company\\\/grup-serhs\",\"https:\\\/\\\/www.instagram.com\\\/serhsoficial\\\/\"]},{\"@type\":\"Person\",\"@id\":\"https:\\\/\\\/serhs.com\\\/es\\\/#\\\/schema\\\/person\\\/ab392817d75ed759c372c3f7a40828aa\",\"name\":\"SOCIAL\",\"url\":\"https:\\\/\\\/serhs.com\\\/es\\\/author\\\/rf\\\/\"}]}<\/script>\n<!-- \/ Yoast SEO plugin. -->","yoast_head_json":{"title":"El Festival de Santa Florentina celebra mayor\u00eda de edad en Castell Jalp\u00ed","description":"El Festival de m\u00fasica cl\u00e1sica de Santa Florentina presenta su 18\u00aa edici\u00f3n estrenando nueva sede, ofreciendo nuevamente una programaci\u00f3n musical de primer nivel y con una rebaja de precios en entradas y abonos.","robots":{"index":"index","follow":"follow","max-snippet":"max-snippet:-1","max-image-preview":"max-image-preview:large","max-video-preview":"max-video-preview:-1"},"canonical":"https:\/\/serhs.com\/es\/el-festival-de-santa-florentina-celebra-su-mayoria-de-edad-en-castell-jalpi\/","og_locale":"es_ES","og_type":"article","og_title":"El Festival de Santa Florentina celebra mayor\u00eda de edad en Castell Jalp\u00ed","og_description":"El Festival de m\u00fasica cl\u00e1sica de Santa Florentina presenta su 18\u00aa edici\u00f3n estrenando nueva sede, ofreciendo nuevamente una programaci\u00f3n musical de primer nivel y con una rebaja de precios en entradas y abonos.","og_url":"https:\/\/serhs.com\/es\/el-festival-de-santa-florentina-celebra-su-mayoria-de-edad-en-castell-jalpi\/","og_site_name":"SERHS","article_publisher":"https:\/\/www.facebook.com\/grupserhs","article_published_time":"2016-05-18T23:00:55+00:00","article_modified_time":"2022-03-07T16:09:17+00:00","og_image":[{"width":1280,"height":1072,"url":"https:\/\/serhs.com\/wp-content\/uploads\/2018\/03\/el-festival-de-santa-florentina-celebra-su-mayoria-de-edad-en-castell-jalpi.jpg","type":"image\/jpeg"}],"author":"SOCIAL","twitter_card":"summary_large_image","twitter_misc":{"Escrito por":"SOCIAL","Tiempo de lectura":"2 minutos"},"schema":{"@context":"https:\/\/schema.org","@graph":[{"@type":"Article","@id":"https:\/\/serhs.com\/es\/el-festival-de-santa-florentina-celebra-su-mayoria-de-edad-en-castell-jalpi\/#article","isPartOf":{"@id":"https:\/\/serhs.com\/es\/el-festival-de-santa-florentina-celebra-su-mayoria-de-edad-en-castell-jalpi\/"},"author":{"name":"SOCIAL","@id":"https:\/\/serhs.com\/es\/#\/schema\/person\/ab392817d75ed759c372c3f7a40828aa"},"headline":"El Festival de Santa Florentina celebra su mayor\u00eda de edad en Castell Jalp\u00ed.","datePublished":"2016-05-18T23:00:55+00:00","dateModified":"2022-03-07T16:09:17+00:00","mainEntityOfPage":{"@id":"https:\/\/serhs.com\/es\/el-festival-de-santa-florentina-celebra-su-mayoria-de-edad-en-castell-jalpi\/"},"wordCount":450,"publisher":{"@id":"https:\/\/serhs.com\/es\/#organization"},"image":{"@id":"https:\/\/serhs.com\/es\/el-festival-de-santa-florentina-celebra-su-mayoria-de-edad-en-castell-jalpi\/#primaryimage"},"thumbnailUrl":"https:\/\/serhs.com\/wp-content\/uploads\/2018\/03\/el-festival-de-santa-florentina-celebra-su-mayoria-de-edad-en-castell-jalpi.jpg","articleSection":["Corporaci\u00f3n","Food"],"inLanguage":"es"},{"@type":"WebPage","@id":"https:\/\/serhs.com\/es\/el-festival-de-santa-florentina-celebra-su-mayoria-de-edad-en-castell-jalpi\/","url":"https:\/\/serhs.com\/es\/el-festival-de-santa-florentina-celebra-su-mayoria-de-edad-en-castell-jalpi\/","name":"El Festival de Santa Florentina celebra mayor\u00eda de edad en Castell Jalp\u00ed","isPartOf":{"@id":"https:\/\/serhs.com\/es\/#website"},"primaryImageOfPage":{"@id":"https:\/\/serhs.com\/es\/el-festival-de-santa-florentina-celebra-su-mayoria-de-edad-en-castell-jalpi\/#primaryimage"},"image":{"@id":"https:\/\/serhs.com\/es\/el-festival-de-santa-florentina-celebra-su-mayoria-de-edad-en-castell-jalpi\/#primaryimage"},"thumbnailUrl":"https:\/\/serhs.com\/wp-content\/uploads\/2018\/03\/el-festival-de-santa-florentina-celebra-su-mayoria-de-edad-en-castell-jalpi.jpg","datePublished":"2016-05-18T23:00:55+00:00","dateModified":"2022-03-07T16:09:17+00:00","description":"El Festival de m\u00fasica cl\u00e1sica de Santa Florentina presenta su 18\u00aa edici\u00f3n estrenando nueva sede, ofreciendo nuevamente una programaci\u00f3n musical de primer nivel y con una rebaja de precios en entradas y abonos.","breadcrumb":{"@id":"https:\/\/serhs.com\/es\/el-festival-de-santa-florentina-celebra-su-mayoria-de-edad-en-castell-jalpi\/#breadcrumb"},"inLanguage":"es","potentialAction":[{"@type":"ReadAction","target":["https:\/\/serhs.com\/es\/el-festival-de-santa-florentina-celebra-su-mayoria-de-edad-en-castell-jalpi\/"]}]},{"@type":"ImageObject","inLanguage":"es","@id":"https:\/\/serhs.com\/es\/el-festival-de-santa-florentina-celebra-su-mayoria-de-edad-en-castell-jalpi\/#primaryimage","url":"https:\/\/serhs.com\/wp-content\/uploads\/2018\/03\/el-festival-de-santa-florentina-celebra-su-mayoria-de-edad-en-castell-jalpi.jpg","contentUrl":"https:\/\/serhs.com\/wp-content\/uploads\/2018\/03\/el-festival-de-santa-florentina-celebra-su-mayoria-de-edad-en-castell-jalpi.jpg","width":1280,"height":1072},{"@type":"BreadcrumbList","@id":"https:\/\/serhs.com\/es\/el-festival-de-santa-florentina-celebra-su-mayoria-de-edad-en-castell-jalpi\/#breadcrumb","itemListElement":[{"@type":"ListItem","position":1,"name":"Inici","item":"https:\/\/serhs.com\/es\/"},{"@type":"ListItem","position":2,"name":"El Festival de Santa Florentina celebra su mayor\u00eda de edad en Castell Jalp\u00ed."}]},{"@type":"WebSite","@id":"https:\/\/serhs.com\/es\/#website","url":"https:\/\/serhs.com\/es\/","name":"SERHS","description":"El primer grup Tur\u00edstic de Catalunya","publisher":{"@id":"https:\/\/serhs.com\/es\/#organization"},"potentialAction":[{"@type":"SearchAction","target":{"@type":"EntryPoint","urlTemplate":"https:\/\/serhs.com\/es\/?s={search_term_string}"},"query-input":{"@type":"PropertyValueSpecification","valueRequired":true,"valueName":"search_term_string"}}],"inLanguage":"es"},{"@type":"Organization","@id":"https:\/\/serhs.com\/es\/#organization","name":"SERHS","url":"https:\/\/serhs.com\/es\/","logo":{"@type":"ImageObject","inLanguage":"es","@id":"https:\/\/serhs.com\/es\/#\/schema\/logo\/image\/","url":"https:\/\/serhs.com\/wp-content\/uploads\/2018\/05\/logoSERHS200.png","contentUrl":"https:\/\/serhs.com\/wp-content\/uploads\/2018\/05\/logoSERHS200.png","width":200,"height":67,"caption":"SERHS"},"image":{"@id":"https:\/\/serhs.com\/es\/#\/schema\/logo\/image\/"},"sameAs":["https:\/\/www.facebook.com\/grupserhs","https:\/\/www.linkedin.com\/company\/grup-serhs","https:\/\/www.instagram.com\/serhsoficial\/"]},{"@type":"Person","@id":"https:\/\/serhs.com\/es\/#\/schema\/person\/ab392817d75ed759c372c3f7a40828aa","name":"SOCIAL","url":"https:\/\/serhs.com\/es\/author\/rf\/"}]}},"_links":{"self":[{"href":"https:\/\/serhs.com\/es\/wp-json\/wp\/v2\/posts\/11797","targetHints":{"allow":["GET"]}}],"collection":[{"href":"https:\/\/serhs.com\/es\/wp-json\/wp\/v2\/posts"}],"about":[{"href":"https:\/\/serhs.com\/es\/wp-json\/wp\/v2\/types\/post"}],"author":[{"embeddable":true,"href":"https:\/\/serhs.com\/es\/wp-json\/wp\/v2\/users\/19"}],"replies":[{"embeddable":true,"href":"https:\/\/serhs.com\/es\/wp-json\/wp\/v2\/comments?post=11797"}],"version-history":[{"count":0,"href":"https:\/\/serhs.com\/es\/wp-json\/wp\/v2\/posts\/11797\/revisions"}],"wp:featuredmedia":[{"embeddable":true,"href":"https:\/\/serhs.com\/es\/wp-json\/wp\/v2\/media\/11798"}],"wp:attachment":[{"href":"https:\/\/serhs.com\/es\/wp-json\/wp\/v2\/media?parent=11797"}],"wp:term":[{"taxonomy":"category","embeddable":true,"href":"https:\/\/serhs.com\/es\/wp-json\/wp\/v2\/categories?post=11797"},{"taxonomy":"post_tag","embeddable":true,"href":"https:\/\/serhs.com\/es\/wp-json\/wp\/v2\/tags?post=11797"}],"curies":[{"name":"wp","href":"https:\/\/api.w.org\/{rel}","templated":true}]}}