{"id":11817,"date":"2016-03-14T00:00:12","date_gmt":"2016-03-13T23:00:12","guid":{"rendered":"https:\/\/www.serhs.com\/?p=11817"},"modified":"2018-08-21T12:48:05","modified_gmt":"2018-08-21T10:48:05","slug":"el-hospital-de-campdevanol-reconocido-con-el-certificado-amed","status":"publish","type":"post","link":"https:\/\/serhs.com\/es\/el-hospital-de-campdevanol-reconocido-con-el-certificado-amed\/","title":{"rendered":"El Hospital de Campdev\u00e0nol, reconocido con el certificado AMED"},"content":{"rendered":"<div class=\"justificar\">\n<p>El pasado 12 de marzo, el Hospital de Campdev\u00e0nol recibi\u00f3 por parte de la agencia de Salud P\u00fablica de Catalu\u00f1a, el certificado AMED, que identifica los establecimientos promotores de la alimentaci\u00f3n mediterr\u00e1nea.<\/p>\n<p><img decoding=\"async\" src=\"\/wp-content\/uploads\/2018\/03\/el-hospital-de-campdevanol-reconocido-con-el-certificado-amed.jpg\" alt=\"El Hospital de Campdev\u00e0nol, reconocido con el certificado AMED\" \/><\/p>\n<p>As\u00ed pues, este certificado -que es otorgado por la Agencia de Salud P\u00fablica de Catalu\u00f1a- pone de manifiesto que el comedor laboral del Hospital, gestionado por SERHS Food, ofrece un men\u00fa basado en la dieta mediterr\u00e1nea. Concretamente, se proporciona una oferta variada y equilibrada, con platos de temporada y productos de la tierra. Adem\u00e1s, se tiene especial cuidado de la atenci\u00f3n y la cercan\u00eda con el usuario. Para el personal del centro se propone un men\u00fa con cuatro opciones a elegir de primer plato y dos de segundo, con gran variedad de productos (pasta, verdura, carne, pescado) y postres a base de fruta fresca.<\/p>\n<p>La iniciativa Amed forma parte de las estrategias del Plan Integral para la Promoci\u00f3n de la Salud mediante la Actividad F\u00edsica y la Alimentaci\u00f3n Saludable, PAAS, y tiene como objetivos principales mantener y fomentar la alimentaci\u00f3n mediterr\u00e1nea en el \u00e1mbito de la restauraci\u00f3n colectiva y acreditar e identificar aquellos establecimientos que re\u00fanan unas caracter\u00edsticas concretas, vinculadas al modelo de alimentaci\u00f3n mediterr\u00e1nea, para que la poblaci\u00f3n pueda comer saludablemente fuera de casa.<\/p>\n<p><strong>Joan Gran\u00e9<\/strong>, director gerente del Hospital, ha sido el encargado de recoger el certificado, entregado por Llu\u00eds Picart, director de la Agencia de Salud P\u00fablica de Catalu\u00f1a en Girona. Seg\u00fan explica el Dr. Gran\u00e9, \u00abeste certificado demuestra el inter\u00e9s del Hospital para la salud de sus trabajadores, as\u00ed como para la promoci\u00f3n de h\u00e1bitos saludables\u00bb. Al acto tambi\u00e9n han asistido Joan Riu, responsable del Equipo Territorial de Salud P\u00fablica en el Ripoll\u00e8s, y Jaume Vilarrasa, presidente del Patronato del Hospital.<\/p>\n<p>El comedor laboral del Hospital de Campdev\u00e0nol es el noveno hospital del sistema sanitario integral de utilizaci\u00f3n p\u00fablica de la Regi\u00f3n Sanitaria Girona que se acredita, el 33\u00ba en la demarcaci\u00f3n de Girona y el tercero del Ripoll\u00e8s.<\/p>\n<\/div>\n","protected":false},"excerpt":{"rendered":"<p>El pasado 12 de marzo, el Hospital de Campdev\u00e0nol recibi\u00f3 por parte de la agencia de Salud P\u00fablica de Catalu\u00f1a, <a href=\"https:\/\/serhs.com\/es\/el-hospital-de-campdevanol-reconocido-con-el-certificado-amed\/\"> [&#8230;]<\/a><\/p>\n","protected":false},"author":19,"featured_media":11818,"comment_status":"closed","ping_status":"closed","sticky":false,"template":"","format":"standard","meta":{"footnotes":""},"categories":[11,127],"tags":[],"class_list":["post-11817","post","type-post","status-publish","format-standard","has-post-thumbnail","hentry","category-corporacion-serhs","category-food-es"],"yoast_head":"<!-- This site is optimized with the Yoast SEO plugin v27.5 - https:\/\/yoast.com\/product\/yoast-seo-wordpress\/ -->\n<title>El Hospital de Campdev\u00e0nol, reconocido con el certificado AMED<\/title>\n<meta name=\"description\" content=\"El pasado 12 de marzo, el Hospital de Campdev\u00e0nol recibi\u00f3 por parte de la agencia de Salud P\u00fablica de Catalu\u00f1a, el certificado AMED, que identifica los establecimientos promotores de la alimentaci\u00f3n mediterr\u00e1nea.\" \/>\n<meta name=\"robots\" content=\"index, follow, max-snippet:-1, max-image-preview:large, max-video-preview:-1\" \/>\n<link rel=\"canonical\" href=\"https:\/\/serhs.com\/es\/el-hospital-de-campdevanol-reconocido-con-el-certificado-amed\/\" \/>\n<meta property=\"og:locale\" content=\"es_ES\" \/>\n<meta property=\"og:type\" content=\"article\" \/>\n<meta property=\"og:title\" content=\"El Hospital de Campdev\u00e0nol, reconocido con el certificado AMED\" \/>\n<meta property=\"og:description\" content=\"El pasado 12 de marzo, el Hospital de Campdev\u00e0nol recibi\u00f3 por parte de la agencia de Salud P\u00fablica de Catalu\u00f1a, el certificado AMED, que identifica los establecimientos promotores de la alimentaci\u00f3n mediterr\u00e1nea.\" \/>\n<meta property=\"og:url\" content=\"https:\/\/serhs.com\/es\/el-hospital-de-campdevanol-reconocido-con-el-certificado-amed\/\" \/>\n<meta property=\"og:site_name\" content=\"SERHS\" \/>\n<meta property=\"article:publisher\" content=\"https:\/\/www.facebook.com\/grupserhs\" \/>\n<meta property=\"article:published_time\" content=\"2016-03-13T23:00:12+00:00\" \/>\n<meta property=\"article:modified_time\" content=\"2018-08-21T10:48:05+00:00\" \/>\n<meta property=\"og:image\" content=\"https:\/\/serhs.com\/wp-content\/uploads\/2018\/03\/el-hospital-de-campdevanol-reconocido-con-el-certificado-amed.jpg\" \/>\n\t<meta property=\"og:image:width\" content=\"500\" \/>\n\t<meta property=\"og:image:height\" content=\"225\" \/>\n\t<meta property=\"og:image:type\" content=\"image\/jpeg\" \/>\n<meta name=\"author\" content=\"SOCIAL\" \/>\n<meta name=\"twitter:card\" content=\"summary_large_image\" \/>\n<meta name=\"twitter:label1\" content=\"Escrito por\" \/>\n\t<meta name=\"twitter:data1\" content=\"SOCIAL\" \/>\n\t<meta name=\"twitter:label2\" content=\"Tiempo de lectura\" \/>\n\t<meta name=\"twitter:data2\" content=\"2 minutos\" \/>\n<script type=\"application\/ld+json\" class=\"yoast-schema-graph\">{\"@context\":\"https:\\\/\\\/schema.org\",\"@graph\":[{\"@type\":\"Article\",\"@id\":\"https:\\\/\\\/serhs.com\\\/es\\\/el-hospital-de-campdevanol-reconocido-con-el-certificado-amed\\\/#article\",\"isPartOf\":{\"@id\":\"https:\\\/\\\/serhs.com\\\/es\\\/el-hospital-de-campdevanol-reconocido-con-el-certificado-amed\\\/\"},\"author\":{\"name\":\"SOCIAL\",\"@id\":\"https:\\\/\\\/serhs.com\\\/es\\\/#\\\/schema\\\/person\\\/ab392817d75ed759c372c3f7a40828aa\"},\"headline\":\"El Hospital de Campdev\u00e0nol, reconocido con el certificado AMED\",\"datePublished\":\"2016-03-13T23:00:12+00:00\",\"dateModified\":\"2018-08-21T10:48:05+00:00\",\"mainEntityOfPage\":{\"@id\":\"https:\\\/\\\/serhs.com\\\/es\\\/el-hospital-de-campdevanol-reconocido-con-el-certificado-amed\\\/\"},\"wordCount\":371,\"publisher\":{\"@id\":\"https:\\\/\\\/serhs.com\\\/es\\\/#organization\"},\"image\":{\"@id\":\"https:\\\/\\\/serhs.com\\\/es\\\/el-hospital-de-campdevanol-reconocido-con-el-certificado-amed\\\/#primaryimage\"},\"thumbnailUrl\":\"https:\\\/\\\/serhs.com\\\/wp-content\\\/uploads\\\/2018\\\/03\\\/el-hospital-de-campdevanol-reconocido-con-el-certificado-amed.jpg\",\"articleSection\":[\"Corporaci\u00f3n\",\"Food\"],\"inLanguage\":\"es\"},{\"@type\":\"WebPage\",\"@id\":\"https:\\\/\\\/serhs.com\\\/es\\\/el-hospital-de-campdevanol-reconocido-con-el-certificado-amed\\\/\",\"url\":\"https:\\\/\\\/serhs.com\\\/es\\\/el-hospital-de-campdevanol-reconocido-con-el-certificado-amed\\\/\",\"name\":\"El Hospital de Campdev\u00e0nol, reconocido con el certificado AMED\",\"isPartOf\":{\"@id\":\"https:\\\/\\\/serhs.com\\\/es\\\/#website\"},\"primaryImageOfPage\":{\"@id\":\"https:\\\/\\\/serhs.com\\\/es\\\/el-hospital-de-campdevanol-reconocido-con-el-certificado-amed\\\/#primaryimage\"},\"image\":{\"@id\":\"https:\\\/\\\/serhs.com\\\/es\\\/el-hospital-de-campdevanol-reconocido-con-el-certificado-amed\\\/#primaryimage\"},\"thumbnailUrl\":\"https:\\\/\\\/serhs.com\\\/wp-content\\\/uploads\\\/2018\\\/03\\\/el-hospital-de-campdevanol-reconocido-con-el-certificado-amed.jpg\",\"datePublished\":\"2016-03-13T23:00:12+00:00\",\"dateModified\":\"2018-08-21T10:48:05+00:00\",\"description\":\"El pasado 12 de marzo, el Hospital de Campdev\u00e0nol recibi\u00f3 por parte de la agencia de Salud P\u00fablica de Catalu\u00f1a, el certificado AMED, que identifica los establecimientos promotores de la alimentaci\u00f3n mediterr\u00e1nea.\",\"breadcrumb\":{\"@id\":\"https:\\\/\\\/serhs.com\\\/es\\\/el-hospital-de-campdevanol-reconocido-con-el-certificado-amed\\\/#breadcrumb\"},\"inLanguage\":\"es\",\"potentialAction\":[{\"@type\":\"ReadAction\",\"target\":[\"https:\\\/\\\/serhs.com\\\/es\\\/el-hospital-de-campdevanol-reconocido-con-el-certificado-amed\\\/\"]}]},{\"@type\":\"ImageObject\",\"inLanguage\":\"es\",\"@id\":\"https:\\\/\\\/serhs.com\\\/es\\\/el-hospital-de-campdevanol-reconocido-con-el-certificado-amed\\\/#primaryimage\",\"url\":\"https:\\\/\\\/serhs.com\\\/wp-content\\\/uploads\\\/2018\\\/03\\\/el-hospital-de-campdevanol-reconocido-con-el-certificado-amed.jpg\",\"contentUrl\":\"https:\\\/\\\/serhs.com\\\/wp-content\\\/uploads\\\/2018\\\/03\\\/el-hospital-de-campdevanol-reconocido-con-el-certificado-amed.jpg\",\"width\":500,\"height\":225},{\"@type\":\"BreadcrumbList\",\"@id\":\"https:\\\/\\\/serhs.com\\\/es\\\/el-hospital-de-campdevanol-reconocido-con-el-certificado-amed\\\/#breadcrumb\",\"itemListElement\":[{\"@type\":\"ListItem\",\"position\":1,\"name\":\"Inici\",\"item\":\"https:\\\/\\\/serhs.com\\\/es\\\/\"},{\"@type\":\"ListItem\",\"position\":2,\"name\":\"El Hospital de Campdev\u00e0nol, reconocido con el certificado AMED\"}]},{\"@type\":\"WebSite\",\"@id\":\"https:\\\/\\\/serhs.com\\\/es\\\/#website\",\"url\":\"https:\\\/\\\/serhs.com\\\/es\\\/\",\"name\":\"SERHS\",\"description\":\"El primer grup Tur\u00edstic de Catalunya\",\"publisher\":{\"@id\":\"https:\\\/\\\/serhs.com\\\/es\\\/#organization\"},\"potentialAction\":[{\"@type\":\"SearchAction\",\"target\":{\"@type\":\"EntryPoint\",\"urlTemplate\":\"https:\\\/\\\/serhs.com\\\/es\\\/?s={search_term_string}\"},\"query-input\":{\"@type\":\"PropertyValueSpecification\",\"valueRequired\":true,\"valueName\":\"search_term_string\"}}],\"inLanguage\":\"es\"},{\"@type\":\"Organization\",\"@id\":\"https:\\\/\\\/serhs.com\\\/es\\\/#organization\",\"name\":\"SERHS\",\"url\":\"https:\\\/\\\/serhs.com\\\/es\\\/\",\"logo\":{\"@type\":\"ImageObject\",\"inLanguage\":\"es\",\"@id\":\"https:\\\/\\\/serhs.com\\\/es\\\/#\\\/schema\\\/logo\\\/image\\\/\",\"url\":\"https:\\\/\\\/serhs.com\\\/wp-content\\\/uploads\\\/2018\\\/05\\\/logoSERHS200.png\",\"contentUrl\":\"https:\\\/\\\/serhs.com\\\/wp-content\\\/uploads\\\/2018\\\/05\\\/logoSERHS200.png\",\"width\":200,\"height\":67,\"caption\":\"SERHS\"},\"image\":{\"@id\":\"https:\\\/\\\/serhs.com\\\/es\\\/#\\\/schema\\\/logo\\\/image\\\/\"},\"sameAs\":[\"https:\\\/\\\/www.facebook.com\\\/grupserhs\",\"https:\\\/\\\/www.linkedin.com\\\/company\\\/grup-serhs\",\"https:\\\/\\\/www.instagram.com\\\/serhsoficial\\\/\"]},{\"@type\":\"Person\",\"@id\":\"https:\\\/\\\/serhs.com\\\/es\\\/#\\\/schema\\\/person\\\/ab392817d75ed759c372c3f7a40828aa\",\"name\":\"SOCIAL\",\"url\":\"https:\\\/\\\/serhs.com\\\/es\\\/author\\\/rf\\\/\"}]}<\/script>\n<!-- \/ Yoast SEO plugin. -->","yoast_head_json":{"title":"El Hospital de Campdev\u00e0nol, reconocido con el certificado AMED","description":"El pasado 12 de marzo, el Hospital de Campdev\u00e0nol recibi\u00f3 por parte de la agencia de Salud P\u00fablica de Catalu\u00f1a, el certificado AMED, que identifica los establecimientos promotores de la alimentaci\u00f3n mediterr\u00e1nea.","robots":{"index":"index","follow":"follow","max-snippet":"max-snippet:-1","max-image-preview":"max-image-preview:large","max-video-preview":"max-video-preview:-1"},"canonical":"https:\/\/serhs.com\/es\/el-hospital-de-campdevanol-reconocido-con-el-certificado-amed\/","og_locale":"es_ES","og_type":"article","og_title":"El Hospital de Campdev\u00e0nol, reconocido con el certificado AMED","og_description":"El pasado 12 de marzo, el Hospital de Campdev\u00e0nol recibi\u00f3 por parte de la agencia de Salud P\u00fablica de Catalu\u00f1a, el certificado AMED, que identifica los establecimientos promotores de la alimentaci\u00f3n mediterr\u00e1nea.","og_url":"https:\/\/serhs.com\/es\/el-hospital-de-campdevanol-reconocido-con-el-certificado-amed\/","og_site_name":"SERHS","article_publisher":"https:\/\/www.facebook.com\/grupserhs","article_published_time":"2016-03-13T23:00:12+00:00","article_modified_time":"2018-08-21T10:48:05+00:00","og_image":[{"width":500,"height":225,"url":"https:\/\/serhs.com\/wp-content\/uploads\/2018\/03\/el-hospital-de-campdevanol-reconocido-con-el-certificado-amed.jpg","type":"image\/jpeg"}],"author":"SOCIAL","twitter_card":"summary_large_image","twitter_misc":{"Escrito por":"SOCIAL","Tiempo de lectura":"2 minutos"},"schema":{"@context":"https:\/\/schema.org","@graph":[{"@type":"Article","@id":"https:\/\/serhs.com\/es\/el-hospital-de-campdevanol-reconocido-con-el-certificado-amed\/#article","isPartOf":{"@id":"https:\/\/serhs.com\/es\/el-hospital-de-campdevanol-reconocido-con-el-certificado-amed\/"},"author":{"name":"SOCIAL","@id":"https:\/\/serhs.com\/es\/#\/schema\/person\/ab392817d75ed759c372c3f7a40828aa"},"headline":"El Hospital de Campdev\u00e0nol, reconocido con el certificado AMED","datePublished":"2016-03-13T23:00:12+00:00","dateModified":"2018-08-21T10:48:05+00:00","mainEntityOfPage":{"@id":"https:\/\/serhs.com\/es\/el-hospital-de-campdevanol-reconocido-con-el-certificado-amed\/"},"wordCount":371,"publisher":{"@id":"https:\/\/serhs.com\/es\/#organization"},"image":{"@id":"https:\/\/serhs.com\/es\/el-hospital-de-campdevanol-reconocido-con-el-certificado-amed\/#primaryimage"},"thumbnailUrl":"https:\/\/serhs.com\/wp-content\/uploads\/2018\/03\/el-hospital-de-campdevanol-reconocido-con-el-certificado-amed.jpg","articleSection":["Corporaci\u00f3n","Food"],"inLanguage":"es"},{"@type":"WebPage","@id":"https:\/\/serhs.com\/es\/el-hospital-de-campdevanol-reconocido-con-el-certificado-amed\/","url":"https:\/\/serhs.com\/es\/el-hospital-de-campdevanol-reconocido-con-el-certificado-amed\/","name":"El Hospital de Campdev\u00e0nol, reconocido con el certificado AMED","isPartOf":{"@id":"https:\/\/serhs.com\/es\/#website"},"primaryImageOfPage":{"@id":"https:\/\/serhs.com\/es\/el-hospital-de-campdevanol-reconocido-con-el-certificado-amed\/#primaryimage"},"image":{"@id":"https:\/\/serhs.com\/es\/el-hospital-de-campdevanol-reconocido-con-el-certificado-amed\/#primaryimage"},"thumbnailUrl":"https:\/\/serhs.com\/wp-content\/uploads\/2018\/03\/el-hospital-de-campdevanol-reconocido-con-el-certificado-amed.jpg","datePublished":"2016-03-13T23:00:12+00:00","dateModified":"2018-08-21T10:48:05+00:00","description":"El pasado 12 de marzo, el Hospital de Campdev\u00e0nol recibi\u00f3 por parte de la agencia de Salud P\u00fablica de Catalu\u00f1a, el certificado AMED, que identifica los establecimientos promotores de la alimentaci\u00f3n mediterr\u00e1nea.","breadcrumb":{"@id":"https:\/\/serhs.com\/es\/el-hospital-de-campdevanol-reconocido-con-el-certificado-amed\/#breadcrumb"},"inLanguage":"es","potentialAction":[{"@type":"ReadAction","target":["https:\/\/serhs.com\/es\/el-hospital-de-campdevanol-reconocido-con-el-certificado-amed\/"]}]},{"@type":"ImageObject","inLanguage":"es","@id":"https:\/\/serhs.com\/es\/el-hospital-de-campdevanol-reconocido-con-el-certificado-amed\/#primaryimage","url":"https:\/\/serhs.com\/wp-content\/uploads\/2018\/03\/el-hospital-de-campdevanol-reconocido-con-el-certificado-amed.jpg","contentUrl":"https:\/\/serhs.com\/wp-content\/uploads\/2018\/03\/el-hospital-de-campdevanol-reconocido-con-el-certificado-amed.jpg","width":500,"height":225},{"@type":"BreadcrumbList","@id":"https:\/\/serhs.com\/es\/el-hospital-de-campdevanol-reconocido-con-el-certificado-amed\/#breadcrumb","itemListElement":[{"@type":"ListItem","position":1,"name":"Inici","item":"https:\/\/serhs.com\/es\/"},{"@type":"ListItem","position":2,"name":"El Hospital de Campdev\u00e0nol, reconocido con el certificado AMED"}]},{"@type":"WebSite","@id":"https:\/\/serhs.com\/es\/#website","url":"https:\/\/serhs.com\/es\/","name":"SERHS","description":"El primer grup Tur\u00edstic de Catalunya","publisher":{"@id":"https:\/\/serhs.com\/es\/#organization"},"potentialAction":[{"@type":"SearchAction","target":{"@type":"EntryPoint","urlTemplate":"https:\/\/serhs.com\/es\/?s={search_term_string}"},"query-input":{"@type":"PropertyValueSpecification","valueRequired":true,"valueName":"search_term_string"}}],"inLanguage":"es"},{"@type":"Organization","@id":"https:\/\/serhs.com\/es\/#organization","name":"SERHS","url":"https:\/\/serhs.com\/es\/","logo":{"@type":"ImageObject","inLanguage":"es","@id":"https:\/\/serhs.com\/es\/#\/schema\/logo\/image\/","url":"https:\/\/serhs.com\/wp-content\/uploads\/2018\/05\/logoSERHS200.png","contentUrl":"https:\/\/serhs.com\/wp-content\/uploads\/2018\/05\/logoSERHS200.png","width":200,"height":67,"caption":"SERHS"},"image":{"@id":"https:\/\/serhs.com\/es\/#\/schema\/logo\/image\/"},"sameAs":["https:\/\/www.facebook.com\/grupserhs","https:\/\/www.linkedin.com\/company\/grup-serhs","https:\/\/www.instagram.com\/serhsoficial\/"]},{"@type":"Person","@id":"https:\/\/serhs.com\/es\/#\/schema\/person\/ab392817d75ed759c372c3f7a40828aa","name":"SOCIAL","url":"https:\/\/serhs.com\/es\/author\/rf\/"}]}},"_links":{"self":[{"href":"https:\/\/serhs.com\/es\/wp-json\/wp\/v2\/posts\/11817","targetHints":{"allow":["GET"]}}],"collection":[{"href":"https:\/\/serhs.com\/es\/wp-json\/wp\/v2\/posts"}],"about":[{"href":"https:\/\/serhs.com\/es\/wp-json\/wp\/v2\/types\/post"}],"author":[{"embeddable":true,"href":"https:\/\/serhs.com\/es\/wp-json\/wp\/v2\/users\/19"}],"replies":[{"embeddable":true,"href":"https:\/\/serhs.com\/es\/wp-json\/wp\/v2\/comments?post=11817"}],"version-history":[{"count":0,"href":"https:\/\/serhs.com\/es\/wp-json\/wp\/v2\/posts\/11817\/revisions"}],"wp:featuredmedia":[{"embeddable":true,"href":"https:\/\/serhs.com\/es\/wp-json\/wp\/v2\/media\/11818"}],"wp:attachment":[{"href":"https:\/\/serhs.com\/es\/wp-json\/wp\/v2\/media?parent=11817"}],"wp:term":[{"taxonomy":"category","embeddable":true,"href":"https:\/\/serhs.com\/es\/wp-json\/wp\/v2\/categories?post=11817"},{"taxonomy":"post_tag","embeddable":true,"href":"https:\/\/serhs.com\/es\/wp-json\/wp\/v2\/tags?post=11817"}],"curies":[{"name":"wp","href":"https:\/\/api.w.org\/{rel}","templated":true}]}}