{"id":11835,"date":"2016-02-26T00:00:43","date_gmt":"2016-02-25T23:00:43","guid":{"rendered":"https:\/\/www.serhs.com\/?p=11835"},"modified":"2018-08-21T13:15:16","modified_gmt":"2018-08-21T11:15:16","slug":"serhs-distribucion-ponente-en-la-jornada-del-icil-sobre-la-aplicacion-practica-de-la-huella-del-carbono-en-el-transporte-de-mercancias","status":"publish","type":"post","link":"https:\/\/serhs.com\/es\/serhs-distribucion-ponente-en-la-jornada-del-icil-sobre-la-aplicacion-practica-de-la-huella-del-carbono-en-el-transporte-de-mercancias\/","title":{"rendered":"SERHS Distribuci\u00f3n, ponente en la jornada del ICIL sobre la Aplicaci\u00f3n pr\u00e1ctica de la huella del carbono en el transporte de mercanc\u00edas"},"content":{"rendered":"<div class=\"justificar\">\n<p>El d\u00eda 16 de febrero en la sede del ICIL de Barcelona (conocido como el Instituto Catal\u00e1n de Log\u00edstica) , se llev\u00f3 a cabo la jornada sobre la Aplicaci\u00f3n pr\u00e1ctica de la huella del carbono en el transporte de mercanc\u00edas, subvencionada por el Ministerio de Fomento de Espa\u00f1a y que acogi\u00f3 un significativo n\u00famero de profesionales del sector.<\/p>\n<p><img decoding=\"async\" src=\"\/wp-content\/uploads\/2018\/03\/serhs-distribucion-ponente-en-la-jornada-del-icil-sobre-la-aplicacion-practica-de-la-huella-del-carbono-en-el-transporte-de-mercancias.jpg\" alt=\"SERHS Distribuci\u00f3n, ponente en la jornada del ICIL sobre la Aplicaci\u00f3n pr\u00e1ctica de la huella del carbono en el transporte de mercanc\u00edas\" \/><\/p>\n<p>Gerard Palmada, director de Plataformas de SERHS DISTRIBUCI\u00d3N, particip\u00f3 como ponente explicando la experiencia e implantaci\u00f3n en nuestras plataformas, ra\u00edz de la adhesi\u00f3n hace 3 a\u00f1os en el programa de acuerdos voluntarios de reducci\u00f3n de CO2 impulsado por la Generalitat de Catalu\u00f1a. Concretamente la mejora se ha realizado en Barcelona y Tarragona reduciendo el consumo en electricidad de alumbrado y gas\u00f3leo para renovaci\u00f3n de flota.<\/p>\n<p>Las nuevas sensibilidades sociales y la regulaci\u00f3n jur\u00eddica de la sostenibilidad ambiental supondr\u00e1n la aparici\u00f3n de nuevos requisitos para las empresas. El c\u00e1lculo de la Huella de carbono (CO2) asociada a los productos va a constituir una obligaci\u00f3n empresarial en un futuro pr\u00f3ximo. De manera significativa el impacto asociado al transporte de mercanc\u00edas. Hoy es ya un factor de responsabilidad social corporativa. Las empresas punteras y m\u00e1s sensibles a las demandas sociales est\u00e1n desarrollando sus sistemas de c\u00e1lculo.<\/p>\n<p>La Jornada reuni\u00f3 a expertos de diversas empresas para exponer las respectivas experiencias en este \u00e1mbito y poder intercambiar opiniones y buenas pr\u00e1cticas al respecto. Directivos de Unilever, Nestl\u00e9, Puerto de Barcelona, Caja, Instituto Cerd\u00e0 y Logifrio entre otros estuvieron presentes.<\/p>\n<p>No todas las compa\u00f1\u00edas se encuentran en el mismo estadio de c\u00e1lculo o reducci\u00f3n de sus emisiones, se trata de conocer y compartir esta situaci\u00f3n diversa para que m\u00e1s empresas se decidan a emprender la toma de datos para as\u00ed poder tomar medidas de reducci\u00f3n y control. La actividad de transporte supone uno de los factores m\u00e1s destacados de la emisi\u00f3n de gases de efecto invernadero, por lo que tiene sentido pensar c\u00f3mo se puede actuar sobre este factor para su reducci\u00f3n.<\/p>\n<p>Nacido en Barcelona como \u00abInstituto Catal\u00e1n de Log\u00edstica\u00bb, como foro de encuentro y discusi\u00f3n de profesionales log\u00edsticos, tiene actualmente como asociados a m\u00e1s de 1200 profesionales distribuidos en 14 comunidades aut\u00f3nomas y cuenta con sus propias en Barcelona, Madrid y Bilbao. Desde hace a\u00f1os es el referente de excelencia en formaci\u00f3n log\u00edstica y en los \u00faltimos 30 a\u00f1os ha formado a m\u00e1s de 15.000 profesionales que hoy ocupan importantes puestos directivos en las empresas, entre ellas Serhs Distribuci\u00f3n.<\/p>\n<\/div>\n","protected":false},"excerpt":{"rendered":"<p>El d\u00eda 16 de febrero en la sede del ICIL de Barcelona (conocido como el Instituto Catal\u00e1n de Log\u00edstica) , <a href=\"https:\/\/serhs.com\/es\/serhs-distribucion-ponente-en-la-jornada-del-icil-sobre-la-aplicacion-practica-de-la-huella-del-carbono-en-el-transporte-de-mercancias\/\"> [&#8230;]<\/a><\/p>\n","protected":false},"author":19,"featured_media":11836,"comment_status":"closed","ping_status":"closed","sticky":false,"template":"","format":"standard","meta":{"footnotes":""},"categories":[11,126],"tags":[],"class_list":["post-11835","post","type-post","status-publish","format-standard","has-post-thumbnail","hentry","category-corporacion-serhs","category-distribucion"],"yoast_head":"<!-- This site is optimized with the Yoast SEO plugin v27.5 - https:\/\/yoast.com\/product\/yoast-seo-wordpress\/ -->\n<title>SERHS Distribuci\u00f3n, ponente en la jornada del ICIL<\/title>\n<meta name=\"description\" content=\"El d\u00eda 16 de febrero en la sede del ICIL de Barcelona (conocido como el Instituto Catal\u00e1n de Log\u00edstica) , se llev\u00f3 a cabo la jornada sobre la Aplicaci\u00f3n pr\u00e1ctica de la huella del carbono en el transporte de mercanc\u00edas, subvencionada por el Ministerio de Fomento de Espa\u00f1a y que acogi\u00f3 un significativo n\u00famero de...\" \/>\n<meta name=\"robots\" content=\"index, follow, max-snippet:-1, max-image-preview:large, max-video-preview:-1\" \/>\n<link rel=\"canonical\" href=\"https:\/\/serhs.com\/es\/serhs-distribucion-ponente-en-la-jornada-del-icil-sobre-la-aplicacion-practica-de-la-huella-del-carbono-en-el-transporte-de-mercancias\/\" \/>\n<meta property=\"og:locale\" content=\"es_ES\" \/>\n<meta property=\"og:type\" content=\"article\" \/>\n<meta property=\"og:title\" content=\"SERHS Distribuci\u00f3n, ponente en la jornada del ICIL\" \/>\n<meta property=\"og:description\" content=\"El d\u00eda 16 de febrero en la sede del ICIL de Barcelona (conocido como el Instituto Catal\u00e1n de Log\u00edstica) , se llev\u00f3 a cabo la jornada sobre la Aplicaci\u00f3n pr\u00e1ctica de la huella del carbono en el transporte de mercanc\u00edas, subvencionada por el Ministerio de Fomento de Espa\u00f1a y que acogi\u00f3 un significativo n\u00famero de...\" \/>\n<meta property=\"og:url\" content=\"https:\/\/serhs.com\/es\/serhs-distribucion-ponente-en-la-jornada-del-icil-sobre-la-aplicacion-practica-de-la-huella-del-carbono-en-el-transporte-de-mercancias\/\" \/>\n<meta property=\"og:site_name\" content=\"SERHS\" \/>\n<meta property=\"article:publisher\" content=\"https:\/\/www.facebook.com\/grupserhs\" \/>\n<meta property=\"article:published_time\" content=\"2016-02-25T23:00:43+00:00\" \/>\n<meta property=\"article:modified_time\" content=\"2018-08-21T11:15:16+00:00\" \/>\n<meta property=\"og:image\" content=\"https:\/\/serhs.com\/wp-content\/uploads\/2018\/03\/serhs-distribucion-ponente-en-la-jornada-del-icil-sobre-la-aplicacion-practica-de-la-huella-del-carbono-en-el-transporte-de-mercancias.jpg\" \/>\n\t<meta property=\"og:image:width\" content=\"462\" \/>\n\t<meta property=\"og:image:height\" content=\"400\" \/>\n\t<meta property=\"og:image:type\" content=\"image\/jpeg\" \/>\n<meta name=\"author\" content=\"SOCIAL\" \/>\n<meta name=\"twitter:card\" content=\"summary_large_image\" \/>\n<meta name=\"twitter:label1\" content=\"Escrito por\" \/>\n\t<meta name=\"twitter:data1\" content=\"SOCIAL\" \/>\n\t<meta name=\"twitter:label2\" content=\"Tiempo de lectura\" \/>\n\t<meta name=\"twitter:data2\" content=\"2 minutos\" \/>\n<script type=\"application\/ld+json\" class=\"yoast-schema-graph\">{\"@context\":\"https:\\\/\\\/schema.org\",\"@graph\":[{\"@type\":\"Article\",\"@id\":\"https:\\\/\\\/serhs.com\\\/es\\\/serhs-distribucion-ponente-en-la-jornada-del-icil-sobre-la-aplicacion-practica-de-la-huella-del-carbono-en-el-transporte-de-mercancias\\\/#article\",\"isPartOf\":{\"@id\":\"https:\\\/\\\/serhs.com\\\/es\\\/serhs-distribucion-ponente-en-la-jornada-del-icil-sobre-la-aplicacion-practica-de-la-huella-del-carbono-en-el-transporte-de-mercancias\\\/\"},\"author\":{\"name\":\"SOCIAL\",\"@id\":\"https:\\\/\\\/serhs.com\\\/es\\\/#\\\/schema\\\/person\\\/ab392817d75ed759c372c3f7a40828aa\"},\"headline\":\"SERHS Distribuci\u00f3n, ponente en la jornada del ICIL sobre la Aplicaci\u00f3n pr\u00e1ctica de la huella del carbono en el transporte de mercanc\u00edas\",\"datePublished\":\"2016-02-25T23:00:43+00:00\",\"dateModified\":\"2018-08-21T11:15:16+00:00\",\"mainEntityOfPage\":{\"@id\":\"https:\\\/\\\/serhs.com\\\/es\\\/serhs-distribucion-ponente-en-la-jornada-del-icil-sobre-la-aplicacion-practica-de-la-huella-del-carbono-en-el-transporte-de-mercancias\\\/\"},\"wordCount\":472,\"publisher\":{\"@id\":\"https:\\\/\\\/serhs.com\\\/es\\\/#organization\"},\"image\":{\"@id\":\"https:\\\/\\\/serhs.com\\\/es\\\/serhs-distribucion-ponente-en-la-jornada-del-icil-sobre-la-aplicacion-practica-de-la-huella-del-carbono-en-el-transporte-de-mercancias\\\/#primaryimage\"},\"thumbnailUrl\":\"https:\\\/\\\/serhs.com\\\/wp-content\\\/uploads\\\/2018\\\/03\\\/serhs-distribucion-ponente-en-la-jornada-del-icil-sobre-la-aplicacion-practica-de-la-huella-del-carbono-en-el-transporte-de-mercancias.jpg\",\"articleSection\":[\"Corporaci\u00f3n\",\"Distribuci\u00f3n\"],\"inLanguage\":\"es\"},{\"@type\":\"WebPage\",\"@id\":\"https:\\\/\\\/serhs.com\\\/es\\\/serhs-distribucion-ponente-en-la-jornada-del-icil-sobre-la-aplicacion-practica-de-la-huella-del-carbono-en-el-transporte-de-mercancias\\\/\",\"url\":\"https:\\\/\\\/serhs.com\\\/es\\\/serhs-distribucion-ponente-en-la-jornada-del-icil-sobre-la-aplicacion-practica-de-la-huella-del-carbono-en-el-transporte-de-mercancias\\\/\",\"name\":\"SERHS Distribuci\u00f3n, ponente en la jornada del ICIL\",\"isPartOf\":{\"@id\":\"https:\\\/\\\/serhs.com\\\/es\\\/#website\"},\"primaryImageOfPage\":{\"@id\":\"https:\\\/\\\/serhs.com\\\/es\\\/serhs-distribucion-ponente-en-la-jornada-del-icil-sobre-la-aplicacion-practica-de-la-huella-del-carbono-en-el-transporte-de-mercancias\\\/#primaryimage\"},\"image\":{\"@id\":\"https:\\\/\\\/serhs.com\\\/es\\\/serhs-distribucion-ponente-en-la-jornada-del-icil-sobre-la-aplicacion-practica-de-la-huella-del-carbono-en-el-transporte-de-mercancias\\\/#primaryimage\"},\"thumbnailUrl\":\"https:\\\/\\\/serhs.com\\\/wp-content\\\/uploads\\\/2018\\\/03\\\/serhs-distribucion-ponente-en-la-jornada-del-icil-sobre-la-aplicacion-practica-de-la-huella-del-carbono-en-el-transporte-de-mercancias.jpg\",\"datePublished\":\"2016-02-25T23:00:43+00:00\",\"dateModified\":\"2018-08-21T11:15:16+00:00\",\"description\":\"El d\u00eda 16 de febrero en la sede del ICIL de Barcelona (conocido como el Instituto Catal\u00e1n de Log\u00edstica) , se llev\u00f3 a cabo la jornada sobre la Aplicaci\u00f3n pr\u00e1ctica de la huella del carbono en el transporte de mercanc\u00edas, subvencionada por el Ministerio de Fomento de Espa\u00f1a y que acogi\u00f3 un significativo n\u00famero de...\",\"breadcrumb\":{\"@id\":\"https:\\\/\\\/serhs.com\\\/es\\\/serhs-distribucion-ponente-en-la-jornada-del-icil-sobre-la-aplicacion-practica-de-la-huella-del-carbono-en-el-transporte-de-mercancias\\\/#breadcrumb\"},\"inLanguage\":\"es\",\"potentialAction\":[{\"@type\":\"ReadAction\",\"target\":[\"https:\\\/\\\/serhs.com\\\/es\\\/serhs-distribucion-ponente-en-la-jornada-del-icil-sobre-la-aplicacion-practica-de-la-huella-del-carbono-en-el-transporte-de-mercancias\\\/\"]}]},{\"@type\":\"ImageObject\",\"inLanguage\":\"es\",\"@id\":\"https:\\\/\\\/serhs.com\\\/es\\\/serhs-distribucion-ponente-en-la-jornada-del-icil-sobre-la-aplicacion-practica-de-la-huella-del-carbono-en-el-transporte-de-mercancias\\\/#primaryimage\",\"url\":\"https:\\\/\\\/serhs.com\\\/wp-content\\\/uploads\\\/2018\\\/03\\\/serhs-distribucion-ponente-en-la-jornada-del-icil-sobre-la-aplicacion-practica-de-la-huella-del-carbono-en-el-transporte-de-mercancias.jpg\",\"contentUrl\":\"https:\\\/\\\/serhs.com\\\/wp-content\\\/uploads\\\/2018\\\/03\\\/serhs-distribucion-ponente-en-la-jornada-del-icil-sobre-la-aplicacion-practica-de-la-huella-del-carbono-en-el-transporte-de-mercancias.jpg\",\"width\":462,\"height\":400,\"caption\":\"SERHS refor\u00e7a la seva posici\u00f3 en la distribuci\u00f3 HORECA\"},{\"@type\":\"BreadcrumbList\",\"@id\":\"https:\\\/\\\/serhs.com\\\/es\\\/serhs-distribucion-ponente-en-la-jornada-del-icil-sobre-la-aplicacion-practica-de-la-huella-del-carbono-en-el-transporte-de-mercancias\\\/#breadcrumb\",\"itemListElement\":[{\"@type\":\"ListItem\",\"position\":1,\"name\":\"Inici\",\"item\":\"https:\\\/\\\/serhs.com\\\/es\\\/\"},{\"@type\":\"ListItem\",\"position\":2,\"name\":\"SERHS Distribuci\u00f3n, ponente en la jornada del ICIL sobre la Aplicaci\u00f3n pr\u00e1ctica de la huella del carbono en el transporte de mercanc\u00edas\"}]},{\"@type\":\"WebSite\",\"@id\":\"https:\\\/\\\/serhs.com\\\/es\\\/#website\",\"url\":\"https:\\\/\\\/serhs.com\\\/es\\\/\",\"name\":\"SERHS\",\"description\":\"El primer grup Tur\u00edstic de Catalunya\",\"publisher\":{\"@id\":\"https:\\\/\\\/serhs.com\\\/es\\\/#organization\"},\"potentialAction\":[{\"@type\":\"SearchAction\",\"target\":{\"@type\":\"EntryPoint\",\"urlTemplate\":\"https:\\\/\\\/serhs.com\\\/es\\\/?s={search_term_string}\"},\"query-input\":{\"@type\":\"PropertyValueSpecification\",\"valueRequired\":true,\"valueName\":\"search_term_string\"}}],\"inLanguage\":\"es\"},{\"@type\":\"Organization\",\"@id\":\"https:\\\/\\\/serhs.com\\\/es\\\/#organization\",\"name\":\"SERHS\",\"url\":\"https:\\\/\\\/serhs.com\\\/es\\\/\",\"logo\":{\"@type\":\"ImageObject\",\"inLanguage\":\"es\",\"@id\":\"https:\\\/\\\/serhs.com\\\/es\\\/#\\\/schema\\\/logo\\\/image\\\/\",\"url\":\"https:\\\/\\\/serhs.com\\\/wp-content\\\/uploads\\\/2018\\\/05\\\/logoSERHS200.png\",\"contentUrl\":\"https:\\\/\\\/serhs.com\\\/wp-content\\\/uploads\\\/2018\\\/05\\\/logoSERHS200.png\",\"width\":200,\"height\":67,\"caption\":\"SERHS\"},\"image\":{\"@id\":\"https:\\\/\\\/serhs.com\\\/es\\\/#\\\/schema\\\/logo\\\/image\\\/\"},\"sameAs\":[\"https:\\\/\\\/www.facebook.com\\\/grupserhs\",\"https:\\\/\\\/www.linkedin.com\\\/company\\\/grup-serhs\",\"https:\\\/\\\/www.instagram.com\\\/serhsoficial\\\/\"]},{\"@type\":\"Person\",\"@id\":\"https:\\\/\\\/serhs.com\\\/es\\\/#\\\/schema\\\/person\\\/ab392817d75ed759c372c3f7a40828aa\",\"name\":\"SOCIAL\",\"url\":\"https:\\\/\\\/serhs.com\\\/es\\\/author\\\/rf\\\/\"}]}<\/script>\n<!-- \/ Yoast SEO plugin. -->","yoast_head_json":{"title":"SERHS Distribuci\u00f3n, ponente en la jornada del ICIL","description":"El d\u00eda 16 de febrero en la sede del ICIL de Barcelona (conocido como el Instituto Catal\u00e1n de Log\u00edstica) , se llev\u00f3 a cabo la jornada sobre la Aplicaci\u00f3n pr\u00e1ctica de la huella del carbono en el transporte de mercanc\u00edas, subvencionada por el Ministerio de Fomento de Espa\u00f1a y que acogi\u00f3 un significativo n\u00famero de...","robots":{"index":"index","follow":"follow","max-snippet":"max-snippet:-1","max-image-preview":"max-image-preview:large","max-video-preview":"max-video-preview:-1"},"canonical":"https:\/\/serhs.com\/es\/serhs-distribucion-ponente-en-la-jornada-del-icil-sobre-la-aplicacion-practica-de-la-huella-del-carbono-en-el-transporte-de-mercancias\/","og_locale":"es_ES","og_type":"article","og_title":"SERHS Distribuci\u00f3n, ponente en la jornada del ICIL","og_description":"El d\u00eda 16 de febrero en la sede del ICIL de Barcelona (conocido como el Instituto Catal\u00e1n de Log\u00edstica) , se llev\u00f3 a cabo la jornada sobre la Aplicaci\u00f3n pr\u00e1ctica de la huella del carbono en el transporte de mercanc\u00edas, subvencionada por el Ministerio de Fomento de Espa\u00f1a y que acogi\u00f3 un significativo n\u00famero de...","og_url":"https:\/\/serhs.com\/es\/serhs-distribucion-ponente-en-la-jornada-del-icil-sobre-la-aplicacion-practica-de-la-huella-del-carbono-en-el-transporte-de-mercancias\/","og_site_name":"SERHS","article_publisher":"https:\/\/www.facebook.com\/grupserhs","article_published_time":"2016-02-25T23:00:43+00:00","article_modified_time":"2018-08-21T11:15:16+00:00","og_image":[{"width":462,"height":400,"url":"https:\/\/serhs.com\/wp-content\/uploads\/2018\/03\/serhs-distribucion-ponente-en-la-jornada-del-icil-sobre-la-aplicacion-practica-de-la-huella-del-carbono-en-el-transporte-de-mercancias.jpg","type":"image\/jpeg"}],"author":"SOCIAL","twitter_card":"summary_large_image","twitter_misc":{"Escrito por":"SOCIAL","Tiempo de lectura":"2 minutos"},"schema":{"@context":"https:\/\/schema.org","@graph":[{"@type":"Article","@id":"https:\/\/serhs.com\/es\/serhs-distribucion-ponente-en-la-jornada-del-icil-sobre-la-aplicacion-practica-de-la-huella-del-carbono-en-el-transporte-de-mercancias\/#article","isPartOf":{"@id":"https:\/\/serhs.com\/es\/serhs-distribucion-ponente-en-la-jornada-del-icil-sobre-la-aplicacion-practica-de-la-huella-del-carbono-en-el-transporte-de-mercancias\/"},"author":{"name":"SOCIAL","@id":"https:\/\/serhs.com\/es\/#\/schema\/person\/ab392817d75ed759c372c3f7a40828aa"},"headline":"SERHS Distribuci\u00f3n, ponente en la jornada del ICIL sobre la Aplicaci\u00f3n pr\u00e1ctica de la huella del carbono en el transporte de mercanc\u00edas","datePublished":"2016-02-25T23:00:43+00:00","dateModified":"2018-08-21T11:15:16+00:00","mainEntityOfPage":{"@id":"https:\/\/serhs.com\/es\/serhs-distribucion-ponente-en-la-jornada-del-icil-sobre-la-aplicacion-practica-de-la-huella-del-carbono-en-el-transporte-de-mercancias\/"},"wordCount":472,"publisher":{"@id":"https:\/\/serhs.com\/es\/#organization"},"image":{"@id":"https:\/\/serhs.com\/es\/serhs-distribucion-ponente-en-la-jornada-del-icil-sobre-la-aplicacion-practica-de-la-huella-del-carbono-en-el-transporte-de-mercancias\/#primaryimage"},"thumbnailUrl":"https:\/\/serhs.com\/wp-content\/uploads\/2018\/03\/serhs-distribucion-ponente-en-la-jornada-del-icil-sobre-la-aplicacion-practica-de-la-huella-del-carbono-en-el-transporte-de-mercancias.jpg","articleSection":["Corporaci\u00f3n","Distribuci\u00f3n"],"inLanguage":"es"},{"@type":"WebPage","@id":"https:\/\/serhs.com\/es\/serhs-distribucion-ponente-en-la-jornada-del-icil-sobre-la-aplicacion-practica-de-la-huella-del-carbono-en-el-transporte-de-mercancias\/","url":"https:\/\/serhs.com\/es\/serhs-distribucion-ponente-en-la-jornada-del-icil-sobre-la-aplicacion-practica-de-la-huella-del-carbono-en-el-transporte-de-mercancias\/","name":"SERHS Distribuci\u00f3n, ponente en la jornada del ICIL","isPartOf":{"@id":"https:\/\/serhs.com\/es\/#website"},"primaryImageOfPage":{"@id":"https:\/\/serhs.com\/es\/serhs-distribucion-ponente-en-la-jornada-del-icil-sobre-la-aplicacion-practica-de-la-huella-del-carbono-en-el-transporte-de-mercancias\/#primaryimage"},"image":{"@id":"https:\/\/serhs.com\/es\/serhs-distribucion-ponente-en-la-jornada-del-icil-sobre-la-aplicacion-practica-de-la-huella-del-carbono-en-el-transporte-de-mercancias\/#primaryimage"},"thumbnailUrl":"https:\/\/serhs.com\/wp-content\/uploads\/2018\/03\/serhs-distribucion-ponente-en-la-jornada-del-icil-sobre-la-aplicacion-practica-de-la-huella-del-carbono-en-el-transporte-de-mercancias.jpg","datePublished":"2016-02-25T23:00:43+00:00","dateModified":"2018-08-21T11:15:16+00:00","description":"El d\u00eda 16 de febrero en la sede del ICIL de Barcelona (conocido como el Instituto Catal\u00e1n de Log\u00edstica) , se llev\u00f3 a cabo la jornada sobre la Aplicaci\u00f3n pr\u00e1ctica de la huella del carbono en el transporte de mercanc\u00edas, subvencionada por el Ministerio de Fomento de Espa\u00f1a y que acogi\u00f3 un significativo n\u00famero de...","breadcrumb":{"@id":"https:\/\/serhs.com\/es\/serhs-distribucion-ponente-en-la-jornada-del-icil-sobre-la-aplicacion-practica-de-la-huella-del-carbono-en-el-transporte-de-mercancias\/#breadcrumb"},"inLanguage":"es","potentialAction":[{"@type":"ReadAction","target":["https:\/\/serhs.com\/es\/serhs-distribucion-ponente-en-la-jornada-del-icil-sobre-la-aplicacion-practica-de-la-huella-del-carbono-en-el-transporte-de-mercancias\/"]}]},{"@type":"ImageObject","inLanguage":"es","@id":"https:\/\/serhs.com\/es\/serhs-distribucion-ponente-en-la-jornada-del-icil-sobre-la-aplicacion-practica-de-la-huella-del-carbono-en-el-transporte-de-mercancias\/#primaryimage","url":"https:\/\/serhs.com\/wp-content\/uploads\/2018\/03\/serhs-distribucion-ponente-en-la-jornada-del-icil-sobre-la-aplicacion-practica-de-la-huella-del-carbono-en-el-transporte-de-mercancias.jpg","contentUrl":"https:\/\/serhs.com\/wp-content\/uploads\/2018\/03\/serhs-distribucion-ponente-en-la-jornada-del-icil-sobre-la-aplicacion-practica-de-la-huella-del-carbono-en-el-transporte-de-mercancias.jpg","width":462,"height":400,"caption":"SERHS refor\u00e7a la seva posici\u00f3 en la distribuci\u00f3 HORECA"},{"@type":"BreadcrumbList","@id":"https:\/\/serhs.com\/es\/serhs-distribucion-ponente-en-la-jornada-del-icil-sobre-la-aplicacion-practica-de-la-huella-del-carbono-en-el-transporte-de-mercancias\/#breadcrumb","itemListElement":[{"@type":"ListItem","position":1,"name":"Inici","item":"https:\/\/serhs.com\/es\/"},{"@type":"ListItem","position":2,"name":"SERHS Distribuci\u00f3n, ponente en la jornada del ICIL sobre la Aplicaci\u00f3n pr\u00e1ctica de la huella del carbono en el transporte de mercanc\u00edas"}]},{"@type":"WebSite","@id":"https:\/\/serhs.com\/es\/#website","url":"https:\/\/serhs.com\/es\/","name":"SERHS","description":"El primer grup Tur\u00edstic de Catalunya","publisher":{"@id":"https:\/\/serhs.com\/es\/#organization"},"potentialAction":[{"@type":"SearchAction","target":{"@type":"EntryPoint","urlTemplate":"https:\/\/serhs.com\/es\/?s={search_term_string}"},"query-input":{"@type":"PropertyValueSpecification","valueRequired":true,"valueName":"search_term_string"}}],"inLanguage":"es"},{"@type":"Organization","@id":"https:\/\/serhs.com\/es\/#organization","name":"SERHS","url":"https:\/\/serhs.com\/es\/","logo":{"@type":"ImageObject","inLanguage":"es","@id":"https:\/\/serhs.com\/es\/#\/schema\/logo\/image\/","url":"https:\/\/serhs.com\/wp-content\/uploads\/2018\/05\/logoSERHS200.png","contentUrl":"https:\/\/serhs.com\/wp-content\/uploads\/2018\/05\/logoSERHS200.png","width":200,"height":67,"caption":"SERHS"},"image":{"@id":"https:\/\/serhs.com\/es\/#\/schema\/logo\/image\/"},"sameAs":["https:\/\/www.facebook.com\/grupserhs","https:\/\/www.linkedin.com\/company\/grup-serhs","https:\/\/www.instagram.com\/serhsoficial\/"]},{"@type":"Person","@id":"https:\/\/serhs.com\/es\/#\/schema\/person\/ab392817d75ed759c372c3f7a40828aa","name":"SOCIAL","url":"https:\/\/serhs.com\/es\/author\/rf\/"}]}},"_links":{"self":[{"href":"https:\/\/serhs.com\/es\/wp-json\/wp\/v2\/posts\/11835","targetHints":{"allow":["GET"]}}],"collection":[{"href":"https:\/\/serhs.com\/es\/wp-json\/wp\/v2\/posts"}],"about":[{"href":"https:\/\/serhs.com\/es\/wp-json\/wp\/v2\/types\/post"}],"author":[{"embeddable":true,"href":"https:\/\/serhs.com\/es\/wp-json\/wp\/v2\/users\/19"}],"replies":[{"embeddable":true,"href":"https:\/\/serhs.com\/es\/wp-json\/wp\/v2\/comments?post=11835"}],"version-history":[{"count":0,"href":"https:\/\/serhs.com\/es\/wp-json\/wp\/v2\/posts\/11835\/revisions"}],"wp:featuredmedia":[{"embeddable":true,"href":"https:\/\/serhs.com\/es\/wp-json\/wp\/v2\/media\/11836"}],"wp:attachment":[{"href":"https:\/\/serhs.com\/es\/wp-json\/wp\/v2\/media?parent=11835"}],"wp:term":[{"taxonomy":"category","embeddable":true,"href":"https:\/\/serhs.com\/es\/wp-json\/wp\/v2\/categories?post=11835"},{"taxonomy":"post_tag","embeddable":true,"href":"https:\/\/serhs.com\/es\/wp-json\/wp\/v2\/tags?post=11835"}],"curies":[{"name":"wp","href":"https:\/\/api.w.org\/{rel}","templated":true}]}}