{"id":14274,"date":"2018-03-14T08:28:14","date_gmt":"2018-03-14T07:28:14","guid":{"rendered":"https:\/\/www.serhs.com\/serhs-distribucion-participa-en-la-convencion-anual-de-adiscat\/"},"modified":"2018-08-20T13:17:08","modified_gmt":"2018-08-20T11:17:08","slug":"serhs-distribucion-participa-en-la-convencion-anual-de-adiscat","status":"publish","type":"post","link":"https:\/\/serhs.com\/es\/serhs-distribucion-participa-en-la-convencion-anual-de-adiscat\/","title":{"rendered":"SERHS Distribuci\u00f3n participa en la Convenci\u00f3n Anual de ADISCAT"},"content":{"rendered":"<p>El\u00a0<a href=\"http:\/\/www.castell-jalpi.com\/es\/\">Castell Jalp\u00ed<\/a>, de Arenys de Munt &#8211; sede social de SERHS -, acogi\u00f3 el encuentro 2018 de la Asociaci\u00f3n de Empresas para la\u00a0<b>Distribuci\u00f3n<\/b>\u00a0y la\u00a0<b>Log\u00edstica<\/b>\u00a0de\u00a0<b>Bebidas<\/b>\u00a0y\u00a0<b>Alimentaci\u00f3n<\/b>\u00a0de Catalu\u00f1a, celebrada el 9 de marzo. El objetivo de la convenci\u00f3n del \u00e1mbito de la\u00a0<b>Distribuci\u00f3n<\/b>\u00a0fue avanzar en la\u00a0<b>transformaci\u00f3n digital<\/b>\u00a0y en la\u00a0<b>profesionalizaci\u00f3n<\/b>, con especial atenci\u00f3n a los ch\u00f3feres de reparto, y profundizar en iniciativas capaces de aportar m\u00e1s valor a la actividad del sector\u00a0<b>HORECA<\/b>\u00a0. Igor Onandia, director general de<a href=\"https:\/\/www.serhsdistribucio.com\/es\/\">\u00a0<b>SERHS Distribuci\u00f3n<\/b><\/a>\u00a0y vicepresidente del\u00a0<b>ADISCAT<\/b>, fue el encargado de dar la bienvenida a una nutrida representaci\u00f3n de profesionales<\/p>\n<p><img decoding=\"async\" src=\"\/wp-content\/uploads\/2018\/04\/serhs-distribuci\u00f3-participa-en-la-convencio-anual-d-adiscat.jpeg\" alt=\"SERHS Distribuci\u00f3 participa en la Convenci\u00f3 Anual d\u2019ADISCAT\" \/><\/p>\n<p>Como ponentes, el programa de este a\u00f1o cont\u00f3 con la participaci\u00f3n de Roger Busquets, director comercial de\u00a0<b>Ekamat<\/b>\u00a0(Microsoft Navision Partner), experto en aportar soluciones digitales en la gesti\u00f3n de las empresas, y que habl\u00f3 de la\u00a0<b>\u00abDigitalizaci\u00f3n : la tarea pendiente de las distribuidoras\u00bb<\/b>. En el encuentro tambi\u00e9n particip\u00f3 Carlos Milian, director de log\u00edstica de\u00a0<b>COSERAL<\/b>, que comparti\u00f3 su testimonio y experiencia de \u00e9xito<b>: \u00abReparto: Planta Calle\u00bb<\/b>; as\u00ed como Albert Riba, empresario,\u00a0<i>advisor<\/i>\u00a0y divulgador, que abord\u00f3 la \u00ab<b>Transformaci\u00f3n colectiva\u00bb<\/b>. Jos\u00e9 Manuel Fern\u00e1ndez Echevarria, director ejecutivo de\u00a0<b>ADISCAT<\/b>, fue el encargado de hacer balance de los sectores de la\u00a0<b>distribuci\u00f3n<\/b>\u00a0y la\u00a0<b>log\u00edstica,<\/b>\u00a0tanto de\u00a0<b>bebidas<\/b>\u00a0como de\u00a0<b>alimentaci\u00f3n<\/b>. El acto concluy\u00f3 con la intervenci\u00f3n de Jordi Pujol Medina, Presidente de\u00a0<b>ADISCAT<\/b>.<\/p>\n<p><b>ADISCAT<\/b>\u00a0es la Asociaci\u00f3n de Empresas de Distribuci\u00f3n y Log\u00edstica de Bebidas y Alimentaci\u00f3n de Catalu\u00f1a que fue constituida en Barcelona en 2004. Representa el 80% del sector y est\u00e1 formada por 150 empresas que emplean a 4.500 personas de forma directa. Como sector, facturan 1.050 millones de ventas y cuentan con 3.500 veh\u00edculos de reparto y comerciales. Trabajan para 60.000 establecimientos o puntos de venta (bares, hoteles, restaurantes, peque\u00f1os supermercados, etc.). Entre sus objetivos se encuentran dar a conocer el sector uniendo esfuerzos para la defensa de sus leg\u00edtimos intereses, constituirse como un interlocutor ante las instituciones p\u00fablicas y privadas, elaborar informes que permitan la mejora de los asociados, ofrecer programas de formaci\u00f3n y organizar y profesionalizar el sector.\u00a0<b>SERHS Distribuci\u00f3n<\/b>, la\u00a0<b>distribuidora<\/b>\u00a0m\u00e1s importante del canal\u00a0<b>HORECA<\/b>\u00a0en Espa\u00f1a especialista en la\u00a0<b>distribuci\u00f3n<\/b>\u00a0integral de productos para la\u00a0<b>hosteler\u00eda<\/b>, la\u00a0<b>restauraci\u00f3n<\/b>\u00a0social y el canal\u00a0<b>BARECA\u00a0<\/b>ubicada en Catalu\u00f1a y el arco mediterr\u00e1neo, forma parte de las empresas asociadas a\u00a0<b>ADISCAT<\/b>.<\/p>\n","protected":false},"excerpt":{"rendered":"<p>El\u00a0Castell Jalp\u00ed, de Arenys de Munt &#8211; sede social de SERHS -, acogi\u00f3 el encuentro 2018 de la Asociaci\u00f3n de <a href=\"https:\/\/serhs.com\/es\/serhs-distribucion-participa-en-la-convencion-anual-de-adiscat\/\"> [&#8230;]<\/a><\/p>\n","protected":false},"author":19,"featured_media":14222,"comment_status":"closed","ping_status":"closed","sticky":false,"template":"","format":"standard","meta":{"footnotes":""},"categories":[11,126],"tags":[],"class_list":["post-14274","post","type-post","status-publish","format-standard","has-post-thumbnail","hentry","category-corporacion-serhs","category-distribucion"],"yoast_head":"<!-- This site is optimized with the Yoast SEO plugin v27.5 - https:\/\/yoast.com\/product\/yoast-seo-wordpress\/ -->\n<title>SERHS Distribuci\u00f3n participa en la Convenci\u00f3n Anual de ADISCAT<\/title>\n<meta name=\"description\" content=\"El\u00a0Castell Jalp\u00ed, de Arenys de Munt - sede social de SERHS -, acogi\u00f3 el encuentro 2018 de la Asociaci\u00f3n de Empresas para la\u00a0Distribuci\u00f3n\u00a0y la\u00a0Log\u00edstica\u00a0de\u00a0Bebidas\u00a0y\u00a0Alimentaci\u00f3n\u00a0de Catalu\u00f1a, celebrada el 9 de marzo. El objetivo de la convenci\u00f3n del \u00e1mbito de la\u00a0Distribuci\u00f3n\u00a0fue avanzar en la\u00a0transformaci\u00f3n digital y...\" \/>\n<meta name=\"robots\" content=\"index, follow, max-snippet:-1, max-image-preview:large, max-video-preview:-1\" \/>\n<link rel=\"canonical\" href=\"https:\/\/serhs.com\/es\/serhs-distribucion-participa-en-la-convencion-anual-de-adiscat\/\" \/>\n<meta property=\"og:locale\" content=\"es_ES\" \/>\n<meta property=\"og:type\" content=\"article\" \/>\n<meta property=\"og:title\" content=\"SERHS Distribuci\u00f3n participa en la Convenci\u00f3n Anual de ADISCAT\" \/>\n<meta property=\"og:description\" content=\"El\u00a0Castell Jalp\u00ed, de Arenys de Munt - sede social de SERHS -, acogi\u00f3 el encuentro 2018 de la Asociaci\u00f3n de Empresas para la\u00a0Distribuci\u00f3n\u00a0y la\u00a0Log\u00edstica\u00a0de\u00a0Bebidas\u00a0y\u00a0Alimentaci\u00f3n\u00a0de Catalu\u00f1a, celebrada el 9 de marzo. El objetivo de la convenci\u00f3n del \u00e1mbito de la\u00a0Distribuci\u00f3n\u00a0fue avanzar en la\u00a0transformaci\u00f3n digital y...\" \/>\n<meta property=\"og:url\" content=\"https:\/\/serhs.com\/es\/serhs-distribucion-participa-en-la-convencion-anual-de-adiscat\/\" \/>\n<meta property=\"og:site_name\" content=\"SERHS\" \/>\n<meta property=\"article:publisher\" content=\"https:\/\/www.facebook.com\/grupserhs\" \/>\n<meta property=\"article:published_time\" content=\"2018-03-14T07:28:14+00:00\" \/>\n<meta property=\"article:modified_time\" content=\"2018-08-20T11:17:08+00:00\" \/>\n<meta property=\"og:image\" content=\"https:\/\/serhs.com\/wp-content\/uploads\/2018\/04\/serhs-distribuci\u00f3-participa-en-la-convencio-anual-d-adiscat.jpeg\" \/>\n\t<meta property=\"og:image:width\" content=\"1772\" \/>\n\t<meta property=\"og:image:height\" content=\"1182\" \/>\n\t<meta property=\"og:image:type\" content=\"image\/jpeg\" \/>\n<meta name=\"author\" content=\"SOCIAL\" \/>\n<meta name=\"twitter:card\" content=\"summary_large_image\" \/>\n<meta name=\"twitter:label1\" content=\"Escrito por\" \/>\n\t<meta name=\"twitter:data1\" content=\"SOCIAL\" \/>\n\t<meta name=\"twitter:label2\" content=\"Tiempo de lectura\" \/>\n\t<meta name=\"twitter:data2\" content=\"2 minutos\" \/>\n<script type=\"application\/ld+json\" class=\"yoast-schema-graph\">{\"@context\":\"https:\\\/\\\/schema.org\",\"@graph\":[{\"@type\":\"Article\",\"@id\":\"https:\\\/\\\/serhs.com\\\/es\\\/serhs-distribucion-participa-en-la-convencion-anual-de-adiscat\\\/#article\",\"isPartOf\":{\"@id\":\"https:\\\/\\\/serhs.com\\\/es\\\/serhs-distribucion-participa-en-la-convencion-anual-de-adiscat\\\/\"},\"author\":{\"name\":\"SOCIAL\",\"@id\":\"https:\\\/\\\/serhs.com\\\/es\\\/#\\\/schema\\\/person\\\/ab392817d75ed759c372c3f7a40828aa\"},\"headline\":\"SERHS Distribuci\u00f3n participa en la Convenci\u00f3n Anual de ADISCAT\",\"datePublished\":\"2018-03-14T07:28:14+00:00\",\"dateModified\":\"2018-08-20T11:17:08+00:00\",\"mainEntityOfPage\":{\"@id\":\"https:\\\/\\\/serhs.com\\\/es\\\/serhs-distribucion-participa-en-la-convencion-anual-de-adiscat\\\/\"},\"wordCount\":437,\"publisher\":{\"@id\":\"https:\\\/\\\/serhs.com\\\/es\\\/#organization\"},\"image\":{\"@id\":\"https:\\\/\\\/serhs.com\\\/es\\\/serhs-distribucion-participa-en-la-convencion-anual-de-adiscat\\\/#primaryimage\"},\"thumbnailUrl\":\"https:\\\/\\\/serhs.com\\\/wp-content\\\/uploads\\\/2018\\\/04\\\/serhs-distribuci\u00f3-participa-en-la-convencio-anual-d-adiscat.jpeg\",\"articleSection\":[\"Corporaci\u00f3n\",\"Distribuci\u00f3n\"],\"inLanguage\":\"es\"},{\"@type\":\"WebPage\",\"@id\":\"https:\\\/\\\/serhs.com\\\/es\\\/serhs-distribucion-participa-en-la-convencion-anual-de-adiscat\\\/\",\"url\":\"https:\\\/\\\/serhs.com\\\/es\\\/serhs-distribucion-participa-en-la-convencion-anual-de-adiscat\\\/\",\"name\":\"SERHS Distribuci\u00f3n participa en la Convenci\u00f3n Anual de ADISCAT\",\"isPartOf\":{\"@id\":\"https:\\\/\\\/serhs.com\\\/es\\\/#website\"},\"primaryImageOfPage\":{\"@id\":\"https:\\\/\\\/serhs.com\\\/es\\\/serhs-distribucion-participa-en-la-convencion-anual-de-adiscat\\\/#primaryimage\"},\"image\":{\"@id\":\"https:\\\/\\\/serhs.com\\\/es\\\/serhs-distribucion-participa-en-la-convencion-anual-de-adiscat\\\/#primaryimage\"},\"thumbnailUrl\":\"https:\\\/\\\/serhs.com\\\/wp-content\\\/uploads\\\/2018\\\/04\\\/serhs-distribuci\u00f3-participa-en-la-convencio-anual-d-adiscat.jpeg\",\"datePublished\":\"2018-03-14T07:28:14+00:00\",\"dateModified\":\"2018-08-20T11:17:08+00:00\",\"description\":\"El\u00a0Castell Jalp\u00ed, de Arenys de Munt - sede social de SERHS -, acogi\u00f3 el encuentro 2018 de la Asociaci\u00f3n de Empresas para la\u00a0Distribuci\u00f3n\u00a0y la\u00a0Log\u00edstica\u00a0de\u00a0Bebidas\u00a0y\u00a0Alimentaci\u00f3n\u00a0de Catalu\u00f1a, celebrada el 9 de marzo. El objetivo de la convenci\u00f3n del \u00e1mbito de la\u00a0Distribuci\u00f3n\u00a0fue avanzar en la\u00a0transformaci\u00f3n digital y...\",\"breadcrumb\":{\"@id\":\"https:\\\/\\\/serhs.com\\\/es\\\/serhs-distribucion-participa-en-la-convencion-anual-de-adiscat\\\/#breadcrumb\"},\"inLanguage\":\"es\",\"potentialAction\":[{\"@type\":\"ReadAction\",\"target\":[\"https:\\\/\\\/serhs.com\\\/es\\\/serhs-distribucion-participa-en-la-convencion-anual-de-adiscat\\\/\"]}]},{\"@type\":\"ImageObject\",\"inLanguage\":\"es\",\"@id\":\"https:\\\/\\\/serhs.com\\\/es\\\/serhs-distribucion-participa-en-la-convencion-anual-de-adiscat\\\/#primaryimage\",\"url\":\"https:\\\/\\\/serhs.com\\\/wp-content\\\/uploads\\\/2018\\\/04\\\/serhs-distribuci\u00f3-participa-en-la-convencio-anual-d-adiscat.jpeg\",\"contentUrl\":\"https:\\\/\\\/serhs.com\\\/wp-content\\\/uploads\\\/2018\\\/04\\\/serhs-distribuci\u00f3-participa-en-la-convencio-anual-d-adiscat.jpeg\",\"width\":1772,\"height\":1182,\"caption\":\"serhs-distribuci\u00f3-participa-en-la-convencio-anual-d-adiscat\"},{\"@type\":\"BreadcrumbList\",\"@id\":\"https:\\\/\\\/serhs.com\\\/es\\\/serhs-distribucion-participa-en-la-convencion-anual-de-adiscat\\\/#breadcrumb\",\"itemListElement\":[{\"@type\":\"ListItem\",\"position\":1,\"name\":\"Inici\",\"item\":\"https:\\\/\\\/serhs.com\\\/es\\\/\"},{\"@type\":\"ListItem\",\"position\":2,\"name\":\"SERHS Distribuci\u00f3n participa en la Convenci\u00f3n Anual de ADISCAT\"}]},{\"@type\":\"WebSite\",\"@id\":\"https:\\\/\\\/serhs.com\\\/es\\\/#website\",\"url\":\"https:\\\/\\\/serhs.com\\\/es\\\/\",\"name\":\"SERHS\",\"description\":\"El primer grup Tur\u00edstic de Catalunya\",\"publisher\":{\"@id\":\"https:\\\/\\\/serhs.com\\\/es\\\/#organization\"},\"potentialAction\":[{\"@type\":\"SearchAction\",\"target\":{\"@type\":\"EntryPoint\",\"urlTemplate\":\"https:\\\/\\\/serhs.com\\\/es\\\/?s={search_term_string}\"},\"query-input\":{\"@type\":\"PropertyValueSpecification\",\"valueRequired\":true,\"valueName\":\"search_term_string\"}}],\"inLanguage\":\"es\"},{\"@type\":\"Organization\",\"@id\":\"https:\\\/\\\/serhs.com\\\/es\\\/#organization\",\"name\":\"SERHS\",\"url\":\"https:\\\/\\\/serhs.com\\\/es\\\/\",\"logo\":{\"@type\":\"ImageObject\",\"inLanguage\":\"es\",\"@id\":\"https:\\\/\\\/serhs.com\\\/es\\\/#\\\/schema\\\/logo\\\/image\\\/\",\"url\":\"https:\\\/\\\/serhs.com\\\/wp-content\\\/uploads\\\/2018\\\/05\\\/logoSERHS200.png\",\"contentUrl\":\"https:\\\/\\\/serhs.com\\\/wp-content\\\/uploads\\\/2018\\\/05\\\/logoSERHS200.png\",\"width\":200,\"height\":67,\"caption\":\"SERHS\"},\"image\":{\"@id\":\"https:\\\/\\\/serhs.com\\\/es\\\/#\\\/schema\\\/logo\\\/image\\\/\"},\"sameAs\":[\"https:\\\/\\\/www.facebook.com\\\/grupserhs\",\"https:\\\/\\\/www.linkedin.com\\\/company\\\/grup-serhs\",\"https:\\\/\\\/www.instagram.com\\\/serhsoficial\\\/\"]},{\"@type\":\"Person\",\"@id\":\"https:\\\/\\\/serhs.com\\\/es\\\/#\\\/schema\\\/person\\\/ab392817d75ed759c372c3f7a40828aa\",\"name\":\"SOCIAL\",\"url\":\"https:\\\/\\\/serhs.com\\\/es\\\/author\\\/rf\\\/\"}]}<\/script>\n<!-- \/ Yoast SEO plugin. -->","yoast_head_json":{"title":"SERHS Distribuci\u00f3n participa en la Convenci\u00f3n Anual de ADISCAT","description":"El\u00a0Castell Jalp\u00ed, de Arenys de Munt - sede social de SERHS -, acogi\u00f3 el encuentro 2018 de la Asociaci\u00f3n de Empresas para la\u00a0Distribuci\u00f3n\u00a0y la\u00a0Log\u00edstica\u00a0de\u00a0Bebidas\u00a0y\u00a0Alimentaci\u00f3n\u00a0de Catalu\u00f1a, celebrada el 9 de marzo. El objetivo de la convenci\u00f3n del \u00e1mbito de la\u00a0Distribuci\u00f3n\u00a0fue avanzar en la\u00a0transformaci\u00f3n digital y...","robots":{"index":"index","follow":"follow","max-snippet":"max-snippet:-1","max-image-preview":"max-image-preview:large","max-video-preview":"max-video-preview:-1"},"canonical":"https:\/\/serhs.com\/es\/serhs-distribucion-participa-en-la-convencion-anual-de-adiscat\/","og_locale":"es_ES","og_type":"article","og_title":"SERHS Distribuci\u00f3n participa en la Convenci\u00f3n Anual de ADISCAT","og_description":"El\u00a0Castell Jalp\u00ed, de Arenys de Munt - sede social de SERHS -, acogi\u00f3 el encuentro 2018 de la Asociaci\u00f3n de Empresas para la\u00a0Distribuci\u00f3n\u00a0y la\u00a0Log\u00edstica\u00a0de\u00a0Bebidas\u00a0y\u00a0Alimentaci\u00f3n\u00a0de Catalu\u00f1a, celebrada el 9 de marzo. El objetivo de la convenci\u00f3n del \u00e1mbito de la\u00a0Distribuci\u00f3n\u00a0fue avanzar en la\u00a0transformaci\u00f3n digital y...","og_url":"https:\/\/serhs.com\/es\/serhs-distribucion-participa-en-la-convencion-anual-de-adiscat\/","og_site_name":"SERHS","article_publisher":"https:\/\/www.facebook.com\/grupserhs","article_published_time":"2018-03-14T07:28:14+00:00","article_modified_time":"2018-08-20T11:17:08+00:00","og_image":[{"width":1772,"height":1182,"url":"https:\/\/serhs.com\/wp-content\/uploads\/2018\/04\/serhs-distribuci\u00f3-participa-en-la-convencio-anual-d-adiscat.jpeg","type":"image\/jpeg"}],"author":"SOCIAL","twitter_card":"summary_large_image","twitter_misc":{"Escrito por":"SOCIAL","Tiempo de lectura":"2 minutos"},"schema":{"@context":"https:\/\/schema.org","@graph":[{"@type":"Article","@id":"https:\/\/serhs.com\/es\/serhs-distribucion-participa-en-la-convencion-anual-de-adiscat\/#article","isPartOf":{"@id":"https:\/\/serhs.com\/es\/serhs-distribucion-participa-en-la-convencion-anual-de-adiscat\/"},"author":{"name":"SOCIAL","@id":"https:\/\/serhs.com\/es\/#\/schema\/person\/ab392817d75ed759c372c3f7a40828aa"},"headline":"SERHS Distribuci\u00f3n participa en la Convenci\u00f3n Anual de ADISCAT","datePublished":"2018-03-14T07:28:14+00:00","dateModified":"2018-08-20T11:17:08+00:00","mainEntityOfPage":{"@id":"https:\/\/serhs.com\/es\/serhs-distribucion-participa-en-la-convencion-anual-de-adiscat\/"},"wordCount":437,"publisher":{"@id":"https:\/\/serhs.com\/es\/#organization"},"image":{"@id":"https:\/\/serhs.com\/es\/serhs-distribucion-participa-en-la-convencion-anual-de-adiscat\/#primaryimage"},"thumbnailUrl":"https:\/\/serhs.com\/wp-content\/uploads\/2018\/04\/serhs-distribuci\u00f3-participa-en-la-convencio-anual-d-adiscat.jpeg","articleSection":["Corporaci\u00f3n","Distribuci\u00f3n"],"inLanguage":"es"},{"@type":"WebPage","@id":"https:\/\/serhs.com\/es\/serhs-distribucion-participa-en-la-convencion-anual-de-adiscat\/","url":"https:\/\/serhs.com\/es\/serhs-distribucion-participa-en-la-convencion-anual-de-adiscat\/","name":"SERHS Distribuci\u00f3n participa en la Convenci\u00f3n Anual de ADISCAT","isPartOf":{"@id":"https:\/\/serhs.com\/es\/#website"},"primaryImageOfPage":{"@id":"https:\/\/serhs.com\/es\/serhs-distribucion-participa-en-la-convencion-anual-de-adiscat\/#primaryimage"},"image":{"@id":"https:\/\/serhs.com\/es\/serhs-distribucion-participa-en-la-convencion-anual-de-adiscat\/#primaryimage"},"thumbnailUrl":"https:\/\/serhs.com\/wp-content\/uploads\/2018\/04\/serhs-distribuci\u00f3-participa-en-la-convencio-anual-d-adiscat.jpeg","datePublished":"2018-03-14T07:28:14+00:00","dateModified":"2018-08-20T11:17:08+00:00","description":"El\u00a0Castell Jalp\u00ed, de Arenys de Munt - sede social de SERHS -, acogi\u00f3 el encuentro 2018 de la Asociaci\u00f3n de Empresas para la\u00a0Distribuci\u00f3n\u00a0y la\u00a0Log\u00edstica\u00a0de\u00a0Bebidas\u00a0y\u00a0Alimentaci\u00f3n\u00a0de Catalu\u00f1a, celebrada el 9 de marzo. El objetivo de la convenci\u00f3n del \u00e1mbito de la\u00a0Distribuci\u00f3n\u00a0fue avanzar en la\u00a0transformaci\u00f3n digital y...","breadcrumb":{"@id":"https:\/\/serhs.com\/es\/serhs-distribucion-participa-en-la-convencion-anual-de-adiscat\/#breadcrumb"},"inLanguage":"es","potentialAction":[{"@type":"ReadAction","target":["https:\/\/serhs.com\/es\/serhs-distribucion-participa-en-la-convencion-anual-de-adiscat\/"]}]},{"@type":"ImageObject","inLanguage":"es","@id":"https:\/\/serhs.com\/es\/serhs-distribucion-participa-en-la-convencion-anual-de-adiscat\/#primaryimage","url":"https:\/\/serhs.com\/wp-content\/uploads\/2018\/04\/serhs-distribuci\u00f3-participa-en-la-convencio-anual-d-adiscat.jpeg","contentUrl":"https:\/\/serhs.com\/wp-content\/uploads\/2018\/04\/serhs-distribuci\u00f3-participa-en-la-convencio-anual-d-adiscat.jpeg","width":1772,"height":1182,"caption":"serhs-distribuci\u00f3-participa-en-la-convencio-anual-d-adiscat"},{"@type":"BreadcrumbList","@id":"https:\/\/serhs.com\/es\/serhs-distribucion-participa-en-la-convencion-anual-de-adiscat\/#breadcrumb","itemListElement":[{"@type":"ListItem","position":1,"name":"Inici","item":"https:\/\/serhs.com\/es\/"},{"@type":"ListItem","position":2,"name":"SERHS Distribuci\u00f3n participa en la Convenci\u00f3n Anual de ADISCAT"}]},{"@type":"WebSite","@id":"https:\/\/serhs.com\/es\/#website","url":"https:\/\/serhs.com\/es\/","name":"SERHS","description":"El primer grup Tur\u00edstic de Catalunya","publisher":{"@id":"https:\/\/serhs.com\/es\/#organization"},"potentialAction":[{"@type":"SearchAction","target":{"@type":"EntryPoint","urlTemplate":"https:\/\/serhs.com\/es\/?s={search_term_string}"},"query-input":{"@type":"PropertyValueSpecification","valueRequired":true,"valueName":"search_term_string"}}],"inLanguage":"es"},{"@type":"Organization","@id":"https:\/\/serhs.com\/es\/#organization","name":"SERHS","url":"https:\/\/serhs.com\/es\/","logo":{"@type":"ImageObject","inLanguage":"es","@id":"https:\/\/serhs.com\/es\/#\/schema\/logo\/image\/","url":"https:\/\/serhs.com\/wp-content\/uploads\/2018\/05\/logoSERHS200.png","contentUrl":"https:\/\/serhs.com\/wp-content\/uploads\/2018\/05\/logoSERHS200.png","width":200,"height":67,"caption":"SERHS"},"image":{"@id":"https:\/\/serhs.com\/es\/#\/schema\/logo\/image\/"},"sameAs":["https:\/\/www.facebook.com\/grupserhs","https:\/\/www.linkedin.com\/company\/grup-serhs","https:\/\/www.instagram.com\/serhsoficial\/"]},{"@type":"Person","@id":"https:\/\/serhs.com\/es\/#\/schema\/person\/ab392817d75ed759c372c3f7a40828aa","name":"SOCIAL","url":"https:\/\/serhs.com\/es\/author\/rf\/"}]}},"_links":{"self":[{"href":"https:\/\/serhs.com\/es\/wp-json\/wp\/v2\/posts\/14274","targetHints":{"allow":["GET"]}}],"collection":[{"href":"https:\/\/serhs.com\/es\/wp-json\/wp\/v2\/posts"}],"about":[{"href":"https:\/\/serhs.com\/es\/wp-json\/wp\/v2\/types\/post"}],"author":[{"embeddable":true,"href":"https:\/\/serhs.com\/es\/wp-json\/wp\/v2\/users\/19"}],"replies":[{"embeddable":true,"href":"https:\/\/serhs.com\/es\/wp-json\/wp\/v2\/comments?post=14274"}],"version-history":[{"count":0,"href":"https:\/\/serhs.com\/es\/wp-json\/wp\/v2\/posts\/14274\/revisions"}],"wp:featuredmedia":[{"embeddable":true,"href":"https:\/\/serhs.com\/es\/wp-json\/wp\/v2\/media\/14222"}],"wp:attachment":[{"href":"https:\/\/serhs.com\/es\/wp-json\/wp\/v2\/media?parent=14274"}],"wp:term":[{"taxonomy":"category","embeddable":true,"href":"https:\/\/serhs.com\/es\/wp-json\/wp\/v2\/categories?post=14274"},{"taxonomy":"post_tag","embeddable":true,"href":"https:\/\/serhs.com\/es\/wp-json\/wp\/v2\/tags?post=14274"}],"curies":[{"name":"wp","href":"https:\/\/api.w.org\/{rel}","templated":true}]}}