{"id":14308,"date":"2018-04-05T09:21:56","date_gmt":"2018-04-05T08:21:56","guid":{"rendered":"https:\/\/www.serhs.com\/ramon-bago-emprendimiento-trabajo-y-compromiso\/"},"modified":"2018-08-20T13:21:41","modified_gmt":"2018-08-20T11:21:41","slug":"ramon-bago-emprendimiento-trabajo-y-compromiso","status":"publish","type":"post","link":"https:\/\/serhs.com\/es\/ramon-bago-emprendimiento-trabajo-y-compromiso\/","title":{"rendered":"Ramon Bag\u00f3: emprendimiento, trabajo y compromiso"},"content":{"rendered":"<p>El martes &#8211; 3 de abril &#8211; por la ma\u00f1ana, nos dej\u00f3 el Sr. Ramon Bag\u00f3 i Agull\u00f3, emprendedor, cofundador y Presidente de SERHS S \/ Coop. y del GRUP SERHS, S.A., Creu de Sant Jordi, Medalla del President Maci\u00e0 y Medalla de Oro e Hijo predilecto de la ciudad de Calella.<\/p>\n<p><img decoding=\"async\" src=\"\/wp-content\/uploads\/2018\/04\/ramon-bago-emprenedoria-treball-i-compromis.jpg\" alt=\"Ramon Bag\u00f3: emprendimiento, trabajo y compromiso\" \/><\/p>\n<p>Todos los accionistas, los miembros del Consejo de Administraci\u00f3n, el Equipo Directivo y todo el personal de esta corporaci\u00f3n, lamentamos profundamente la p\u00e9rdida de nuestro presidente y expresamos el m\u00e1s sentido p\u00e9same a toda su familia.<\/p>\n<p>Nacido en Calella &#8211; El Maresme &#8211; en 1934, casado y con seis hijos y doce nietos, Ramon Bag\u00f3 destac\u00f3 siempre por ser un trabajador incansable, un emprendedor inagotable y un hombre de fuertes convicciones y determinaci\u00f3n. Su firme compromiso con el sector tur\u00edstico y el territorio le empuj\u00f3 a fundar el Gremio de Hosteler\u00eda del Maresme en 1977, del que tambi\u00e9n fue presidente. Y, en 1978, fue elegido para formar parte del Comit\u00e9 Ejecutivo de la Federaci\u00f3n Nacional de Hosteler\u00eda y como presidente del Comit\u00e9 Ejecutivo del III Congreso de Turismo de Catalu\u00f1a.<\/p>\n<p>En 1975, fue cofundador y elegido Presidente de la entidad Serveis Mancomuniats d&#8217;Hostaleria i Similiars Societat Cooperativa (SERHS S\/Coop.), cargo que ocup\u00f3 hasta 1980, cuando fue nombrado Director General de Turismo de la Generalitat de Catalu\u00f1a. En 1985, fue elegido de nuevo presidente de SERHS S\/Coop, embri\u00f3n de la actual SERHS. Fue en 1987, cuando Ramon Bag\u00f3 fue elegido Presidente de GRUP SERHS S.A., momento en el que se modific\u00f3 la personalidad jur\u00eddica de la entidad, complementando la f\u00f3rmula de cooperativa.<\/p>\n<p>Hoy, SERHS es una compa\u00f1\u00eda que cuenta con una plantilla media de 2.500 profesionales y m\u00e1s de 1.400 accionistas que configuran en su conjunto uno de los valores que Ramon Bag\u00f3 siempre destacaba en sus palabras: su capital humano.<\/p>\n<p>La corporaci\u00f3n acumula hoy m\u00e1s de 40 a\u00f1os de historia empresarial y compromiso social, se articula sobre cuatro divisiones de negocio con una fuerte presencia en Catalu\u00f1a y una actividad consolidada y en crecimiento que se extiende a todo el arco mediterr\u00e1neo peninsular, Espa\u00f1a , Europa y Brasil. En total, hoy por hoy, integran SERHS 33 sociedades, agrupadas en las diferentes divisiones operativas de negocio. Estas son, desde el a\u00f1o 2017: SERHS Distribuci\u00f3n, SERHS Turismo y Hoteles, SERHS Food y SERHS Servicios, y dan servicio a m\u00e1s de 40.000 clientes.<\/p>\n<p><strong>Ramon Bag\u00f3 y su compromiso c\u00edvico y social<\/strong><\/p>\n<p>En las elecciones municipales de abril de 1979, su vocaci\u00f3n de servicio empujaron a Ramon Bag\u00f3 a presentarse y fue elegido alcalde de Calella, cargo que ocup\u00f3 hasta el a\u00f1o 1991 y que, hasta el a\u00f1o 1980, compagin\u00f3 con el Diputado de la Diputaci\u00f3n de Barcelona adscrito a la Comisi\u00f3n de Turismo. Fue entonces, y hasta el a\u00f1o 1984, que compagin\u00f3 su actividad como alcalde con la de Director General de Turismo de la Generalitat de Catallunya. Desde 1992, fue impulsor y Presidente del Sal\u00f3n Internacional de Turismo de Catalu\u00f1a y, a partir de 2010, en nombrado Presidente Em\u00e9rito.<\/p>\n<p>Ramon Bag\u00f3, que fue tambi\u00e9n miembro del Consejo Asesor de Foment del Treball, ocup\u00f3 la presidencia del Consorcio Hospitalario de Catalu\u00f1a S.A. desde el a\u00f1o 2000 y hasta el 2008; as\u00ed como la vicepresidencia del Consejo Comarcal del Maresme, y fue miembro del Pleno de la Cambra de Comer\u00e7 de Barcelona, \u200b\u200bcomo Presidente de la Delegaci\u00f3n del Maresme, entre los a\u00f1os 1999 y 2006.<\/p>\n<p><strong>Reconocimientos al trabajo y al compromiso<\/strong><\/p>\n<p>A lo largo de su vida, Ramon Bag\u00f3 fue reconocido, m\u00e1s recientemente, con la Medalla de Oro de la ciudad e Hijo Predilecto de Calella (2012) y fue Creu de Sant Jordi de la Generalitat de Catalunya en el a\u00f1o 2001, por su trayectoria empresarial.<\/p>\n<p>As\u00ed mismo, tambi\u00e9n recibi\u00f3 la Medalla de Plata al M\u00e9rito Tur\u00edstico del Gobierno Espa\u00f1ol, en 1979; y la Medalla de Honor del Turismo de Catalu\u00f1a, en 1984. Y, como Presidente de SERHS, recibi\u00f3 el premio Pr\u00edncipe Felipe a la Excelencia Tur\u00edstica en 2005 y, en 2007, la Asamblea de Diputados del Estado Brasile\u00f1o lo nombr\u00f3 Ciudadano Potiguar. Recibi\u00f3 tambi\u00e9n la Medalla al Trabajo del President Francesc Maci\u00e0 en 2008; mientras que &#8211; en 2010- la C\u00e1mara Municipal de Parnamirim (Estado de Rio Grande do Norte, Brasil) le otorg\u00f3 el t\u00edtulo honor\u00edfico de Ciudadano parnamirimense.<\/p>\n","protected":false},"excerpt":{"rendered":"<p>El martes &#8211; 3 de abril &#8211; por la ma\u00f1ana, nos dej\u00f3 el Sr. Ramon Bag\u00f3 i Agull\u00f3, emprendedor, cofundador <a href=\"https:\/\/serhs.com\/es\/ramon-bago-emprendimiento-trabajo-y-compromiso\/\"> [&#8230;]<\/a><\/p>\n","protected":false},"author":19,"featured_media":14303,"comment_status":"closed","ping_status":"closed","sticky":false,"template":"","format":"standard","meta":{"footnotes":""},"categories":[11],"tags":[],"class_list":["post-14308","post","type-post","status-publish","format-standard","has-post-thumbnail","hentry","category-corporacion-serhs"],"yoast_head":"<!-- This site is optimized with the Yoast SEO plugin v27.5 - https:\/\/yoast.com\/product\/yoast-seo-wordpress\/ -->\n<title>Ramon Bag\u00f3 y Agull\u00f3: emprendimiento, trabajo y compromiso<\/title>\n<meta name=\"description\" content=\"El martes - 3 de abril - por la ma\u00f1ana, nos dej\u00f3 el Sr. Ramon Bag\u00f3 i Agull\u00f3, emprendedor, cofundador y Presidente de SERHS S \/ Coop. y del GRUP SERHS, S.A., Creu de Sant Jordi, Medalla del President Maci\u00e0 y Medalla de Oro e Hijo predilecto de la ciudad de Calella.\" \/>\n<meta name=\"robots\" content=\"index, follow, max-snippet:-1, max-image-preview:large, max-video-preview:-1\" \/>\n<link rel=\"canonical\" href=\"https:\/\/serhs.com\/es\/ramon-bago-emprendimiento-trabajo-y-compromiso\/\" \/>\n<meta property=\"og:locale\" content=\"es_ES\" \/>\n<meta property=\"og:type\" content=\"article\" \/>\n<meta property=\"og:title\" content=\"Ramon Bag\u00f3 y Agull\u00f3: emprendimiento, trabajo y compromiso\" \/>\n<meta property=\"og:description\" content=\"El martes - 3 de abril - por la ma\u00f1ana, nos dej\u00f3 el Sr. Ramon Bag\u00f3 i Agull\u00f3, emprendedor, cofundador y Presidente de SERHS S \/ Coop. y del GRUP SERHS, S.A., Creu de Sant Jordi, Medalla del President Maci\u00e0 y Medalla de Oro e Hijo predilecto de la ciudad de Calella.\" \/>\n<meta property=\"og:url\" content=\"https:\/\/serhs.com\/es\/ramon-bago-emprendimiento-trabajo-y-compromiso\/\" \/>\n<meta property=\"og:site_name\" content=\"SERHS\" \/>\n<meta property=\"article:publisher\" content=\"https:\/\/www.facebook.com\/grupserhs\" \/>\n<meta property=\"article:published_time\" content=\"2018-04-05T08:21:56+00:00\" \/>\n<meta property=\"article:modified_time\" content=\"2018-08-20T11:21:41+00:00\" \/>\n<meta property=\"og:image\" content=\"https:\/\/serhs.com\/wp-content\/uploads\/2018\/04\/ramon-bago-emprenedoria-treball-i-compromis.jpg\" \/>\n\t<meta property=\"og:image:width\" content=\"886\" \/>\n\t<meta property=\"og:image:height\" content=\"591\" \/>\n\t<meta property=\"og:image:type\" content=\"image\/jpeg\" \/>\n<meta name=\"author\" content=\"SOCIAL\" \/>\n<meta name=\"twitter:card\" content=\"summary_large_image\" \/>\n<meta name=\"twitter:label1\" content=\"Escrito por\" \/>\n\t<meta name=\"twitter:data1\" content=\"SOCIAL\" \/>\n\t<meta name=\"twitter:label2\" content=\"Tiempo de lectura\" \/>\n\t<meta name=\"twitter:data2\" content=\"4 minutos\" \/>\n<script type=\"application\/ld+json\" class=\"yoast-schema-graph\">{\"@context\":\"https:\\\/\\\/schema.org\",\"@graph\":[{\"@type\":\"Article\",\"@id\":\"https:\\\/\\\/serhs.com\\\/es\\\/ramon-bago-emprendimiento-trabajo-y-compromiso\\\/#article\",\"isPartOf\":{\"@id\":\"https:\\\/\\\/serhs.com\\\/es\\\/ramon-bago-emprendimiento-trabajo-y-compromiso\\\/\"},\"author\":{\"name\":\"SOCIAL\",\"@id\":\"https:\\\/\\\/serhs.com\\\/es\\\/#\\\/schema\\\/person\\\/ab392817d75ed759c372c3f7a40828aa\"},\"headline\":\"Ramon Bag\u00f3: emprendimiento, trabajo y compromiso\",\"datePublished\":\"2018-04-05T08:21:56+00:00\",\"dateModified\":\"2018-08-20T11:21:41+00:00\",\"mainEntityOfPage\":{\"@id\":\"https:\\\/\\\/serhs.com\\\/es\\\/ramon-bago-emprendimiento-trabajo-y-compromiso\\\/\"},\"wordCount\":744,\"publisher\":{\"@id\":\"https:\\\/\\\/serhs.com\\\/es\\\/#organization\"},\"image\":{\"@id\":\"https:\\\/\\\/serhs.com\\\/es\\\/ramon-bago-emprendimiento-trabajo-y-compromiso\\\/#primaryimage\"},\"thumbnailUrl\":\"https:\\\/\\\/serhs.com\\\/wp-content\\\/uploads\\\/2018\\\/04\\\/ramon-bago-emprenedoria-treball-i-compromis.jpg\",\"articleSection\":[\"Corporaci\u00f3n\"],\"inLanguage\":\"es\"},{\"@type\":\"WebPage\",\"@id\":\"https:\\\/\\\/serhs.com\\\/es\\\/ramon-bago-emprendimiento-trabajo-y-compromiso\\\/\",\"url\":\"https:\\\/\\\/serhs.com\\\/es\\\/ramon-bago-emprendimiento-trabajo-y-compromiso\\\/\",\"name\":\"Ramon Bag\u00f3 y Agull\u00f3: emprendimiento, trabajo y compromiso\",\"isPartOf\":{\"@id\":\"https:\\\/\\\/serhs.com\\\/es\\\/#website\"},\"primaryImageOfPage\":{\"@id\":\"https:\\\/\\\/serhs.com\\\/es\\\/ramon-bago-emprendimiento-trabajo-y-compromiso\\\/#primaryimage\"},\"image\":{\"@id\":\"https:\\\/\\\/serhs.com\\\/es\\\/ramon-bago-emprendimiento-trabajo-y-compromiso\\\/#primaryimage\"},\"thumbnailUrl\":\"https:\\\/\\\/serhs.com\\\/wp-content\\\/uploads\\\/2018\\\/04\\\/ramon-bago-emprenedoria-treball-i-compromis.jpg\",\"datePublished\":\"2018-04-05T08:21:56+00:00\",\"dateModified\":\"2018-08-20T11:21:41+00:00\",\"description\":\"El martes - 3 de abril - por la ma\u00f1ana, nos dej\u00f3 el Sr. Ramon Bag\u00f3 i Agull\u00f3, emprendedor, cofundador y Presidente de SERHS S \\\/ Coop. y del GRUP SERHS, S.A., Creu de Sant Jordi, Medalla del President Maci\u00e0 y Medalla de Oro e Hijo predilecto de la ciudad de Calella.\",\"breadcrumb\":{\"@id\":\"https:\\\/\\\/serhs.com\\\/es\\\/ramon-bago-emprendimiento-trabajo-y-compromiso\\\/#breadcrumb\"},\"inLanguage\":\"es\",\"potentialAction\":[{\"@type\":\"ReadAction\",\"target\":[\"https:\\\/\\\/serhs.com\\\/es\\\/ramon-bago-emprendimiento-trabajo-y-compromiso\\\/\"]}]},{\"@type\":\"ImageObject\",\"inLanguage\":\"es\",\"@id\":\"https:\\\/\\\/serhs.com\\\/es\\\/ramon-bago-emprendimiento-trabajo-y-compromiso\\\/#primaryimage\",\"url\":\"https:\\\/\\\/serhs.com\\\/wp-content\\\/uploads\\\/2018\\\/04\\\/ramon-bago-emprenedoria-treball-i-compromis.jpg\",\"contentUrl\":\"https:\\\/\\\/serhs.com\\\/wp-content\\\/uploads\\\/2018\\\/04\\\/ramon-bago-emprenedoria-treball-i-compromis.jpg\",\"width\":886,\"height\":591,\"caption\":\"ramon-bago-emprenedoria-treball-i-compromis\"},{\"@type\":\"BreadcrumbList\",\"@id\":\"https:\\\/\\\/serhs.com\\\/es\\\/ramon-bago-emprendimiento-trabajo-y-compromiso\\\/#breadcrumb\",\"itemListElement\":[{\"@type\":\"ListItem\",\"position\":1,\"name\":\"Inici\",\"item\":\"https:\\\/\\\/serhs.com\\\/es\\\/\"},{\"@type\":\"ListItem\",\"position\":2,\"name\":\"Ramon Bag\u00f3: emprendimiento, trabajo y compromiso\"}]},{\"@type\":\"WebSite\",\"@id\":\"https:\\\/\\\/serhs.com\\\/es\\\/#website\",\"url\":\"https:\\\/\\\/serhs.com\\\/es\\\/\",\"name\":\"SERHS\",\"description\":\"El primer grup Tur\u00edstic de Catalunya\",\"publisher\":{\"@id\":\"https:\\\/\\\/serhs.com\\\/es\\\/#organization\"},\"potentialAction\":[{\"@type\":\"SearchAction\",\"target\":{\"@type\":\"EntryPoint\",\"urlTemplate\":\"https:\\\/\\\/serhs.com\\\/es\\\/?s={search_term_string}\"},\"query-input\":{\"@type\":\"PropertyValueSpecification\",\"valueRequired\":true,\"valueName\":\"search_term_string\"}}],\"inLanguage\":\"es\"},{\"@type\":\"Organization\",\"@id\":\"https:\\\/\\\/serhs.com\\\/es\\\/#organization\",\"name\":\"SERHS\",\"url\":\"https:\\\/\\\/serhs.com\\\/es\\\/\",\"logo\":{\"@type\":\"ImageObject\",\"inLanguage\":\"es\",\"@id\":\"https:\\\/\\\/serhs.com\\\/es\\\/#\\\/schema\\\/logo\\\/image\\\/\",\"url\":\"https:\\\/\\\/serhs.com\\\/wp-content\\\/uploads\\\/2018\\\/05\\\/logoSERHS200.png\",\"contentUrl\":\"https:\\\/\\\/serhs.com\\\/wp-content\\\/uploads\\\/2018\\\/05\\\/logoSERHS200.png\",\"width\":200,\"height\":67,\"caption\":\"SERHS\"},\"image\":{\"@id\":\"https:\\\/\\\/serhs.com\\\/es\\\/#\\\/schema\\\/logo\\\/image\\\/\"},\"sameAs\":[\"https:\\\/\\\/www.facebook.com\\\/grupserhs\",\"https:\\\/\\\/www.linkedin.com\\\/company\\\/grup-serhs\",\"https:\\\/\\\/www.instagram.com\\\/serhsoficial\\\/\"]},{\"@type\":\"Person\",\"@id\":\"https:\\\/\\\/serhs.com\\\/es\\\/#\\\/schema\\\/person\\\/ab392817d75ed759c372c3f7a40828aa\",\"name\":\"SOCIAL\",\"url\":\"https:\\\/\\\/serhs.com\\\/es\\\/author\\\/rf\\\/\"}]}<\/script>\n<!-- \/ Yoast SEO plugin. -->","yoast_head_json":{"title":"Ramon Bag\u00f3 y Agull\u00f3: emprendimiento, trabajo y compromiso","description":"El martes - 3 de abril - por la ma\u00f1ana, nos dej\u00f3 el Sr. Ramon Bag\u00f3 i Agull\u00f3, emprendedor, cofundador y Presidente de SERHS S \/ Coop. y del GRUP SERHS, S.A., Creu de Sant Jordi, Medalla del President Maci\u00e0 y Medalla de Oro e Hijo predilecto de la ciudad de Calella.","robots":{"index":"index","follow":"follow","max-snippet":"max-snippet:-1","max-image-preview":"max-image-preview:large","max-video-preview":"max-video-preview:-1"},"canonical":"https:\/\/serhs.com\/es\/ramon-bago-emprendimiento-trabajo-y-compromiso\/","og_locale":"es_ES","og_type":"article","og_title":"Ramon Bag\u00f3 y Agull\u00f3: emprendimiento, trabajo y compromiso","og_description":"El martes - 3 de abril - por la ma\u00f1ana, nos dej\u00f3 el Sr. Ramon Bag\u00f3 i Agull\u00f3, emprendedor, cofundador y Presidente de SERHS S \/ Coop. y del GRUP SERHS, S.A., Creu de Sant Jordi, Medalla del President Maci\u00e0 y Medalla de Oro e Hijo predilecto de la ciudad de Calella.","og_url":"https:\/\/serhs.com\/es\/ramon-bago-emprendimiento-trabajo-y-compromiso\/","og_site_name":"SERHS","article_publisher":"https:\/\/www.facebook.com\/grupserhs","article_published_time":"2018-04-05T08:21:56+00:00","article_modified_time":"2018-08-20T11:21:41+00:00","og_image":[{"width":886,"height":591,"url":"https:\/\/serhs.com\/wp-content\/uploads\/2018\/04\/ramon-bago-emprenedoria-treball-i-compromis.jpg","type":"image\/jpeg"}],"author":"SOCIAL","twitter_card":"summary_large_image","twitter_misc":{"Escrito por":"SOCIAL","Tiempo de lectura":"4 minutos"},"schema":{"@context":"https:\/\/schema.org","@graph":[{"@type":"Article","@id":"https:\/\/serhs.com\/es\/ramon-bago-emprendimiento-trabajo-y-compromiso\/#article","isPartOf":{"@id":"https:\/\/serhs.com\/es\/ramon-bago-emprendimiento-trabajo-y-compromiso\/"},"author":{"name":"SOCIAL","@id":"https:\/\/serhs.com\/es\/#\/schema\/person\/ab392817d75ed759c372c3f7a40828aa"},"headline":"Ramon Bag\u00f3: emprendimiento, trabajo y compromiso","datePublished":"2018-04-05T08:21:56+00:00","dateModified":"2018-08-20T11:21:41+00:00","mainEntityOfPage":{"@id":"https:\/\/serhs.com\/es\/ramon-bago-emprendimiento-trabajo-y-compromiso\/"},"wordCount":744,"publisher":{"@id":"https:\/\/serhs.com\/es\/#organization"},"image":{"@id":"https:\/\/serhs.com\/es\/ramon-bago-emprendimiento-trabajo-y-compromiso\/#primaryimage"},"thumbnailUrl":"https:\/\/serhs.com\/wp-content\/uploads\/2018\/04\/ramon-bago-emprenedoria-treball-i-compromis.jpg","articleSection":["Corporaci\u00f3n"],"inLanguage":"es"},{"@type":"WebPage","@id":"https:\/\/serhs.com\/es\/ramon-bago-emprendimiento-trabajo-y-compromiso\/","url":"https:\/\/serhs.com\/es\/ramon-bago-emprendimiento-trabajo-y-compromiso\/","name":"Ramon Bag\u00f3 y Agull\u00f3: emprendimiento, trabajo y compromiso","isPartOf":{"@id":"https:\/\/serhs.com\/es\/#website"},"primaryImageOfPage":{"@id":"https:\/\/serhs.com\/es\/ramon-bago-emprendimiento-trabajo-y-compromiso\/#primaryimage"},"image":{"@id":"https:\/\/serhs.com\/es\/ramon-bago-emprendimiento-trabajo-y-compromiso\/#primaryimage"},"thumbnailUrl":"https:\/\/serhs.com\/wp-content\/uploads\/2018\/04\/ramon-bago-emprenedoria-treball-i-compromis.jpg","datePublished":"2018-04-05T08:21:56+00:00","dateModified":"2018-08-20T11:21:41+00:00","description":"El martes - 3 de abril - por la ma\u00f1ana, nos dej\u00f3 el Sr. Ramon Bag\u00f3 i Agull\u00f3, emprendedor, cofundador y Presidente de SERHS S \/ Coop. y del GRUP SERHS, S.A., Creu de Sant Jordi, Medalla del President Maci\u00e0 y Medalla de Oro e Hijo predilecto de la ciudad de Calella.","breadcrumb":{"@id":"https:\/\/serhs.com\/es\/ramon-bago-emprendimiento-trabajo-y-compromiso\/#breadcrumb"},"inLanguage":"es","potentialAction":[{"@type":"ReadAction","target":["https:\/\/serhs.com\/es\/ramon-bago-emprendimiento-trabajo-y-compromiso\/"]}]},{"@type":"ImageObject","inLanguage":"es","@id":"https:\/\/serhs.com\/es\/ramon-bago-emprendimiento-trabajo-y-compromiso\/#primaryimage","url":"https:\/\/serhs.com\/wp-content\/uploads\/2018\/04\/ramon-bago-emprenedoria-treball-i-compromis.jpg","contentUrl":"https:\/\/serhs.com\/wp-content\/uploads\/2018\/04\/ramon-bago-emprenedoria-treball-i-compromis.jpg","width":886,"height":591,"caption":"ramon-bago-emprenedoria-treball-i-compromis"},{"@type":"BreadcrumbList","@id":"https:\/\/serhs.com\/es\/ramon-bago-emprendimiento-trabajo-y-compromiso\/#breadcrumb","itemListElement":[{"@type":"ListItem","position":1,"name":"Inici","item":"https:\/\/serhs.com\/es\/"},{"@type":"ListItem","position":2,"name":"Ramon Bag\u00f3: emprendimiento, trabajo y compromiso"}]},{"@type":"WebSite","@id":"https:\/\/serhs.com\/es\/#website","url":"https:\/\/serhs.com\/es\/","name":"SERHS","description":"El primer grup Tur\u00edstic de Catalunya","publisher":{"@id":"https:\/\/serhs.com\/es\/#organization"},"potentialAction":[{"@type":"SearchAction","target":{"@type":"EntryPoint","urlTemplate":"https:\/\/serhs.com\/es\/?s={search_term_string}"},"query-input":{"@type":"PropertyValueSpecification","valueRequired":true,"valueName":"search_term_string"}}],"inLanguage":"es"},{"@type":"Organization","@id":"https:\/\/serhs.com\/es\/#organization","name":"SERHS","url":"https:\/\/serhs.com\/es\/","logo":{"@type":"ImageObject","inLanguage":"es","@id":"https:\/\/serhs.com\/es\/#\/schema\/logo\/image\/","url":"https:\/\/serhs.com\/wp-content\/uploads\/2018\/05\/logoSERHS200.png","contentUrl":"https:\/\/serhs.com\/wp-content\/uploads\/2018\/05\/logoSERHS200.png","width":200,"height":67,"caption":"SERHS"},"image":{"@id":"https:\/\/serhs.com\/es\/#\/schema\/logo\/image\/"},"sameAs":["https:\/\/www.facebook.com\/grupserhs","https:\/\/www.linkedin.com\/company\/grup-serhs","https:\/\/www.instagram.com\/serhsoficial\/"]},{"@type":"Person","@id":"https:\/\/serhs.com\/es\/#\/schema\/person\/ab392817d75ed759c372c3f7a40828aa","name":"SOCIAL","url":"https:\/\/serhs.com\/es\/author\/rf\/"}]}},"_links":{"self":[{"href":"https:\/\/serhs.com\/es\/wp-json\/wp\/v2\/posts\/14308","targetHints":{"allow":["GET"]}}],"collection":[{"href":"https:\/\/serhs.com\/es\/wp-json\/wp\/v2\/posts"}],"about":[{"href":"https:\/\/serhs.com\/es\/wp-json\/wp\/v2\/types\/post"}],"author":[{"embeddable":true,"href":"https:\/\/serhs.com\/es\/wp-json\/wp\/v2\/users\/19"}],"replies":[{"embeddable":true,"href":"https:\/\/serhs.com\/es\/wp-json\/wp\/v2\/comments?post=14308"}],"version-history":[{"count":0,"href":"https:\/\/serhs.com\/es\/wp-json\/wp\/v2\/posts\/14308\/revisions"}],"wp:featuredmedia":[{"embeddable":true,"href":"https:\/\/serhs.com\/es\/wp-json\/wp\/v2\/media\/14303"}],"wp:attachment":[{"href":"https:\/\/serhs.com\/es\/wp-json\/wp\/v2\/media?parent=14308"}],"wp:term":[{"taxonomy":"category","embeddable":true,"href":"https:\/\/serhs.com\/es\/wp-json\/wp\/v2\/categories?post=14308"},{"taxonomy":"post_tag","embeddable":true,"href":"https:\/\/serhs.com\/es\/wp-json\/wp\/v2\/tags?post=14308"}],"curies":[{"name":"wp","href":"https:\/\/api.w.org\/{rel}","templated":true}]}}