{"id":14319,"date":"2018-04-11T09:36:43","date_gmt":"2018-04-11T08:36:43","guid":{"rendered":"https:\/\/www.serhs.com\/serhs-projects-presente-en-hostelco-del-16-al-19-de-abril\/"},"modified":"2018-08-20T12:38:52","modified_gmt":"2018-08-20T10:38:52","slug":"serhs-projects-presente-en-hostelco-del-16-al-19-de-abril","status":"publish","type":"post","link":"https:\/\/serhs.com\/es\/serhs-projects-presente-en-hostelco-del-16-al-19-de-abril\/","title":{"rendered":"SERHS Projects, presente en Hostelco del 16 al 19 de abril"},"content":{"rendered":"<p>SERHS Projects<span lang=\"ES\">\u00a0estar\u00e1 presente, un a\u00f1o m\u00e1s, en una nueva edici\u00f3n de\u00a0<strong>Hostelco<\/strong>, el Sal\u00f3n del Equipamiento para la Restauraci\u00f3n, Hoteler\u00eda y Colectividades que acoge Fira de Barcelona.<\/span><\/p>\n<p><img decoding=\"async\" class=\"alignnone size-full wp-image-15347\" src=\"https:\/\/serhs.com\/wp-content\/uploads\/2018\/04\/SERHS-Projects-a-Hostelco-2018.jpg\" alt=\"SERHS Projects a Hostelco 2018\" width=\"800\" height=\"600\" srcset=\"https:\/\/serhs.com\/wp-content\/uploads\/2018\/04\/SERHS-Projects-a-Hostelco-2018-200x150.jpg 200w, https:\/\/serhs.com\/wp-content\/uploads\/2018\/04\/SERHS-Projects-a-Hostelco-2018-300x225.jpg 300w, https:\/\/serhs.com\/wp-content\/uploads\/2018\/04\/SERHS-Projects-a-Hostelco-2018-400x300.jpg 400w, https:\/\/serhs.com\/wp-content\/uploads\/2018\/04\/SERHS-Projects-a-Hostelco-2018-600x450.jpg 600w, https:\/\/serhs.com\/wp-content\/uploads\/2018\/04\/SERHS-Projects-a-Hostelco-2018-768x576.jpg 768w, https:\/\/serhs.com\/wp-content\/uploads\/2018\/04\/SERHS-Projects-a-Hostelco-2018.jpg 800w\" sizes=\"(max-width: 800px) 100vw, 800px\" \/><\/p>\n<p>En esta edici\u00f3n\u00a0<strong>Hostelco\u00a0<\/strong>ha unido sus esfuerzos a Alimentaria, y suma as\u00ed las sinergias de dos de los eventos m\u00e1s importantes en sus respectivos sectores. Con esta iniciativa, se ha creado una de las mayores plataformas internacionales para la industria de la alimentaci\u00f3n y la hosteler\u00eda capaz de responder a la demanda y necesidades del sector Horeca y en la que la divisi\u00f3n de\u00a0<b>SERHS Servicios<\/b>\u00a0\u2013\u00a0<span lang=\"ca\"><a href=\"http:\/\/www.serhsserveis.com\/\"><span lang=\"ES\">www.serhsserveis.com<\/span><\/a><\/span><span lang=\"ES\">\u00a0&#8211; podr\u00e1 aportar m\u00e1s de 40 a\u00f1os en el sector de la Hosteler\u00eda y la Restauraci\u00f3n.<\/span><\/p>\n<p>Y lo har\u00e1 a trav\u00e9s de\u00a0<b>SERHS Projects<\/b>, &#8211;\u00a0<span lang=\"ca\"><a href=\"http:\/\/www.serhsprojects.com\/\"><span lang=\"ES\">www.serhsprojects.com-<\/span><\/a><\/span><span lang=\"ES\">\u00a0la unidad de negocio de la divisi\u00f3n de servicios encargada de dise\u00f1ar e implantar proyectos de\u00a0<strong>cocinas profesionales<\/strong>\u00a0adaptadas a las normativas vigentes, espacios de restauraci\u00f3n espec\u00edficos como son buffets, show-cookings, self-services, cafeter\u00edas y barras de bar, y proyectos de\u00a0<strong>cocinas industriales para colectividades<\/strong>\u00a0con las \u00faltimas novedades en innovaci\u00f3n y dise\u00f1o. El stand de SERHS Projects estar\u00e1 ubicado en el\u00a0<b>Recinto Gran Via, Pabell\u00f3n 8 &#8211; Nivel 1- N\u00ba stand D425<\/b>.<\/span><\/p>\n<p>Adem\u00e1s, todos aquellos profesionales que se acerquen hasta el stand de\u00a0<b>SERHS Projects<\/b>, podr\u00e1n conocer la amplia gama de maquinaria y mobiliario disponible a trav\u00e9s de\u00a0<span lang=\"ca\"><span lang=\"ES\"><a href=\"http:\/\/www.serhsequipments.com\/\">www.serhsequipments.com<\/a>, para <strong>cocinas profesionales de hoteles, restaurantes<\/strong>\u00a0y similares, as\u00ed como para\u00a0<\/span><strong><span lang=\"ES\">cocinas de car\u00e1cter industrial.\u00a0<\/span><\/strong><\/span><\/p>\n<p>Con motivo de la celebraci\u00f3n de Hostelco,\u00a0<b>SERHS Servicios<\/b>\u00a0ha puesto en marcha el\u00a0<span lang=\"ca\">sorteo de una\u00a0<i>tablet<\/i>. Consulta los detalles en\u00a0<a href=\"https:\/\/www.serhsequipments.com\/\">https:\/\/www.serhsequipments.com<\/a>.<\/span><\/p>\n","protected":false},"excerpt":{"rendered":"<p>SERHS Projects\u00a0estar\u00e1 presente, un a\u00f1o m\u00e1s, en una nueva edici\u00f3n de\u00a0Hostelco, el Sal\u00f3n del Equipamiento para la Restauraci\u00f3n, Hoteler\u00eda y <a href=\"https:\/\/serhs.com\/es\/serhs-projects-presente-en-hostelco-del-16-al-19-de-abril\/\"> [&#8230;]<\/a><\/p>\n","protected":false},"author":19,"featured_media":15347,"comment_status":"closed","ping_status":"closed","sticky":false,"template":"","format":"standard","meta":{"footnotes":""},"categories":[11,128],"tags":[],"class_list":["post-14319","post","type-post","status-publish","format-standard","has-post-thumbnail","hentry","category-corporacion-serhs","category-servicios"],"yoast_head":"<!-- This site is optimized with the Yoast SEO plugin v27.5 - https:\/\/yoast.com\/product\/yoast-seo-wordpress\/ -->\n<title>SERHS Projects, presente en Hostelco del 16 al 19 de abril<\/title>\n<meta name=\"description\" content=\"SERHS Projects\u00a0estar\u00e1 presente, un a\u00f1o m\u00e1s, en una nueva edici\u00f3n de\u00a0Hostelco, el Sal\u00f3n del Equipamiento para la Restauraci\u00f3n, Hoteler\u00eda y Colectividades que acoge Fira de Barcelona. En esta edici\u00f3n\u00a0Hostelco\u00a0ha unido sus esfuerzos a Alimentaria...\" \/>\n<meta name=\"robots\" content=\"index, follow, max-snippet:-1, max-image-preview:large, max-video-preview:-1\" \/>\n<link rel=\"canonical\" href=\"https:\/\/serhs.com\/es\/serhs-projects-presente-en-hostelco-del-16-al-19-de-abril\/\" \/>\n<meta property=\"og:locale\" content=\"es_ES\" \/>\n<meta property=\"og:type\" content=\"article\" \/>\n<meta property=\"og:title\" content=\"SERHS Projects, presente en Hostelco del 16 al 19 de abril\" \/>\n<meta property=\"og:description\" content=\"SERHS Projects\u00a0estar\u00e1 presente, un a\u00f1o m\u00e1s, en una nueva edici\u00f3n de\u00a0Hostelco, el Sal\u00f3n del Equipamiento para la Restauraci\u00f3n, Hoteler\u00eda y Colectividades que acoge Fira de Barcelona. En esta edici\u00f3n\u00a0Hostelco\u00a0ha unido sus esfuerzos a Alimentaria...\" \/>\n<meta property=\"og:url\" content=\"https:\/\/serhs.com\/es\/serhs-projects-presente-en-hostelco-del-16-al-19-de-abril\/\" \/>\n<meta property=\"og:site_name\" content=\"SERHS\" \/>\n<meta property=\"article:publisher\" content=\"https:\/\/www.facebook.com\/grupserhs\" \/>\n<meta property=\"article:published_time\" content=\"2018-04-11T08:36:43+00:00\" \/>\n<meta property=\"article:modified_time\" content=\"2018-08-20T10:38:52+00:00\" \/>\n<meta property=\"og:image\" content=\"https:\/\/serhs.com\/wp-content\/uploads\/2018\/04\/SERHS-Projects-a-Hostelco-2018.jpg\" \/>\n\t<meta property=\"og:image:width\" content=\"800\" \/>\n\t<meta property=\"og:image:height\" content=\"600\" \/>\n\t<meta property=\"og:image:type\" content=\"image\/jpeg\" \/>\n<meta name=\"author\" content=\"SOCIAL\" \/>\n<meta name=\"twitter:card\" content=\"summary_large_image\" \/>\n<meta name=\"twitter:label1\" content=\"Escrito por\" \/>\n\t<meta name=\"twitter:data1\" content=\"SOCIAL\" \/>\n\t<meta name=\"twitter:label2\" content=\"Tiempo de lectura\" \/>\n\t<meta name=\"twitter:data2\" content=\"1 minuto\" \/>\n<script type=\"application\/ld+json\" class=\"yoast-schema-graph\">{\"@context\":\"https:\\\/\\\/schema.org\",\"@graph\":[{\"@type\":\"Article\",\"@id\":\"https:\\\/\\\/serhs.com\\\/es\\\/serhs-projects-presente-en-hostelco-del-16-al-19-de-abril\\\/#article\",\"isPartOf\":{\"@id\":\"https:\\\/\\\/serhs.com\\\/es\\\/serhs-projects-presente-en-hostelco-del-16-al-19-de-abril\\\/\"},\"author\":{\"name\":\"SOCIAL\",\"@id\":\"https:\\\/\\\/serhs.com\\\/es\\\/#\\\/schema\\\/person\\\/ab392817d75ed759c372c3f7a40828aa\"},\"headline\":\"SERHS Projects, presente en Hostelco del 16 al 19 de abril\",\"datePublished\":\"2018-04-11T08:36:43+00:00\",\"dateModified\":\"2018-08-20T10:38:52+00:00\",\"mainEntityOfPage\":{\"@id\":\"https:\\\/\\\/serhs.com\\\/es\\\/serhs-projects-presente-en-hostelco-del-16-al-19-de-abril\\\/\"},\"wordCount\":304,\"publisher\":{\"@id\":\"https:\\\/\\\/serhs.com\\\/es\\\/#organization\"},\"image\":{\"@id\":\"https:\\\/\\\/serhs.com\\\/es\\\/serhs-projects-presente-en-hostelco-del-16-al-19-de-abril\\\/#primaryimage\"},\"thumbnailUrl\":\"https:\\\/\\\/serhs.com\\\/wp-content\\\/uploads\\\/2018\\\/04\\\/SERHS-Projects-a-Hostelco-2018.jpg\",\"articleSection\":[\"Corporaci\u00f3n\",\"Servicios\"],\"inLanguage\":\"es\"},{\"@type\":\"WebPage\",\"@id\":\"https:\\\/\\\/serhs.com\\\/es\\\/serhs-projects-presente-en-hostelco-del-16-al-19-de-abril\\\/\",\"url\":\"https:\\\/\\\/serhs.com\\\/es\\\/serhs-projects-presente-en-hostelco-del-16-al-19-de-abril\\\/\",\"name\":\"SERHS Projects, presente en Hostelco del 16 al 19 de abril\",\"isPartOf\":{\"@id\":\"https:\\\/\\\/serhs.com\\\/es\\\/#website\"},\"primaryImageOfPage\":{\"@id\":\"https:\\\/\\\/serhs.com\\\/es\\\/serhs-projects-presente-en-hostelco-del-16-al-19-de-abril\\\/#primaryimage\"},\"image\":{\"@id\":\"https:\\\/\\\/serhs.com\\\/es\\\/serhs-projects-presente-en-hostelco-del-16-al-19-de-abril\\\/#primaryimage\"},\"thumbnailUrl\":\"https:\\\/\\\/serhs.com\\\/wp-content\\\/uploads\\\/2018\\\/04\\\/SERHS-Projects-a-Hostelco-2018.jpg\",\"datePublished\":\"2018-04-11T08:36:43+00:00\",\"dateModified\":\"2018-08-20T10:38:52+00:00\",\"description\":\"SERHS Projects\u00a0estar\u00e1 presente, un a\u00f1o m\u00e1s, en una nueva edici\u00f3n de\u00a0Hostelco, el Sal\u00f3n del Equipamiento para la Restauraci\u00f3n, Hoteler\u00eda y Colectividades que acoge Fira de Barcelona. En esta edici\u00f3n\u00a0Hostelco\u00a0ha unido sus esfuerzos a Alimentaria...\",\"breadcrumb\":{\"@id\":\"https:\\\/\\\/serhs.com\\\/es\\\/serhs-projects-presente-en-hostelco-del-16-al-19-de-abril\\\/#breadcrumb\"},\"inLanguage\":\"es\",\"potentialAction\":[{\"@type\":\"ReadAction\",\"target\":[\"https:\\\/\\\/serhs.com\\\/es\\\/serhs-projects-presente-en-hostelco-del-16-al-19-de-abril\\\/\"]}]},{\"@type\":\"ImageObject\",\"inLanguage\":\"es\",\"@id\":\"https:\\\/\\\/serhs.com\\\/es\\\/serhs-projects-presente-en-hostelco-del-16-al-19-de-abril\\\/#primaryimage\",\"url\":\"https:\\\/\\\/serhs.com\\\/wp-content\\\/uploads\\\/2018\\\/04\\\/SERHS-Projects-a-Hostelco-2018.jpg\",\"contentUrl\":\"https:\\\/\\\/serhs.com\\\/wp-content\\\/uploads\\\/2018\\\/04\\\/SERHS-Projects-a-Hostelco-2018.jpg\",\"width\":800,\"height\":600,\"caption\":\"SERHS Projects a Hostelco 2018\"},{\"@type\":\"BreadcrumbList\",\"@id\":\"https:\\\/\\\/serhs.com\\\/es\\\/serhs-projects-presente-en-hostelco-del-16-al-19-de-abril\\\/#breadcrumb\",\"itemListElement\":[{\"@type\":\"ListItem\",\"position\":1,\"name\":\"Inici\",\"item\":\"https:\\\/\\\/serhs.com\\\/es\\\/\"},{\"@type\":\"ListItem\",\"position\":2,\"name\":\"SERHS Projects, presente en Hostelco del 16 al 19 de abril\"}]},{\"@type\":\"WebSite\",\"@id\":\"https:\\\/\\\/serhs.com\\\/es\\\/#website\",\"url\":\"https:\\\/\\\/serhs.com\\\/es\\\/\",\"name\":\"SERHS\",\"description\":\"El primer grup Tur\u00edstic de Catalunya\",\"publisher\":{\"@id\":\"https:\\\/\\\/serhs.com\\\/es\\\/#organization\"},\"potentialAction\":[{\"@type\":\"SearchAction\",\"target\":{\"@type\":\"EntryPoint\",\"urlTemplate\":\"https:\\\/\\\/serhs.com\\\/es\\\/?s={search_term_string}\"},\"query-input\":{\"@type\":\"PropertyValueSpecification\",\"valueRequired\":true,\"valueName\":\"search_term_string\"}}],\"inLanguage\":\"es\"},{\"@type\":\"Organization\",\"@id\":\"https:\\\/\\\/serhs.com\\\/es\\\/#organization\",\"name\":\"SERHS\",\"url\":\"https:\\\/\\\/serhs.com\\\/es\\\/\",\"logo\":{\"@type\":\"ImageObject\",\"inLanguage\":\"es\",\"@id\":\"https:\\\/\\\/serhs.com\\\/es\\\/#\\\/schema\\\/logo\\\/image\\\/\",\"url\":\"https:\\\/\\\/serhs.com\\\/wp-content\\\/uploads\\\/2018\\\/05\\\/logoSERHS200.png\",\"contentUrl\":\"https:\\\/\\\/serhs.com\\\/wp-content\\\/uploads\\\/2018\\\/05\\\/logoSERHS200.png\",\"width\":200,\"height\":67,\"caption\":\"SERHS\"},\"image\":{\"@id\":\"https:\\\/\\\/serhs.com\\\/es\\\/#\\\/schema\\\/logo\\\/image\\\/\"},\"sameAs\":[\"https:\\\/\\\/www.facebook.com\\\/grupserhs\",\"https:\\\/\\\/www.linkedin.com\\\/company\\\/grup-serhs\",\"https:\\\/\\\/www.instagram.com\\\/serhsoficial\\\/\"]},{\"@type\":\"Person\",\"@id\":\"https:\\\/\\\/serhs.com\\\/es\\\/#\\\/schema\\\/person\\\/ab392817d75ed759c372c3f7a40828aa\",\"name\":\"SOCIAL\",\"url\":\"https:\\\/\\\/serhs.com\\\/es\\\/author\\\/rf\\\/\"}]}<\/script>\n<!-- \/ Yoast SEO plugin. -->","yoast_head_json":{"title":"SERHS Projects, presente en Hostelco del 16 al 19 de abril","description":"SERHS Projects\u00a0estar\u00e1 presente, un a\u00f1o m\u00e1s, en una nueva edici\u00f3n de\u00a0Hostelco, el Sal\u00f3n del Equipamiento para la Restauraci\u00f3n, Hoteler\u00eda y Colectividades que acoge Fira de Barcelona. En esta edici\u00f3n\u00a0Hostelco\u00a0ha unido sus esfuerzos a Alimentaria...","robots":{"index":"index","follow":"follow","max-snippet":"max-snippet:-1","max-image-preview":"max-image-preview:large","max-video-preview":"max-video-preview:-1"},"canonical":"https:\/\/serhs.com\/es\/serhs-projects-presente-en-hostelco-del-16-al-19-de-abril\/","og_locale":"es_ES","og_type":"article","og_title":"SERHS Projects, presente en Hostelco del 16 al 19 de abril","og_description":"SERHS Projects\u00a0estar\u00e1 presente, un a\u00f1o m\u00e1s, en una nueva edici\u00f3n de\u00a0Hostelco, el Sal\u00f3n del Equipamiento para la Restauraci\u00f3n, Hoteler\u00eda y Colectividades que acoge Fira de Barcelona. En esta edici\u00f3n\u00a0Hostelco\u00a0ha unido sus esfuerzos a Alimentaria...","og_url":"https:\/\/serhs.com\/es\/serhs-projects-presente-en-hostelco-del-16-al-19-de-abril\/","og_site_name":"SERHS","article_publisher":"https:\/\/www.facebook.com\/grupserhs","article_published_time":"2018-04-11T08:36:43+00:00","article_modified_time":"2018-08-20T10:38:52+00:00","og_image":[{"width":800,"height":600,"url":"https:\/\/serhs.com\/wp-content\/uploads\/2018\/04\/SERHS-Projects-a-Hostelco-2018.jpg","type":"image\/jpeg"}],"author":"SOCIAL","twitter_card":"summary_large_image","twitter_misc":{"Escrito por":"SOCIAL","Tiempo de lectura":"1 minuto"},"schema":{"@context":"https:\/\/schema.org","@graph":[{"@type":"Article","@id":"https:\/\/serhs.com\/es\/serhs-projects-presente-en-hostelco-del-16-al-19-de-abril\/#article","isPartOf":{"@id":"https:\/\/serhs.com\/es\/serhs-projects-presente-en-hostelco-del-16-al-19-de-abril\/"},"author":{"name":"SOCIAL","@id":"https:\/\/serhs.com\/es\/#\/schema\/person\/ab392817d75ed759c372c3f7a40828aa"},"headline":"SERHS Projects, presente en Hostelco del 16 al 19 de abril","datePublished":"2018-04-11T08:36:43+00:00","dateModified":"2018-08-20T10:38:52+00:00","mainEntityOfPage":{"@id":"https:\/\/serhs.com\/es\/serhs-projects-presente-en-hostelco-del-16-al-19-de-abril\/"},"wordCount":304,"publisher":{"@id":"https:\/\/serhs.com\/es\/#organization"},"image":{"@id":"https:\/\/serhs.com\/es\/serhs-projects-presente-en-hostelco-del-16-al-19-de-abril\/#primaryimage"},"thumbnailUrl":"https:\/\/serhs.com\/wp-content\/uploads\/2018\/04\/SERHS-Projects-a-Hostelco-2018.jpg","articleSection":["Corporaci\u00f3n","Servicios"],"inLanguage":"es"},{"@type":"WebPage","@id":"https:\/\/serhs.com\/es\/serhs-projects-presente-en-hostelco-del-16-al-19-de-abril\/","url":"https:\/\/serhs.com\/es\/serhs-projects-presente-en-hostelco-del-16-al-19-de-abril\/","name":"SERHS Projects, presente en Hostelco del 16 al 19 de abril","isPartOf":{"@id":"https:\/\/serhs.com\/es\/#website"},"primaryImageOfPage":{"@id":"https:\/\/serhs.com\/es\/serhs-projects-presente-en-hostelco-del-16-al-19-de-abril\/#primaryimage"},"image":{"@id":"https:\/\/serhs.com\/es\/serhs-projects-presente-en-hostelco-del-16-al-19-de-abril\/#primaryimage"},"thumbnailUrl":"https:\/\/serhs.com\/wp-content\/uploads\/2018\/04\/SERHS-Projects-a-Hostelco-2018.jpg","datePublished":"2018-04-11T08:36:43+00:00","dateModified":"2018-08-20T10:38:52+00:00","description":"SERHS Projects\u00a0estar\u00e1 presente, un a\u00f1o m\u00e1s, en una nueva edici\u00f3n de\u00a0Hostelco, el Sal\u00f3n del Equipamiento para la Restauraci\u00f3n, Hoteler\u00eda y Colectividades que acoge Fira de Barcelona. En esta edici\u00f3n\u00a0Hostelco\u00a0ha unido sus esfuerzos a Alimentaria...","breadcrumb":{"@id":"https:\/\/serhs.com\/es\/serhs-projects-presente-en-hostelco-del-16-al-19-de-abril\/#breadcrumb"},"inLanguage":"es","potentialAction":[{"@type":"ReadAction","target":["https:\/\/serhs.com\/es\/serhs-projects-presente-en-hostelco-del-16-al-19-de-abril\/"]}]},{"@type":"ImageObject","inLanguage":"es","@id":"https:\/\/serhs.com\/es\/serhs-projects-presente-en-hostelco-del-16-al-19-de-abril\/#primaryimage","url":"https:\/\/serhs.com\/wp-content\/uploads\/2018\/04\/SERHS-Projects-a-Hostelco-2018.jpg","contentUrl":"https:\/\/serhs.com\/wp-content\/uploads\/2018\/04\/SERHS-Projects-a-Hostelco-2018.jpg","width":800,"height":600,"caption":"SERHS Projects a Hostelco 2018"},{"@type":"BreadcrumbList","@id":"https:\/\/serhs.com\/es\/serhs-projects-presente-en-hostelco-del-16-al-19-de-abril\/#breadcrumb","itemListElement":[{"@type":"ListItem","position":1,"name":"Inici","item":"https:\/\/serhs.com\/es\/"},{"@type":"ListItem","position":2,"name":"SERHS Projects, presente en Hostelco del 16 al 19 de abril"}]},{"@type":"WebSite","@id":"https:\/\/serhs.com\/es\/#website","url":"https:\/\/serhs.com\/es\/","name":"SERHS","description":"El primer grup Tur\u00edstic de Catalunya","publisher":{"@id":"https:\/\/serhs.com\/es\/#organization"},"potentialAction":[{"@type":"SearchAction","target":{"@type":"EntryPoint","urlTemplate":"https:\/\/serhs.com\/es\/?s={search_term_string}"},"query-input":{"@type":"PropertyValueSpecification","valueRequired":true,"valueName":"search_term_string"}}],"inLanguage":"es"},{"@type":"Organization","@id":"https:\/\/serhs.com\/es\/#organization","name":"SERHS","url":"https:\/\/serhs.com\/es\/","logo":{"@type":"ImageObject","inLanguage":"es","@id":"https:\/\/serhs.com\/es\/#\/schema\/logo\/image\/","url":"https:\/\/serhs.com\/wp-content\/uploads\/2018\/05\/logoSERHS200.png","contentUrl":"https:\/\/serhs.com\/wp-content\/uploads\/2018\/05\/logoSERHS200.png","width":200,"height":67,"caption":"SERHS"},"image":{"@id":"https:\/\/serhs.com\/es\/#\/schema\/logo\/image\/"},"sameAs":["https:\/\/www.facebook.com\/grupserhs","https:\/\/www.linkedin.com\/company\/grup-serhs","https:\/\/www.instagram.com\/serhsoficial\/"]},{"@type":"Person","@id":"https:\/\/serhs.com\/es\/#\/schema\/person\/ab392817d75ed759c372c3f7a40828aa","name":"SOCIAL","url":"https:\/\/serhs.com\/es\/author\/rf\/"}]}},"_links":{"self":[{"href":"https:\/\/serhs.com\/es\/wp-json\/wp\/v2\/posts\/14319","targetHints":{"allow":["GET"]}}],"collection":[{"href":"https:\/\/serhs.com\/es\/wp-json\/wp\/v2\/posts"}],"about":[{"href":"https:\/\/serhs.com\/es\/wp-json\/wp\/v2\/types\/post"}],"author":[{"embeddable":true,"href":"https:\/\/serhs.com\/es\/wp-json\/wp\/v2\/users\/19"}],"replies":[{"embeddable":true,"href":"https:\/\/serhs.com\/es\/wp-json\/wp\/v2\/comments?post=14319"}],"version-history":[{"count":0,"href":"https:\/\/serhs.com\/es\/wp-json\/wp\/v2\/posts\/14319\/revisions"}],"wp:featuredmedia":[{"embeddable":true,"href":"https:\/\/serhs.com\/es\/wp-json\/wp\/v2\/media\/15347"}],"wp:attachment":[{"href":"https:\/\/serhs.com\/es\/wp-json\/wp\/v2\/media?parent=14319"}],"wp:term":[{"taxonomy":"category","embeddable":true,"href":"https:\/\/serhs.com\/es\/wp-json\/wp\/v2\/categories?post=14319"},{"taxonomy":"post_tag","embeddable":true,"href":"https:\/\/serhs.com\/es\/wp-json\/wp\/v2\/tags?post=14319"}],"curies":[{"name":"wp","href":"https:\/\/api.w.org\/{rel}","templated":true}]}}