{"id":15249,"date":"2018-04-20T18:01:59","date_gmt":"2018-04-20T17:01:59","guid":{"rendered":"https:\/\/www.serhs.com\/?p=15249"},"modified":"2018-08-20T13:08:36","modified_gmt":"2018-08-20T11:08:36","slug":"ramon-bago-reconocido-con-el-premio-alimara-in-memoriam","status":"publish","type":"post","link":"https:\/\/serhs.com\/es\/ramon-bago-reconocido-con-el-premio-alimara-in-memoriam\/","title":{"rendered":"Ramon Bag\u00f3, reconocido con el Premio Alimara In Memoriam"},"content":{"rendered":"<p dir=\"ltr\">Ayer jueves 19 de abril, por la tarde, el CETT &#8211; Campus Internacional de Turismo, Hoteler\u00eda y Gastronom\u00eda adscrito a la Universidad de Barcelona reconoci\u00f3 a Ramon Bag\u00f3 i Agull\u00f3, cofundador y presidente de SERHS desde 1975 hasta 2018, con el Premio Alimara In Memoriam. Este galard\u00f3n a t\u00edtulo p\u00f3stumo, que recogi\u00f3 Magda Mons, esposa de Ramon Bag\u00f3, llega en un momento especial para la corporaci\u00f3n y para sus profesionales, cuando s\u00f3lo hace poco m\u00e1s de dos semanas de su defunci\u00f3n.<\/p>\n<p dir=\"ltr\"><img decoding=\"async\" class=\"alignnone size-full wp-image-15250\" src=\"https:\/\/serhs.com\/wp-content\/uploads\/2018\/04\/Ramon-Bag\u00f3-reconegut-amb-el-Premi-Alimara-In-Memoriam.jpg\" alt=\"Ramon Bag\u00f3, reconegut amb el Premi Alimara In Memoriam\" width=\"800\" height=\"600\" srcset=\"https:\/\/serhs.com\/wp-content\/uploads\/2018\/04\/Ramon-Bag\u00f3-reconegut-amb-el-Premi-Alimara-In-Memoriam-200x150.jpg 200w, https:\/\/serhs.com\/wp-content\/uploads\/2018\/04\/Ramon-Bag\u00f3-reconegut-amb-el-Premi-Alimara-In-Memoriam-300x225.jpg 300w, https:\/\/serhs.com\/wp-content\/uploads\/2018\/04\/Ramon-Bag\u00f3-reconegut-amb-el-Premi-Alimara-In-Memoriam-400x300.jpg 400w, https:\/\/serhs.com\/wp-content\/uploads\/2018\/04\/Ramon-Bag\u00f3-reconegut-amb-el-Premi-Alimara-In-Memoriam-600x450.jpg 600w, https:\/\/serhs.com\/wp-content\/uploads\/2018\/04\/Ramon-Bag\u00f3-reconegut-amb-el-Premi-Alimara-In-Memoriam-768x576.jpg 768w, https:\/\/serhs.com\/wp-content\/uploads\/2018\/04\/Ramon-Bag\u00f3-reconegut-amb-el-Premi-Alimara-In-Memoriam.jpg 800w\" sizes=\"(max-width: 800px) 100vw, 800px\" \/><br class=\"kix-line-break\" \/>\u00a0\u00a0<br class=\"kix-line-break\" \/>El Premio Alimara In Memoriam al que fuera presidente de SERHS se convierte en un premio especial, en muchos sentidos, y se suma a otros reconocimientos que Ramon Bag\u00f3 recibi\u00f3 a lo largo de su vida como, por ejemplo, la Creu de Sant Jordi, la Medalla del President Maci\u00e0 y la Medalla de Oro y el nombramiento de Hijo predilecto de la ciudad de Calella.<\/p>\n<p dir=\"ltr\"><strong>Unos premios con m\u00e1s de 30 a\u00f1os de compromiso con el turismo<\/strong><\/p>\n<p dir=\"ltr\">El CETT, Campus Internacional de Turismo, Hoteler\u00eda y Gastronom\u00eda adscrito a la Universidad de Barcelona, \u200b\u200bconvocaba este a\u00f1o la XXXIV edici\u00f3n de los Premios Alimara. Turismo 360. Unos premios a la promoci\u00f3n tur\u00edstica, con el objetivo de generar una fotograf\u00eda panor\u00e1mica del turismo con una visi\u00f3n de 360 \u200b\u200bgrados.<\/p>\n<p dir=\"ltr\">As\u00ed pues, este a\u00f1o, los Premios Alimara del CETT cumpl\u00edan 34 a\u00f1os, tiempo durante el cual se han convertido en un referente en el \u00e1mbito tur\u00edstico, tanto nacional como internacional y que priorizan aportar una visi\u00f3n transversal del sector.<\/p>\n","protected":false},"excerpt":{"rendered":"<p>Ayer jueves 19 de abril, por la tarde, el CETT &#8211; Campus Internacional de Turismo, Hoteler\u00eda y Gastronom\u00eda adscrito a <a href=\"https:\/\/serhs.com\/es\/ramon-bago-reconocido-con-el-premio-alimara-in-memoriam\/\"> [&#8230;]<\/a><\/p>\n","protected":false},"author":19,"featured_media":15250,"comment_status":"closed","ping_status":"closed","sticky":false,"template":"","format":"standard","meta":{"footnotes":""},"categories":[11],"tags":[],"class_list":["post-15249","post","type-post","status-publish","format-standard","has-post-thumbnail","hentry","category-corporacion-serhs"],"yoast_head":"<!-- This site is optimized with the Yoast SEO plugin v27.5 - https:\/\/yoast.com\/product\/yoast-seo-wordpress\/ -->\n<title>Ramon Bag\u00f3, reconocido con el Premio Alimara In Memoriam<\/title>\n<meta name=\"description\" content=\"Ayer jueves 19 de abril, por la tarde, el CETT - Campus Internacional de Turismo, Hoteler\u00eda y Gastronom\u00eda adscrito a la Universidad de Barcelona reconoci\u00f3 a Ramon Bag\u00f3 i Agull\u00f3, cofundador y presidente de SERHS desde 1975 hasta 2018, con el Premio Alimara In Memoriam.\" \/>\n<meta name=\"robots\" content=\"index, follow, max-snippet:-1, max-image-preview:large, max-video-preview:-1\" \/>\n<link rel=\"canonical\" href=\"https:\/\/serhs.com\/es\/ramon-bago-reconocido-con-el-premio-alimara-in-memoriam\/\" \/>\n<meta property=\"og:locale\" content=\"es_ES\" \/>\n<meta property=\"og:type\" content=\"article\" \/>\n<meta property=\"og:title\" content=\"Ramon Bag\u00f3, reconocido con el Premio Alimara In Memoriam\" \/>\n<meta property=\"og:description\" content=\"Ayer jueves 19 de abril, por la tarde, el CETT - Campus Internacional de Turismo, Hoteler\u00eda y Gastronom\u00eda adscrito a la Universidad de Barcelona reconoci\u00f3 a Ramon Bag\u00f3 i Agull\u00f3, cofundador y presidente de SERHS desde 1975 hasta 2018, con el Premio Alimara In Memoriam.\" \/>\n<meta property=\"og:url\" content=\"https:\/\/serhs.com\/es\/ramon-bago-reconocido-con-el-premio-alimara-in-memoriam\/\" \/>\n<meta property=\"og:site_name\" content=\"SERHS\" \/>\n<meta property=\"article:publisher\" content=\"https:\/\/www.facebook.com\/grupserhs\" \/>\n<meta property=\"article:published_time\" content=\"2018-04-20T17:01:59+00:00\" \/>\n<meta property=\"article:modified_time\" content=\"2018-08-20T11:08:36+00:00\" \/>\n<meta property=\"og:image\" content=\"https:\/\/serhs.com\/wp-content\/uploads\/2018\/04\/Ramon-Bag\u00f3-reconegut-amb-el-Premi-Alimara-In-Memoriam.jpg\" \/>\n\t<meta property=\"og:image:width\" content=\"800\" \/>\n\t<meta property=\"og:image:height\" content=\"600\" \/>\n\t<meta property=\"og:image:type\" content=\"image\/jpeg\" \/>\n<meta name=\"author\" content=\"SOCIAL\" \/>\n<meta name=\"twitter:card\" content=\"summary_large_image\" \/>\n<meta name=\"twitter:label1\" content=\"Escrito por\" \/>\n\t<meta name=\"twitter:data1\" content=\"SOCIAL\" \/>\n\t<meta name=\"twitter:label2\" content=\"Tiempo de lectura\" \/>\n\t<meta name=\"twitter:data2\" content=\"1 minuto\" \/>\n<script type=\"application\/ld+json\" class=\"yoast-schema-graph\">{\"@context\":\"https:\\\/\\\/schema.org\",\"@graph\":[{\"@type\":\"Article\",\"@id\":\"https:\\\/\\\/serhs.com\\\/es\\\/ramon-bago-reconocido-con-el-premio-alimara-in-memoriam\\\/#article\",\"isPartOf\":{\"@id\":\"https:\\\/\\\/serhs.com\\\/es\\\/ramon-bago-reconocido-con-el-premio-alimara-in-memoriam\\\/\"},\"author\":{\"name\":\"SOCIAL\",\"@id\":\"https:\\\/\\\/serhs.com\\\/es\\\/#\\\/schema\\\/person\\\/ab392817d75ed759c372c3f7a40828aa\"},\"headline\":\"Ramon Bag\u00f3, reconocido con el Premio Alimara In Memoriam\",\"datePublished\":\"2018-04-20T17:01:59+00:00\",\"dateModified\":\"2018-08-20T11:08:36+00:00\",\"mainEntityOfPage\":{\"@id\":\"https:\\\/\\\/serhs.com\\\/es\\\/ramon-bago-reconocido-con-el-premio-alimara-in-memoriam\\\/\"},\"wordCount\":273,\"publisher\":{\"@id\":\"https:\\\/\\\/serhs.com\\\/es\\\/#organization\"},\"image\":{\"@id\":\"https:\\\/\\\/serhs.com\\\/es\\\/ramon-bago-reconocido-con-el-premio-alimara-in-memoriam\\\/#primaryimage\"},\"thumbnailUrl\":\"https:\\\/\\\/serhs.com\\\/wp-content\\\/uploads\\\/2018\\\/04\\\/Ramon-Bag\u00f3-reconegut-amb-el-Premi-Alimara-In-Memoriam.jpg\",\"articleSection\":[\"Corporaci\u00f3n\"],\"inLanguage\":\"es\"},{\"@type\":\"WebPage\",\"@id\":\"https:\\\/\\\/serhs.com\\\/es\\\/ramon-bago-reconocido-con-el-premio-alimara-in-memoriam\\\/\",\"url\":\"https:\\\/\\\/serhs.com\\\/es\\\/ramon-bago-reconocido-con-el-premio-alimara-in-memoriam\\\/\",\"name\":\"Ramon Bag\u00f3, reconocido con el Premio Alimara In Memoriam\",\"isPartOf\":{\"@id\":\"https:\\\/\\\/serhs.com\\\/es\\\/#website\"},\"primaryImageOfPage\":{\"@id\":\"https:\\\/\\\/serhs.com\\\/es\\\/ramon-bago-reconocido-con-el-premio-alimara-in-memoriam\\\/#primaryimage\"},\"image\":{\"@id\":\"https:\\\/\\\/serhs.com\\\/es\\\/ramon-bago-reconocido-con-el-premio-alimara-in-memoriam\\\/#primaryimage\"},\"thumbnailUrl\":\"https:\\\/\\\/serhs.com\\\/wp-content\\\/uploads\\\/2018\\\/04\\\/Ramon-Bag\u00f3-reconegut-amb-el-Premi-Alimara-In-Memoriam.jpg\",\"datePublished\":\"2018-04-20T17:01:59+00:00\",\"dateModified\":\"2018-08-20T11:08:36+00:00\",\"description\":\"Ayer jueves 19 de abril, por la tarde, el CETT - Campus Internacional de Turismo, Hoteler\u00eda y Gastronom\u00eda adscrito a la Universidad de Barcelona reconoci\u00f3 a Ramon Bag\u00f3 i Agull\u00f3, cofundador y presidente de SERHS desde 1975 hasta 2018, con el Premio Alimara In Memoriam.\",\"breadcrumb\":{\"@id\":\"https:\\\/\\\/serhs.com\\\/es\\\/ramon-bago-reconocido-con-el-premio-alimara-in-memoriam\\\/#breadcrumb\"},\"inLanguage\":\"es\",\"potentialAction\":[{\"@type\":\"ReadAction\",\"target\":[\"https:\\\/\\\/serhs.com\\\/es\\\/ramon-bago-reconocido-con-el-premio-alimara-in-memoriam\\\/\"]}]},{\"@type\":\"ImageObject\",\"inLanguage\":\"es\",\"@id\":\"https:\\\/\\\/serhs.com\\\/es\\\/ramon-bago-reconocido-con-el-premio-alimara-in-memoriam\\\/#primaryimage\",\"url\":\"https:\\\/\\\/serhs.com\\\/wp-content\\\/uploads\\\/2018\\\/04\\\/Ramon-Bag\u00f3-reconegut-amb-el-Premi-Alimara-In-Memoriam.jpg\",\"contentUrl\":\"https:\\\/\\\/serhs.com\\\/wp-content\\\/uploads\\\/2018\\\/04\\\/Ramon-Bag\u00f3-reconegut-amb-el-Premi-Alimara-In-Memoriam.jpg\",\"width\":800,\"height\":600,\"caption\":\"Ramon Bag\u00f3, reconegut amb el Premi Alimara In Memoriam\"},{\"@type\":\"BreadcrumbList\",\"@id\":\"https:\\\/\\\/serhs.com\\\/es\\\/ramon-bago-reconocido-con-el-premio-alimara-in-memoriam\\\/#breadcrumb\",\"itemListElement\":[{\"@type\":\"ListItem\",\"position\":1,\"name\":\"Inici\",\"item\":\"https:\\\/\\\/serhs.com\\\/es\\\/\"},{\"@type\":\"ListItem\",\"position\":2,\"name\":\"Ramon Bag\u00f3, reconocido con el Premio Alimara In Memoriam\"}]},{\"@type\":\"WebSite\",\"@id\":\"https:\\\/\\\/serhs.com\\\/es\\\/#website\",\"url\":\"https:\\\/\\\/serhs.com\\\/es\\\/\",\"name\":\"SERHS\",\"description\":\"El primer grup Tur\u00edstic de Catalunya\",\"publisher\":{\"@id\":\"https:\\\/\\\/serhs.com\\\/es\\\/#organization\"},\"potentialAction\":[{\"@type\":\"SearchAction\",\"target\":{\"@type\":\"EntryPoint\",\"urlTemplate\":\"https:\\\/\\\/serhs.com\\\/es\\\/?s={search_term_string}\"},\"query-input\":{\"@type\":\"PropertyValueSpecification\",\"valueRequired\":true,\"valueName\":\"search_term_string\"}}],\"inLanguage\":\"es\"},{\"@type\":\"Organization\",\"@id\":\"https:\\\/\\\/serhs.com\\\/es\\\/#organization\",\"name\":\"SERHS\",\"url\":\"https:\\\/\\\/serhs.com\\\/es\\\/\",\"logo\":{\"@type\":\"ImageObject\",\"inLanguage\":\"es\",\"@id\":\"https:\\\/\\\/serhs.com\\\/es\\\/#\\\/schema\\\/logo\\\/image\\\/\",\"url\":\"https:\\\/\\\/serhs.com\\\/wp-content\\\/uploads\\\/2018\\\/05\\\/logoSERHS200.png\",\"contentUrl\":\"https:\\\/\\\/serhs.com\\\/wp-content\\\/uploads\\\/2018\\\/05\\\/logoSERHS200.png\",\"width\":200,\"height\":67,\"caption\":\"SERHS\"},\"image\":{\"@id\":\"https:\\\/\\\/serhs.com\\\/es\\\/#\\\/schema\\\/logo\\\/image\\\/\"},\"sameAs\":[\"https:\\\/\\\/www.facebook.com\\\/grupserhs\",\"https:\\\/\\\/www.linkedin.com\\\/company\\\/grup-serhs\",\"https:\\\/\\\/www.instagram.com\\\/serhsoficial\\\/\"]},{\"@type\":\"Person\",\"@id\":\"https:\\\/\\\/serhs.com\\\/es\\\/#\\\/schema\\\/person\\\/ab392817d75ed759c372c3f7a40828aa\",\"name\":\"SOCIAL\",\"url\":\"https:\\\/\\\/serhs.com\\\/es\\\/author\\\/rf\\\/\"}]}<\/script>\n<!-- \/ Yoast SEO plugin. -->","yoast_head_json":{"title":"Ramon Bag\u00f3, reconocido con el Premio Alimara In Memoriam","description":"Ayer jueves 19 de abril, por la tarde, el CETT - Campus Internacional de Turismo, Hoteler\u00eda y Gastronom\u00eda adscrito a la Universidad de Barcelona reconoci\u00f3 a Ramon Bag\u00f3 i Agull\u00f3, cofundador y presidente de SERHS desde 1975 hasta 2018, con el Premio Alimara In Memoriam.","robots":{"index":"index","follow":"follow","max-snippet":"max-snippet:-1","max-image-preview":"max-image-preview:large","max-video-preview":"max-video-preview:-1"},"canonical":"https:\/\/serhs.com\/es\/ramon-bago-reconocido-con-el-premio-alimara-in-memoriam\/","og_locale":"es_ES","og_type":"article","og_title":"Ramon Bag\u00f3, reconocido con el Premio Alimara In Memoriam","og_description":"Ayer jueves 19 de abril, por la tarde, el CETT - Campus Internacional de Turismo, Hoteler\u00eda y Gastronom\u00eda adscrito a la Universidad de Barcelona reconoci\u00f3 a Ramon Bag\u00f3 i Agull\u00f3, cofundador y presidente de SERHS desde 1975 hasta 2018, con el Premio Alimara In Memoriam.","og_url":"https:\/\/serhs.com\/es\/ramon-bago-reconocido-con-el-premio-alimara-in-memoriam\/","og_site_name":"SERHS","article_publisher":"https:\/\/www.facebook.com\/grupserhs","article_published_time":"2018-04-20T17:01:59+00:00","article_modified_time":"2018-08-20T11:08:36+00:00","og_image":[{"width":800,"height":600,"url":"https:\/\/serhs.com\/wp-content\/uploads\/2018\/04\/Ramon-Bag\u00f3-reconegut-amb-el-Premi-Alimara-In-Memoriam.jpg","type":"image\/jpeg"}],"author":"SOCIAL","twitter_card":"summary_large_image","twitter_misc":{"Escrito por":"SOCIAL","Tiempo de lectura":"1 minuto"},"schema":{"@context":"https:\/\/schema.org","@graph":[{"@type":"Article","@id":"https:\/\/serhs.com\/es\/ramon-bago-reconocido-con-el-premio-alimara-in-memoriam\/#article","isPartOf":{"@id":"https:\/\/serhs.com\/es\/ramon-bago-reconocido-con-el-premio-alimara-in-memoriam\/"},"author":{"name":"SOCIAL","@id":"https:\/\/serhs.com\/es\/#\/schema\/person\/ab392817d75ed759c372c3f7a40828aa"},"headline":"Ramon Bag\u00f3, reconocido con el Premio Alimara In Memoriam","datePublished":"2018-04-20T17:01:59+00:00","dateModified":"2018-08-20T11:08:36+00:00","mainEntityOfPage":{"@id":"https:\/\/serhs.com\/es\/ramon-bago-reconocido-con-el-premio-alimara-in-memoriam\/"},"wordCount":273,"publisher":{"@id":"https:\/\/serhs.com\/es\/#organization"},"image":{"@id":"https:\/\/serhs.com\/es\/ramon-bago-reconocido-con-el-premio-alimara-in-memoriam\/#primaryimage"},"thumbnailUrl":"https:\/\/serhs.com\/wp-content\/uploads\/2018\/04\/Ramon-Bag\u00f3-reconegut-amb-el-Premi-Alimara-In-Memoriam.jpg","articleSection":["Corporaci\u00f3n"],"inLanguage":"es"},{"@type":"WebPage","@id":"https:\/\/serhs.com\/es\/ramon-bago-reconocido-con-el-premio-alimara-in-memoriam\/","url":"https:\/\/serhs.com\/es\/ramon-bago-reconocido-con-el-premio-alimara-in-memoriam\/","name":"Ramon Bag\u00f3, reconocido con el Premio Alimara In Memoriam","isPartOf":{"@id":"https:\/\/serhs.com\/es\/#website"},"primaryImageOfPage":{"@id":"https:\/\/serhs.com\/es\/ramon-bago-reconocido-con-el-premio-alimara-in-memoriam\/#primaryimage"},"image":{"@id":"https:\/\/serhs.com\/es\/ramon-bago-reconocido-con-el-premio-alimara-in-memoriam\/#primaryimage"},"thumbnailUrl":"https:\/\/serhs.com\/wp-content\/uploads\/2018\/04\/Ramon-Bag\u00f3-reconegut-amb-el-Premi-Alimara-In-Memoriam.jpg","datePublished":"2018-04-20T17:01:59+00:00","dateModified":"2018-08-20T11:08:36+00:00","description":"Ayer jueves 19 de abril, por la tarde, el CETT - Campus Internacional de Turismo, Hoteler\u00eda y Gastronom\u00eda adscrito a la Universidad de Barcelona reconoci\u00f3 a Ramon Bag\u00f3 i Agull\u00f3, cofundador y presidente de SERHS desde 1975 hasta 2018, con el Premio Alimara In Memoriam.","breadcrumb":{"@id":"https:\/\/serhs.com\/es\/ramon-bago-reconocido-con-el-premio-alimara-in-memoriam\/#breadcrumb"},"inLanguage":"es","potentialAction":[{"@type":"ReadAction","target":["https:\/\/serhs.com\/es\/ramon-bago-reconocido-con-el-premio-alimara-in-memoriam\/"]}]},{"@type":"ImageObject","inLanguage":"es","@id":"https:\/\/serhs.com\/es\/ramon-bago-reconocido-con-el-premio-alimara-in-memoriam\/#primaryimage","url":"https:\/\/serhs.com\/wp-content\/uploads\/2018\/04\/Ramon-Bag\u00f3-reconegut-amb-el-Premi-Alimara-In-Memoriam.jpg","contentUrl":"https:\/\/serhs.com\/wp-content\/uploads\/2018\/04\/Ramon-Bag\u00f3-reconegut-amb-el-Premi-Alimara-In-Memoriam.jpg","width":800,"height":600,"caption":"Ramon Bag\u00f3, reconegut amb el Premi Alimara In Memoriam"},{"@type":"BreadcrumbList","@id":"https:\/\/serhs.com\/es\/ramon-bago-reconocido-con-el-premio-alimara-in-memoriam\/#breadcrumb","itemListElement":[{"@type":"ListItem","position":1,"name":"Inici","item":"https:\/\/serhs.com\/es\/"},{"@type":"ListItem","position":2,"name":"Ramon Bag\u00f3, reconocido con el Premio Alimara In Memoriam"}]},{"@type":"WebSite","@id":"https:\/\/serhs.com\/es\/#website","url":"https:\/\/serhs.com\/es\/","name":"SERHS","description":"El primer grup Tur\u00edstic de Catalunya","publisher":{"@id":"https:\/\/serhs.com\/es\/#organization"},"potentialAction":[{"@type":"SearchAction","target":{"@type":"EntryPoint","urlTemplate":"https:\/\/serhs.com\/es\/?s={search_term_string}"},"query-input":{"@type":"PropertyValueSpecification","valueRequired":true,"valueName":"search_term_string"}}],"inLanguage":"es"},{"@type":"Organization","@id":"https:\/\/serhs.com\/es\/#organization","name":"SERHS","url":"https:\/\/serhs.com\/es\/","logo":{"@type":"ImageObject","inLanguage":"es","@id":"https:\/\/serhs.com\/es\/#\/schema\/logo\/image\/","url":"https:\/\/serhs.com\/wp-content\/uploads\/2018\/05\/logoSERHS200.png","contentUrl":"https:\/\/serhs.com\/wp-content\/uploads\/2018\/05\/logoSERHS200.png","width":200,"height":67,"caption":"SERHS"},"image":{"@id":"https:\/\/serhs.com\/es\/#\/schema\/logo\/image\/"},"sameAs":["https:\/\/www.facebook.com\/grupserhs","https:\/\/www.linkedin.com\/company\/grup-serhs","https:\/\/www.instagram.com\/serhsoficial\/"]},{"@type":"Person","@id":"https:\/\/serhs.com\/es\/#\/schema\/person\/ab392817d75ed759c372c3f7a40828aa","name":"SOCIAL","url":"https:\/\/serhs.com\/es\/author\/rf\/"}]}},"_links":{"self":[{"href":"https:\/\/serhs.com\/es\/wp-json\/wp\/v2\/posts\/15249","targetHints":{"allow":["GET"]}}],"collection":[{"href":"https:\/\/serhs.com\/es\/wp-json\/wp\/v2\/posts"}],"about":[{"href":"https:\/\/serhs.com\/es\/wp-json\/wp\/v2\/types\/post"}],"author":[{"embeddable":true,"href":"https:\/\/serhs.com\/es\/wp-json\/wp\/v2\/users\/19"}],"replies":[{"embeddable":true,"href":"https:\/\/serhs.com\/es\/wp-json\/wp\/v2\/comments?post=15249"}],"version-history":[{"count":0,"href":"https:\/\/serhs.com\/es\/wp-json\/wp\/v2\/posts\/15249\/revisions"}],"wp:featuredmedia":[{"embeddable":true,"href":"https:\/\/serhs.com\/es\/wp-json\/wp\/v2\/media\/15250"}],"wp:attachment":[{"href":"https:\/\/serhs.com\/es\/wp-json\/wp\/v2\/media?parent=15249"}],"wp:term":[{"taxonomy":"category","embeddable":true,"href":"https:\/\/serhs.com\/es\/wp-json\/wp\/v2\/categories?post=15249"},{"taxonomy":"post_tag","embeddable":true,"href":"https:\/\/serhs.com\/es\/wp-json\/wp\/v2\/tags?post=15249"}],"curies":[{"name":"wp","href":"https:\/\/api.w.org\/{rel}","templated":true}]}}