{"id":17494,"date":"2018-09-28T19:58:59","date_gmt":"2018-09-28T17:58:59","guid":{"rendered":"https:\/\/www.serhs.com\/?p=17494"},"modified":"2018-09-28T20:27:05","modified_gmt":"2018-09-28T18:27:05","slug":"la-division-de-servicios-abre-la-primera-gestoria-serhs-en-calella","status":"publish","type":"post","link":"https:\/\/serhs.com\/es\/la-division-de-servicios-abre-la-primera-gestoria-serhs-en-calella\/","title":{"rendered":"La divisi\u00f3n de servicios abre una nueva Gestor\u00eda SERHS en Calella"},"content":{"rendered":"<h2><strong>El objetivo de SERHS Serveis, con esta iniciativa, es proporcionar al cliente un trato m\u00e1s cercano y personalizado.<\/strong><\/h2>\n<p>La divisi\u00f3n de servicios de SERHS, SERHS Serveis, ha puesto en marcha este mismo viernes <strong>la primera Gestor\u00eda SERHS en el municipio de Calella,<\/strong> en la comarca del Maresme. Ubicada en la <a href=\"https:\/\/goo.gl\/maps\/7QnGqxb5gaA2\">calle de l\u2019Esgl\u00e9sia, n\u00famero 343<\/a>, en el centro de la ciudad, un equipo de profesionales con una larga trayectoria <a href=\"https:\/\/serhsserveis.com\/es\/gestoria-fiscal-y-laboral-servicio-juridico-nomina-renta-y-prevencion\/\">en servicios de gestor\u00eda fiscal y contable, jur\u00eddico y laboral, y en el \u00e1mbito de los seguros<\/a>, proporcionar\u00e1n al cliente de SERHS Serveis Gestiona un trato a\u00fan m\u00e1s cercano y personalizado.<\/p>\n<p>El nuevo espacio, que cuenta con 200m<sup>2<\/sup>, ha sido pensado y <strong>dise\u00f1ado para acoger al cliente y proporcionarle la mejor experiencia posible, con un innovador modelo de atenci\u00f3n personalizada<\/strong> en el que prevalece el trato humano y la proximidad en el proceso de informaci\u00f3n y contrataci\u00f3n de servicios de gestor\u00eda. La ubicaci\u00f3n y simplicidad de los espacios en los que el cliente ser\u00e1 atendido, permitir\u00e1n transmitir major los valores vinculados a la propia unidad de negocio Gestiona como son la confianza, la transparencia y la fidelidad.<\/p>\n<p>Con la nueva gestor\u00eda de SERSH Servicios a pie de calle, la divisi\u00f3n conf\u00eda poder incidir en aspectos como la comunicaci\u00f3n directa con la que <strong>dar a conocer mejor el cat\u00e1logo de productos y servicios disponible, as\u00ed como todo el potencial que ofrece el servicio integral<\/strong> de SERHS Serveis Gestiona. Por ejemplo, cualquier persona podr\u00e1 acercarse a la Gestor\u00eda de SERHS Serveis y solicitar desde un seguro para el hogar &#8211; de la mano de <a href=\"https:\/\/serhs.com\/es\/serhs-inspiracio\/a-lempresa-hem-patit-un-ciberatac-i-ara-que-fem\/\">Asseguris<\/a> &#8211; a una declaraci\u00f3n tributaria, pasando por el asesoramiento en materia de relaciones laborales.<\/p>\n<p>&nbsp;<\/p>\n<p><img decoding=\"async\" class=\"wp-image-17500 size-600\" src=\"https:\/\/serhs.com\/wp-content\/uploads\/2018\/09\/Gestoria-serhs-serveis-calella-600x450.jpg\" alt=\"Gestoria serhs serveis calella\" width=\"600\" height=\"450\" srcset=\"https:\/\/serhs.com\/wp-content\/uploads\/2018\/09\/Gestoria-serhs-serveis-calella-200x150.jpg 200w, https:\/\/serhs.com\/wp-content\/uploads\/2018\/09\/Gestoria-serhs-serveis-calella-300x225.jpg 300w, https:\/\/serhs.com\/wp-content\/uploads\/2018\/09\/Gestoria-serhs-serveis-calella-400x300.jpg 400w, https:\/\/serhs.com\/wp-content\/uploads\/2018\/09\/Gestoria-serhs-serveis-calella-600x450.jpg 600w, https:\/\/serhs.com\/wp-content\/uploads\/2018\/09\/Gestoria-serhs-serveis-calella-768x576.jpg 768w, https:\/\/serhs.com\/wp-content\/uploads\/2018\/09\/Gestoria-serhs-serveis-calella.jpg 800w\" sizes=\"(max-width: 600px) 100vw, 600px\" \/><\/p>\n<p>Para hacer <a href=\"https:\/\/serhsserveis.com\/es\/servicio-de-urgencias-de-fin-de-semana-y-festivos\/\">el m\u00e1ximo de accesible posible<\/a> la nueva Gestor\u00eda de SERHS Serveis, <strong>el horario de atenci\u00f3n al p\u00fablico ser\u00e1 de lunes a viernes, de 9 a 14h y de 16 a 19h, y s\u00e1bados por la ma\u00f1ana, de 10 a 14h<\/strong>, para todas aquellas personas que durante la semana no disponen de tiempo para sus gestiones.<\/p>\n<p>&nbsp;<\/p>\n<p><strong>Una inauguraci\u00f3n exitosa<\/strong><\/p>\n<p>Esta misma tarde de viernes, la nueva gestor\u00eda de SERHS Serveis ha celebrado una sencilla inauguraci\u00f3n, a la que han asistido <strong>representantes<\/strong> del <strong>comercio<\/strong> en Calella, <strong>clientes<\/strong> de SERHS Serveis y <strong>profesionales<\/strong> de la divisi\u00f3n, as\u00ed como <strong>socios<\/strong> de la corporaci\u00f3n.<\/p>\n<p>Todo el mundo se ha acercado hasta la nueva sede de SERHS Serveis Gestiona de la calle de l\u2019Esgl\u00e9sia para conocer el espacio y el personal profesional que estar\u00e1 a su disposici\u00f3n desde hoy mismo.<\/p>\n","protected":false},"excerpt":{"rendered":"<p>El objetivo de SERHS Serveis, con esta iniciativa, es proporcionar al cliente un trato m\u00e1s cercano y personalizado. La divisi\u00f3n <a href=\"https:\/\/serhs.com\/es\/la-division-de-servicios-abre-la-primera-gestoria-serhs-en-calella\/\"> [&#8230;]<\/a><\/p>\n","protected":false},"author":19,"featured_media":17500,"comment_status":"closed","ping_status":"closed","sticky":false,"template":"","format":"standard","meta":{"footnotes":""},"categories":[128],"tags":[],"class_list":["post-17494","post","type-post","status-publish","format-standard","has-post-thumbnail","hentry","category-servicios"],"yoast_head":"<!-- This site is optimized with the Yoast SEO plugin v27.5 - https:\/\/yoast.com\/product\/yoast-seo-wordpress\/ -->\n<title>La divisi\u00f3n de servicios abre la primera Gestor\u00eda SERHS en Calella<\/title>\n<meta name=\"description\" content=\"El objetivo de SERHS Serveis, con esta iniciativa, es proporcionar al cliente un trato m\u00e1s cercano y personalizado en servicios de gestor\u00eda de \u00e1mbitos como el fiscal y contable, el jur\u00eddico y laboral, y el de los seguros\" \/>\n<meta name=\"robots\" content=\"index, follow, max-snippet:-1, max-image-preview:large, max-video-preview:-1\" \/>\n<link rel=\"canonical\" href=\"https:\/\/serhs.com\/es\/la-division-de-servicios-abre-la-primera-gestoria-serhs-en-calella\/\" \/>\n<meta property=\"og:locale\" content=\"es_ES\" \/>\n<meta property=\"og:type\" content=\"article\" \/>\n<meta property=\"og:title\" content=\"La divisi\u00f3n de servicios abre la primera Gestor\u00eda SERHS en Calella\" \/>\n<meta property=\"og:description\" content=\"El objetivo de SERHS Serveis, con esta iniciativa, es proporcionar al cliente un trato m\u00e1s cercano y personalizado en servicios de gestor\u00eda de \u00e1mbitos como el fiscal y contable, el jur\u00eddico y laboral, y el de los seguros\" \/>\n<meta property=\"og:url\" content=\"https:\/\/serhs.com\/es\/la-division-de-servicios-abre-la-primera-gestoria-serhs-en-calella\/\" \/>\n<meta property=\"og:site_name\" content=\"SERHS\" \/>\n<meta property=\"article:publisher\" content=\"https:\/\/www.facebook.com\/grupserhs\" \/>\n<meta property=\"article:published_time\" content=\"2018-09-28T17:58:59+00:00\" \/>\n<meta property=\"article:modified_time\" content=\"2018-09-28T18:27:05+00:00\" \/>\n<meta property=\"og:image\" content=\"https:\/\/serhs.com\/wp-content\/uploads\/2018\/09\/Gestoria-serhs-serveis-calella.jpg\" \/>\n\t<meta property=\"og:image:width\" content=\"800\" \/>\n\t<meta property=\"og:image:height\" content=\"600\" \/>\n\t<meta property=\"og:image:type\" content=\"image\/jpeg\" \/>\n<meta name=\"author\" content=\"SOCIAL\" \/>\n<meta name=\"twitter:card\" content=\"summary_large_image\" \/>\n<meta name=\"twitter:label1\" content=\"Escrito por\" \/>\n\t<meta name=\"twitter:data1\" content=\"SOCIAL\" \/>\n\t<meta name=\"twitter:label2\" content=\"Tiempo de lectura\" \/>\n\t<meta name=\"twitter:data2\" content=\"2 minutos\" \/>\n<script type=\"application\/ld+json\" class=\"yoast-schema-graph\">{\"@context\":\"https:\\\/\\\/schema.org\",\"@graph\":[{\"@type\":\"Article\",\"@id\":\"https:\\\/\\\/serhs.com\\\/es\\\/la-division-de-servicios-abre-la-primera-gestoria-serhs-en-calella\\\/#article\",\"isPartOf\":{\"@id\":\"https:\\\/\\\/serhs.com\\\/es\\\/la-division-de-servicios-abre-la-primera-gestoria-serhs-en-calella\\\/\"},\"author\":{\"name\":\"SOCIAL\",\"@id\":\"https:\\\/\\\/serhs.com\\\/es\\\/#\\\/schema\\\/person\\\/ab392817d75ed759c372c3f7a40828aa\"},\"headline\":\"La divisi\u00f3n de servicios abre una nueva Gestor\u00eda SERHS en Calella\",\"datePublished\":\"2018-09-28T17:58:59+00:00\",\"dateModified\":\"2018-09-28T18:27:05+00:00\",\"mainEntityOfPage\":{\"@id\":\"https:\\\/\\\/serhs.com\\\/es\\\/la-division-de-servicios-abre-la-primera-gestoria-serhs-en-calella\\\/\"},\"wordCount\":462,\"publisher\":{\"@id\":\"https:\\\/\\\/serhs.com\\\/es\\\/#organization\"},\"image\":{\"@id\":\"https:\\\/\\\/serhs.com\\\/es\\\/la-division-de-servicios-abre-la-primera-gestoria-serhs-en-calella\\\/#primaryimage\"},\"thumbnailUrl\":\"https:\\\/\\\/serhs.com\\\/wp-content\\\/uploads\\\/2018\\\/09\\\/Gestoria-serhs-serveis-calella.jpg\",\"articleSection\":[\"Servicios\"],\"inLanguage\":\"es\"},{\"@type\":\"WebPage\",\"@id\":\"https:\\\/\\\/serhs.com\\\/es\\\/la-division-de-servicios-abre-la-primera-gestoria-serhs-en-calella\\\/\",\"url\":\"https:\\\/\\\/serhs.com\\\/es\\\/la-division-de-servicios-abre-la-primera-gestoria-serhs-en-calella\\\/\",\"name\":\"La divisi\u00f3n de servicios abre la primera Gestor\u00eda SERHS en Calella\",\"isPartOf\":{\"@id\":\"https:\\\/\\\/serhs.com\\\/es\\\/#website\"},\"primaryImageOfPage\":{\"@id\":\"https:\\\/\\\/serhs.com\\\/es\\\/la-division-de-servicios-abre-la-primera-gestoria-serhs-en-calella\\\/#primaryimage\"},\"image\":{\"@id\":\"https:\\\/\\\/serhs.com\\\/es\\\/la-division-de-servicios-abre-la-primera-gestoria-serhs-en-calella\\\/#primaryimage\"},\"thumbnailUrl\":\"https:\\\/\\\/serhs.com\\\/wp-content\\\/uploads\\\/2018\\\/09\\\/Gestoria-serhs-serveis-calella.jpg\",\"datePublished\":\"2018-09-28T17:58:59+00:00\",\"dateModified\":\"2018-09-28T18:27:05+00:00\",\"description\":\"El objetivo de SERHS Serveis, con esta iniciativa, es proporcionar al cliente un trato m\u00e1s cercano y personalizado en servicios de gestor\u00eda de \u00e1mbitos como el fiscal y contable, el jur\u00eddico y laboral, y el de los seguros\",\"breadcrumb\":{\"@id\":\"https:\\\/\\\/serhs.com\\\/es\\\/la-division-de-servicios-abre-la-primera-gestoria-serhs-en-calella\\\/#breadcrumb\"},\"inLanguage\":\"es\",\"potentialAction\":[{\"@type\":\"ReadAction\",\"target\":[\"https:\\\/\\\/serhs.com\\\/es\\\/la-division-de-servicios-abre-la-primera-gestoria-serhs-en-calella\\\/\"]}]},{\"@type\":\"ImageObject\",\"inLanguage\":\"es\",\"@id\":\"https:\\\/\\\/serhs.com\\\/es\\\/la-division-de-servicios-abre-la-primera-gestoria-serhs-en-calella\\\/#primaryimage\",\"url\":\"https:\\\/\\\/serhs.com\\\/wp-content\\\/uploads\\\/2018\\\/09\\\/Gestoria-serhs-serveis-calella.jpg\",\"contentUrl\":\"https:\\\/\\\/serhs.com\\\/wp-content\\\/uploads\\\/2018\\\/09\\\/Gestoria-serhs-serveis-calella.jpg\",\"width\":800,\"height\":600,\"caption\":\"Gestoria serhs serveis calella\"},{\"@type\":\"BreadcrumbList\",\"@id\":\"https:\\\/\\\/serhs.com\\\/es\\\/la-division-de-servicios-abre-la-primera-gestoria-serhs-en-calella\\\/#breadcrumb\",\"itemListElement\":[{\"@type\":\"ListItem\",\"position\":1,\"name\":\"Inici\",\"item\":\"https:\\\/\\\/serhs.com\\\/es\\\/\"},{\"@type\":\"ListItem\",\"position\":2,\"name\":\"La divisi\u00f3n de servicios abre una nueva Gestor\u00eda SERHS en Calella\"}]},{\"@type\":\"WebSite\",\"@id\":\"https:\\\/\\\/serhs.com\\\/es\\\/#website\",\"url\":\"https:\\\/\\\/serhs.com\\\/es\\\/\",\"name\":\"SERHS\",\"description\":\"El primer grup Tur\u00edstic de Catalunya\",\"publisher\":{\"@id\":\"https:\\\/\\\/serhs.com\\\/es\\\/#organization\"},\"potentialAction\":[{\"@type\":\"SearchAction\",\"target\":{\"@type\":\"EntryPoint\",\"urlTemplate\":\"https:\\\/\\\/serhs.com\\\/es\\\/?s={search_term_string}\"},\"query-input\":{\"@type\":\"PropertyValueSpecification\",\"valueRequired\":true,\"valueName\":\"search_term_string\"}}],\"inLanguage\":\"es\"},{\"@type\":\"Organization\",\"@id\":\"https:\\\/\\\/serhs.com\\\/es\\\/#organization\",\"name\":\"SERHS\",\"url\":\"https:\\\/\\\/serhs.com\\\/es\\\/\",\"logo\":{\"@type\":\"ImageObject\",\"inLanguage\":\"es\",\"@id\":\"https:\\\/\\\/serhs.com\\\/es\\\/#\\\/schema\\\/logo\\\/image\\\/\",\"url\":\"https:\\\/\\\/serhs.com\\\/wp-content\\\/uploads\\\/2018\\\/05\\\/logoSERHS200.png\",\"contentUrl\":\"https:\\\/\\\/serhs.com\\\/wp-content\\\/uploads\\\/2018\\\/05\\\/logoSERHS200.png\",\"width\":200,\"height\":67,\"caption\":\"SERHS\"},\"image\":{\"@id\":\"https:\\\/\\\/serhs.com\\\/es\\\/#\\\/schema\\\/logo\\\/image\\\/\"},\"sameAs\":[\"https:\\\/\\\/www.facebook.com\\\/grupserhs\",\"https:\\\/\\\/www.linkedin.com\\\/company\\\/grup-serhs\",\"https:\\\/\\\/www.instagram.com\\\/serhsoficial\\\/\"]},{\"@type\":\"Person\",\"@id\":\"https:\\\/\\\/serhs.com\\\/es\\\/#\\\/schema\\\/person\\\/ab392817d75ed759c372c3f7a40828aa\",\"name\":\"SOCIAL\",\"url\":\"https:\\\/\\\/serhs.com\\\/es\\\/author\\\/rf\\\/\"}]}<\/script>\n<!-- \/ Yoast SEO plugin. -->","yoast_head_json":{"title":"La divisi\u00f3n de servicios abre la primera Gestor\u00eda SERHS en Calella","description":"El objetivo de SERHS Serveis, con esta iniciativa, es proporcionar al cliente un trato m\u00e1s cercano y personalizado en servicios de gestor\u00eda de \u00e1mbitos como el fiscal y contable, el jur\u00eddico y laboral, y el de los seguros","robots":{"index":"index","follow":"follow","max-snippet":"max-snippet:-1","max-image-preview":"max-image-preview:large","max-video-preview":"max-video-preview:-1"},"canonical":"https:\/\/serhs.com\/es\/la-division-de-servicios-abre-la-primera-gestoria-serhs-en-calella\/","og_locale":"es_ES","og_type":"article","og_title":"La divisi\u00f3n de servicios abre la primera Gestor\u00eda SERHS en Calella","og_description":"El objetivo de SERHS Serveis, con esta iniciativa, es proporcionar al cliente un trato m\u00e1s cercano y personalizado en servicios de gestor\u00eda de \u00e1mbitos como el fiscal y contable, el jur\u00eddico y laboral, y el de los seguros","og_url":"https:\/\/serhs.com\/es\/la-division-de-servicios-abre-la-primera-gestoria-serhs-en-calella\/","og_site_name":"SERHS","article_publisher":"https:\/\/www.facebook.com\/grupserhs","article_published_time":"2018-09-28T17:58:59+00:00","article_modified_time":"2018-09-28T18:27:05+00:00","og_image":[{"width":800,"height":600,"url":"https:\/\/serhs.com\/wp-content\/uploads\/2018\/09\/Gestoria-serhs-serveis-calella.jpg","type":"image\/jpeg"}],"author":"SOCIAL","twitter_card":"summary_large_image","twitter_misc":{"Escrito por":"SOCIAL","Tiempo de lectura":"2 minutos"},"schema":{"@context":"https:\/\/schema.org","@graph":[{"@type":"Article","@id":"https:\/\/serhs.com\/es\/la-division-de-servicios-abre-la-primera-gestoria-serhs-en-calella\/#article","isPartOf":{"@id":"https:\/\/serhs.com\/es\/la-division-de-servicios-abre-la-primera-gestoria-serhs-en-calella\/"},"author":{"name":"SOCIAL","@id":"https:\/\/serhs.com\/es\/#\/schema\/person\/ab392817d75ed759c372c3f7a40828aa"},"headline":"La divisi\u00f3n de servicios abre una nueva Gestor\u00eda SERHS en Calella","datePublished":"2018-09-28T17:58:59+00:00","dateModified":"2018-09-28T18:27:05+00:00","mainEntityOfPage":{"@id":"https:\/\/serhs.com\/es\/la-division-de-servicios-abre-la-primera-gestoria-serhs-en-calella\/"},"wordCount":462,"publisher":{"@id":"https:\/\/serhs.com\/es\/#organization"},"image":{"@id":"https:\/\/serhs.com\/es\/la-division-de-servicios-abre-la-primera-gestoria-serhs-en-calella\/#primaryimage"},"thumbnailUrl":"https:\/\/serhs.com\/wp-content\/uploads\/2018\/09\/Gestoria-serhs-serveis-calella.jpg","articleSection":["Servicios"],"inLanguage":"es"},{"@type":"WebPage","@id":"https:\/\/serhs.com\/es\/la-division-de-servicios-abre-la-primera-gestoria-serhs-en-calella\/","url":"https:\/\/serhs.com\/es\/la-division-de-servicios-abre-la-primera-gestoria-serhs-en-calella\/","name":"La divisi\u00f3n de servicios abre la primera Gestor\u00eda SERHS en Calella","isPartOf":{"@id":"https:\/\/serhs.com\/es\/#website"},"primaryImageOfPage":{"@id":"https:\/\/serhs.com\/es\/la-division-de-servicios-abre-la-primera-gestoria-serhs-en-calella\/#primaryimage"},"image":{"@id":"https:\/\/serhs.com\/es\/la-division-de-servicios-abre-la-primera-gestoria-serhs-en-calella\/#primaryimage"},"thumbnailUrl":"https:\/\/serhs.com\/wp-content\/uploads\/2018\/09\/Gestoria-serhs-serveis-calella.jpg","datePublished":"2018-09-28T17:58:59+00:00","dateModified":"2018-09-28T18:27:05+00:00","description":"El objetivo de SERHS Serveis, con esta iniciativa, es proporcionar al cliente un trato m\u00e1s cercano y personalizado en servicios de gestor\u00eda de \u00e1mbitos como el fiscal y contable, el jur\u00eddico y laboral, y el de los seguros","breadcrumb":{"@id":"https:\/\/serhs.com\/es\/la-division-de-servicios-abre-la-primera-gestoria-serhs-en-calella\/#breadcrumb"},"inLanguage":"es","potentialAction":[{"@type":"ReadAction","target":["https:\/\/serhs.com\/es\/la-division-de-servicios-abre-la-primera-gestoria-serhs-en-calella\/"]}]},{"@type":"ImageObject","inLanguage":"es","@id":"https:\/\/serhs.com\/es\/la-division-de-servicios-abre-la-primera-gestoria-serhs-en-calella\/#primaryimage","url":"https:\/\/serhs.com\/wp-content\/uploads\/2018\/09\/Gestoria-serhs-serveis-calella.jpg","contentUrl":"https:\/\/serhs.com\/wp-content\/uploads\/2018\/09\/Gestoria-serhs-serveis-calella.jpg","width":800,"height":600,"caption":"Gestoria serhs serveis calella"},{"@type":"BreadcrumbList","@id":"https:\/\/serhs.com\/es\/la-division-de-servicios-abre-la-primera-gestoria-serhs-en-calella\/#breadcrumb","itemListElement":[{"@type":"ListItem","position":1,"name":"Inici","item":"https:\/\/serhs.com\/es\/"},{"@type":"ListItem","position":2,"name":"La divisi\u00f3n de servicios abre una nueva Gestor\u00eda SERHS en Calella"}]},{"@type":"WebSite","@id":"https:\/\/serhs.com\/es\/#website","url":"https:\/\/serhs.com\/es\/","name":"SERHS","description":"El primer grup Tur\u00edstic de Catalunya","publisher":{"@id":"https:\/\/serhs.com\/es\/#organization"},"potentialAction":[{"@type":"SearchAction","target":{"@type":"EntryPoint","urlTemplate":"https:\/\/serhs.com\/es\/?s={search_term_string}"},"query-input":{"@type":"PropertyValueSpecification","valueRequired":true,"valueName":"search_term_string"}}],"inLanguage":"es"},{"@type":"Organization","@id":"https:\/\/serhs.com\/es\/#organization","name":"SERHS","url":"https:\/\/serhs.com\/es\/","logo":{"@type":"ImageObject","inLanguage":"es","@id":"https:\/\/serhs.com\/es\/#\/schema\/logo\/image\/","url":"https:\/\/serhs.com\/wp-content\/uploads\/2018\/05\/logoSERHS200.png","contentUrl":"https:\/\/serhs.com\/wp-content\/uploads\/2018\/05\/logoSERHS200.png","width":200,"height":67,"caption":"SERHS"},"image":{"@id":"https:\/\/serhs.com\/es\/#\/schema\/logo\/image\/"},"sameAs":["https:\/\/www.facebook.com\/grupserhs","https:\/\/www.linkedin.com\/company\/grup-serhs","https:\/\/www.instagram.com\/serhsoficial\/"]},{"@type":"Person","@id":"https:\/\/serhs.com\/es\/#\/schema\/person\/ab392817d75ed759c372c3f7a40828aa","name":"SOCIAL","url":"https:\/\/serhs.com\/es\/author\/rf\/"}]}},"_links":{"self":[{"href":"https:\/\/serhs.com\/es\/wp-json\/wp\/v2\/posts\/17494","targetHints":{"allow":["GET"]}}],"collection":[{"href":"https:\/\/serhs.com\/es\/wp-json\/wp\/v2\/posts"}],"about":[{"href":"https:\/\/serhs.com\/es\/wp-json\/wp\/v2\/types\/post"}],"author":[{"embeddable":true,"href":"https:\/\/serhs.com\/es\/wp-json\/wp\/v2\/users\/19"}],"replies":[{"embeddable":true,"href":"https:\/\/serhs.com\/es\/wp-json\/wp\/v2\/comments?post=17494"}],"version-history":[{"count":0,"href":"https:\/\/serhs.com\/es\/wp-json\/wp\/v2\/posts\/17494\/revisions"}],"wp:featuredmedia":[{"embeddable":true,"href":"https:\/\/serhs.com\/es\/wp-json\/wp\/v2\/media\/17500"}],"wp:attachment":[{"href":"https:\/\/serhs.com\/es\/wp-json\/wp\/v2\/media?parent=17494"}],"wp:term":[{"taxonomy":"category","embeddable":true,"href":"https:\/\/serhs.com\/es\/wp-json\/wp\/v2\/categories?post=17494"},{"taxonomy":"post_tag","embeddable":true,"href":"https:\/\/serhs.com\/es\/wp-json\/wp\/v2\/tags?post=17494"}],"curies":[{"name":"wp","href":"https:\/\/api.w.org\/{rel}","templated":true}]}}