{"id":17936,"date":"2019-02-01T12:46:05","date_gmt":"2019-02-01T11:46:05","guid":{"rendered":"https:\/\/www.serhs.com\/serhs-food-educa-estrena-nueva-web-para-consolidar-la-proximidad-con-las-familias\/"},"modified":"2019-02-12T11:51:46","modified_gmt":"2019-02-12T10:51:46","slug":"arcs-catering-por-segundo-ano-consecutivo-en-el-mobile-world-congress-2019","status":"publish","type":"post","link":"https:\/\/serhs.com\/es\/arcs-catering-por-segundo-ano-consecutivo-en-el-mobile-world-congress-2019\/","title":{"rendered":"ARCS Catering, por segundo a\u00f1o consecutivo en el Mobile World Congress 2019"},"content":{"rendered":"<p>Durante los pr\u00f3ximos <strong>25, 26, 27 y 28 de Febrero<\/strong>, tendr\u00e1 lugar en Barcelona el <strong>Mobile World Congress<\/strong>, el evento de referencia mundial sobre tecnolog\u00edas para la telefon\u00eda m\u00f3vil y el espacio donde empresas proveedoras de servicios y distribuidores de contenidos m\u00f3viles muestran las \u00faltimas innovaciones del sector. Como en a\u00f1os anteriores este congreso volver\u00e1 a ser un \u00e9xito de asistencia, donde se presentar\u00e1n las tendencias que marcar\u00e1n este 2019.<\/p>\n<p>Por segundo a\u00f1o consecutivo,\u00a0<a href=\"https:\/\/www.arcscatering.com\/\" target=\"_blank\" rel=\"noopener\"><strong>ARCS C\u00e0tering<\/strong><\/a>,\u00a0la l\u00ednea de negocio de alta cocina de <a href=\"https:\/\/www.serhsfood.com\" target=\"_blank\" rel=\"noopener\"><strong>SERHS Food<\/strong><\/a>\u00a0gestionar\u00e1 el servicio y la propuesta gastron\u00f3mica del pabell\u00f3n de Espa\u00f1a dimensionado para casi 60 empresas, as\u00ed como para las personalidades institucionales que estar\u00e1n presentes.<\/p>\n<p><img decoding=\"async\" class=\"alignnone wp-image-17938 size-800\" src=\"https:\/\/serhs.com\/wp-content\/uploads\/2019\/02\/ARCSCatering-al-Mobile-World-Congress-800x584.jpg\" alt=\"ARCS C\u00e0tering per segon any consecutiu al Mobile World Congress 2019\" width=\"800\" height=\"584\" srcset=\"https:\/\/serhs.com\/wp-content\/uploads\/2019\/02\/ARCSCatering-al-Mobile-World-Congress-200x146.jpg 200w, https:\/\/serhs.com\/wp-content\/uploads\/2019\/02\/ARCSCatering-al-Mobile-World-Congress-300x219.jpg 300w, https:\/\/serhs.com\/wp-content\/uploads\/2019\/02\/ARCSCatering-al-Mobile-World-Congress-400x292.jpg 400w, https:\/\/serhs.com\/wp-content\/uploads\/2019\/02\/ARCSCatering-al-Mobile-World-Congress-600x438.jpg 600w, https:\/\/serhs.com\/wp-content\/uploads\/2019\/02\/ARCSCatering-al-Mobile-World-Congress-768x561.jpg 768w, https:\/\/serhs.com\/wp-content\/uploads\/2019\/02\/ARCSCatering-al-Mobile-World-Congress.jpg 800w\" sizes=\"(max-width: 800px) 100vw, 800px\" \/><\/p>\n<p>Se prev\u00e9n m\u00e1s de 500 servicios entre desayunos, comidas y meriendas, adem\u00e1s del servicio permanente de snacks entre horas y bebidas durante los cuatro d\u00edas de feria, por lo que\u00a0<a href=\"https:\/\/www.arcscatering.com\/\" target=\"_blank\" rel=\"noopener\"><strong>ARCS C\u00e0tering<\/strong><\/a> ha elaborado una propuesta gastron\u00f3mica acompa\u00f1ada de los mejores camareros con contrastada experiencia y dirigidos por la responsable de eventos de\u00a0<a href=\"https:\/\/www.serhsfood.com\" target=\"_blank\" rel=\"noopener\"><strong>SERHS Food<\/strong><\/a>.<\/p>\n<p>El <strong>Mobile World Congress<\/strong>, celebrado en Barcelona desde 2006 y organizado por la asociaci\u00f3n GSMA, supone un espacio de networking en el que todos los participantes disponen de un altavoz para realizar un gran n\u00famero de conferencias y donde los <strong>servicios de restauraci\u00f3n<\/strong> juegan un papel fundamental a la hora de generar la confianza necesaria a los organizadores. El a\u00f1o 2018 pasaron por la feria m\u00e1s de 107.000 personas. En este contexto, la experiencia de <a href=\"https:\/\/www.serhsfood.com\" target=\"_blank\" rel=\"noopener\"><strong>SERHS Food<\/strong><\/a>, , y la calidad de la gesti\u00f3n de alta cocina de <a href=\"https:\/\/www.arcscatering.com\/\" target=\"_blank\" rel=\"noopener\"><strong>ARCS C\u00e0tering<\/strong><\/a>, ofrece por segundo a\u00f1o consecutivo, plenas garant\u00edas de \u00e9xito.<\/p>\n<div class=\"fusion-button-wrapper\"><a class=\"fusion-button button-flat fusion-button-default-size button-default fusion-button-default button-1 fusion-button-default-span fusion-button-default-type\" target=\"_blank\" rel=\"noopener noreferrer\" href=\"https:\/\/www.arcscatering.com\"><i class=\" fa fa-angle-right awb-button__icon awb-button__icon--default button-icon-left\" aria-hidden=\"true\"><\/i><span class=\"fusion-button-text awb-button__text awb-button__text--default\">Conoce ARCS Catering<\/span><\/a><\/div>\n","protected":false},"excerpt":{"rendered":"<p>Durante los pr\u00f3ximos 25, 26, 27 y 28 de Febrero, tendr\u00e1 lugar en Barcelona el Mobile World Congress, el evento <a href=\"https:\/\/serhs.com\/es\/arcs-catering-por-segundo-ano-consecutivo-en-el-mobile-world-congress-2019\/\"> [&#8230;]<\/a><\/p>\n","protected":false},"author":19,"featured_media":17939,"comment_status":"closed","ping_status":"closed","sticky":false,"template":"","format":"standard","meta":{"footnotes":""},"categories":[127],"tags":[],"class_list":["post-17936","post","type-post","status-publish","format-standard","has-post-thumbnail","hentry","category-food-es"],"yoast_head":"<!-- This site is optimized with the Yoast SEO plugin v27.5 - https:\/\/yoast.com\/product\/yoast-seo-wordpress\/ -->\n<title>ARCS Catering, por segundo a\u00f1o consecutivo en el Mobile World Congress 2019 - SERHS<\/title>\n<meta name=\"robots\" content=\"index, follow, max-snippet:-1, max-image-preview:large, max-video-preview:-1\" \/>\n<link rel=\"canonical\" href=\"https:\/\/serhs.com\/es\/arcs-catering-por-segundo-ano-consecutivo-en-el-mobile-world-congress-2019\/\" \/>\n<meta property=\"og:locale\" content=\"es_ES\" \/>\n<meta property=\"og:type\" content=\"article\" \/>\n<meta property=\"og:title\" content=\"ARCS Catering, por segundo a\u00f1o consecutivo en el Mobile World Congress 2019 - SERHS\" \/>\n<meta property=\"og:url\" content=\"https:\/\/serhs.com\/es\/arcs-catering-por-segundo-ano-consecutivo-en-el-mobile-world-congress-2019\/\" \/>\n<meta property=\"og:site_name\" content=\"SERHS\" \/>\n<meta property=\"article:publisher\" content=\"https:\/\/www.facebook.com\/grupserhs\" \/>\n<meta property=\"article:published_time\" content=\"2019-02-01T11:46:05+00:00\" \/>\n<meta property=\"article:modified_time\" content=\"2019-02-12T10:51:46+00:00\" \/>\n<meta property=\"og:image\" content=\"https:\/\/serhs.com\/wp-content\/uploads\/2019\/02\/ARCSCatering-al-Mobile-World-Congress.jpg\" \/>\n\t<meta property=\"og:image:width\" content=\"800\" \/>\n\t<meta property=\"og:image:height\" content=\"584\" \/>\n\t<meta property=\"og:image:type\" content=\"image\/jpeg\" \/>\n<meta name=\"author\" content=\"SOCIAL\" \/>\n<meta name=\"twitter:card\" content=\"summary_large_image\" \/>\n<meta name=\"twitter:label1\" content=\"Escrito por\" \/>\n\t<meta name=\"twitter:data1\" content=\"SOCIAL\" \/>\n\t<meta name=\"twitter:label2\" content=\"Tiempo de lectura\" \/>\n\t<meta name=\"twitter:data2\" content=\"2 minutos\" \/>\n<script type=\"application\/ld+json\" class=\"yoast-schema-graph\">{\"@context\":\"https:\\\/\\\/schema.org\",\"@graph\":[{\"@type\":\"Article\",\"@id\":\"https:\\\/\\\/serhs.com\\\/es\\\/arcs-catering-por-segundo-ano-consecutivo-en-el-mobile-world-congress-2019\\\/#article\",\"isPartOf\":{\"@id\":\"https:\\\/\\\/serhs.com\\\/es\\\/arcs-catering-por-segundo-ano-consecutivo-en-el-mobile-world-congress-2019\\\/\"},\"author\":{\"name\":\"SOCIAL\",\"@id\":\"https:\\\/\\\/serhs.com\\\/es\\\/#\\\/schema\\\/person\\\/ab392817d75ed759c372c3f7a40828aa\"},\"headline\":\"ARCS Catering, por segundo a\u00f1o consecutivo en el Mobile World Congress 2019\",\"datePublished\":\"2019-02-01T11:46:05+00:00\",\"dateModified\":\"2019-02-12T10:51:46+00:00\",\"mainEntityOfPage\":{\"@id\":\"https:\\\/\\\/serhs.com\\\/es\\\/arcs-catering-por-segundo-ano-consecutivo-en-el-mobile-world-congress-2019\\\/\"},\"wordCount\":375,\"publisher\":{\"@id\":\"https:\\\/\\\/serhs.com\\\/es\\\/#organization\"},\"image\":{\"@id\":\"https:\\\/\\\/serhs.com\\\/es\\\/arcs-catering-por-segundo-ano-consecutivo-en-el-mobile-world-congress-2019\\\/#primaryimage\"},\"thumbnailUrl\":\"https:\\\/\\\/serhs.com\\\/wp-content\\\/uploads\\\/2019\\\/02\\\/ARCSCatering-al-Mobile-World-Congress.jpg\",\"articleSection\":[\"Food\"],\"inLanguage\":\"es\"},{\"@type\":\"WebPage\",\"@id\":\"https:\\\/\\\/serhs.com\\\/es\\\/arcs-catering-por-segundo-ano-consecutivo-en-el-mobile-world-congress-2019\\\/\",\"url\":\"https:\\\/\\\/serhs.com\\\/es\\\/arcs-catering-por-segundo-ano-consecutivo-en-el-mobile-world-congress-2019\\\/\",\"name\":\"ARCS Catering, por segundo a\u00f1o consecutivo en el Mobile World Congress 2019 - SERHS\",\"isPartOf\":{\"@id\":\"https:\\\/\\\/serhs.com\\\/es\\\/#website\"},\"primaryImageOfPage\":{\"@id\":\"https:\\\/\\\/serhs.com\\\/es\\\/arcs-catering-por-segundo-ano-consecutivo-en-el-mobile-world-congress-2019\\\/#primaryimage\"},\"image\":{\"@id\":\"https:\\\/\\\/serhs.com\\\/es\\\/arcs-catering-por-segundo-ano-consecutivo-en-el-mobile-world-congress-2019\\\/#primaryimage\"},\"thumbnailUrl\":\"https:\\\/\\\/serhs.com\\\/wp-content\\\/uploads\\\/2019\\\/02\\\/ARCSCatering-al-Mobile-World-Congress.jpg\",\"datePublished\":\"2019-02-01T11:46:05+00:00\",\"dateModified\":\"2019-02-12T10:51:46+00:00\",\"breadcrumb\":{\"@id\":\"https:\\\/\\\/serhs.com\\\/es\\\/arcs-catering-por-segundo-ano-consecutivo-en-el-mobile-world-congress-2019\\\/#breadcrumb\"},\"inLanguage\":\"es\",\"potentialAction\":[{\"@type\":\"ReadAction\",\"target\":[\"https:\\\/\\\/serhs.com\\\/es\\\/arcs-catering-por-segundo-ano-consecutivo-en-el-mobile-world-congress-2019\\\/\"]}]},{\"@type\":\"ImageObject\",\"inLanguage\":\"es\",\"@id\":\"https:\\\/\\\/serhs.com\\\/es\\\/arcs-catering-por-segundo-ano-consecutivo-en-el-mobile-world-congress-2019\\\/#primaryimage\",\"url\":\"https:\\\/\\\/serhs.com\\\/wp-content\\\/uploads\\\/2019\\\/02\\\/ARCSCatering-al-Mobile-World-Congress.jpg\",\"contentUrl\":\"https:\\\/\\\/serhs.com\\\/wp-content\\\/uploads\\\/2019\\\/02\\\/ARCSCatering-al-Mobile-World-Congress.jpg\",\"width\":800,\"height\":584,\"caption\":\"ARCS C\u00e0tering per segon any consecutiu al Mobile World Congress 2019\"},{\"@type\":\"BreadcrumbList\",\"@id\":\"https:\\\/\\\/serhs.com\\\/es\\\/arcs-catering-por-segundo-ano-consecutivo-en-el-mobile-world-congress-2019\\\/#breadcrumb\",\"itemListElement\":[{\"@type\":\"ListItem\",\"position\":1,\"name\":\"Inici\",\"item\":\"https:\\\/\\\/serhs.com\\\/es\\\/\"},{\"@type\":\"ListItem\",\"position\":2,\"name\":\"ARCS Catering, por segundo a\u00f1o consecutivo en el Mobile World Congress 2019\"}]},{\"@type\":\"WebSite\",\"@id\":\"https:\\\/\\\/serhs.com\\\/es\\\/#website\",\"url\":\"https:\\\/\\\/serhs.com\\\/es\\\/\",\"name\":\"SERHS\",\"description\":\"El primer grup Tur\u00edstic de Catalunya\",\"publisher\":{\"@id\":\"https:\\\/\\\/serhs.com\\\/es\\\/#organization\"},\"potentialAction\":[{\"@type\":\"SearchAction\",\"target\":{\"@type\":\"EntryPoint\",\"urlTemplate\":\"https:\\\/\\\/serhs.com\\\/es\\\/?s={search_term_string}\"},\"query-input\":{\"@type\":\"PropertyValueSpecification\",\"valueRequired\":true,\"valueName\":\"search_term_string\"}}],\"inLanguage\":\"es\"},{\"@type\":\"Organization\",\"@id\":\"https:\\\/\\\/serhs.com\\\/es\\\/#organization\",\"name\":\"SERHS\",\"url\":\"https:\\\/\\\/serhs.com\\\/es\\\/\",\"logo\":{\"@type\":\"ImageObject\",\"inLanguage\":\"es\",\"@id\":\"https:\\\/\\\/serhs.com\\\/es\\\/#\\\/schema\\\/logo\\\/image\\\/\",\"url\":\"https:\\\/\\\/serhs.com\\\/wp-content\\\/uploads\\\/2018\\\/05\\\/logoSERHS200.png\",\"contentUrl\":\"https:\\\/\\\/serhs.com\\\/wp-content\\\/uploads\\\/2018\\\/05\\\/logoSERHS200.png\",\"width\":200,\"height\":67,\"caption\":\"SERHS\"},\"image\":{\"@id\":\"https:\\\/\\\/serhs.com\\\/es\\\/#\\\/schema\\\/logo\\\/image\\\/\"},\"sameAs\":[\"https:\\\/\\\/www.facebook.com\\\/grupserhs\",\"https:\\\/\\\/www.linkedin.com\\\/company\\\/grup-serhs\",\"https:\\\/\\\/www.instagram.com\\\/serhsoficial\\\/\"]},{\"@type\":\"Person\",\"@id\":\"https:\\\/\\\/serhs.com\\\/es\\\/#\\\/schema\\\/person\\\/ab392817d75ed759c372c3f7a40828aa\",\"name\":\"SOCIAL\",\"url\":\"https:\\\/\\\/serhs.com\\\/es\\\/author\\\/rf\\\/\"}]}<\/script>\n<!-- \/ Yoast SEO plugin. -->","yoast_head_json":{"title":"ARCS Catering, por segundo a\u00f1o consecutivo en el Mobile World Congress 2019 - SERHS","robots":{"index":"index","follow":"follow","max-snippet":"max-snippet:-1","max-image-preview":"max-image-preview:large","max-video-preview":"max-video-preview:-1"},"canonical":"https:\/\/serhs.com\/es\/arcs-catering-por-segundo-ano-consecutivo-en-el-mobile-world-congress-2019\/","og_locale":"es_ES","og_type":"article","og_title":"ARCS Catering, por segundo a\u00f1o consecutivo en el Mobile World Congress 2019 - SERHS","og_url":"https:\/\/serhs.com\/es\/arcs-catering-por-segundo-ano-consecutivo-en-el-mobile-world-congress-2019\/","og_site_name":"SERHS","article_publisher":"https:\/\/www.facebook.com\/grupserhs","article_published_time":"2019-02-01T11:46:05+00:00","article_modified_time":"2019-02-12T10:51:46+00:00","og_image":[{"width":800,"height":584,"url":"https:\/\/serhs.com\/wp-content\/uploads\/2019\/02\/ARCSCatering-al-Mobile-World-Congress.jpg","type":"image\/jpeg"}],"author":"SOCIAL","twitter_card":"summary_large_image","twitter_misc":{"Escrito por":"SOCIAL","Tiempo de lectura":"2 minutos"},"schema":{"@context":"https:\/\/schema.org","@graph":[{"@type":"Article","@id":"https:\/\/serhs.com\/es\/arcs-catering-por-segundo-ano-consecutivo-en-el-mobile-world-congress-2019\/#article","isPartOf":{"@id":"https:\/\/serhs.com\/es\/arcs-catering-por-segundo-ano-consecutivo-en-el-mobile-world-congress-2019\/"},"author":{"name":"SOCIAL","@id":"https:\/\/serhs.com\/es\/#\/schema\/person\/ab392817d75ed759c372c3f7a40828aa"},"headline":"ARCS Catering, por segundo a\u00f1o consecutivo en el Mobile World Congress 2019","datePublished":"2019-02-01T11:46:05+00:00","dateModified":"2019-02-12T10:51:46+00:00","mainEntityOfPage":{"@id":"https:\/\/serhs.com\/es\/arcs-catering-por-segundo-ano-consecutivo-en-el-mobile-world-congress-2019\/"},"wordCount":375,"publisher":{"@id":"https:\/\/serhs.com\/es\/#organization"},"image":{"@id":"https:\/\/serhs.com\/es\/arcs-catering-por-segundo-ano-consecutivo-en-el-mobile-world-congress-2019\/#primaryimage"},"thumbnailUrl":"https:\/\/serhs.com\/wp-content\/uploads\/2019\/02\/ARCSCatering-al-Mobile-World-Congress.jpg","articleSection":["Food"],"inLanguage":"es"},{"@type":"WebPage","@id":"https:\/\/serhs.com\/es\/arcs-catering-por-segundo-ano-consecutivo-en-el-mobile-world-congress-2019\/","url":"https:\/\/serhs.com\/es\/arcs-catering-por-segundo-ano-consecutivo-en-el-mobile-world-congress-2019\/","name":"ARCS Catering, por segundo a\u00f1o consecutivo en el Mobile World Congress 2019 - SERHS","isPartOf":{"@id":"https:\/\/serhs.com\/es\/#website"},"primaryImageOfPage":{"@id":"https:\/\/serhs.com\/es\/arcs-catering-por-segundo-ano-consecutivo-en-el-mobile-world-congress-2019\/#primaryimage"},"image":{"@id":"https:\/\/serhs.com\/es\/arcs-catering-por-segundo-ano-consecutivo-en-el-mobile-world-congress-2019\/#primaryimage"},"thumbnailUrl":"https:\/\/serhs.com\/wp-content\/uploads\/2019\/02\/ARCSCatering-al-Mobile-World-Congress.jpg","datePublished":"2019-02-01T11:46:05+00:00","dateModified":"2019-02-12T10:51:46+00:00","breadcrumb":{"@id":"https:\/\/serhs.com\/es\/arcs-catering-por-segundo-ano-consecutivo-en-el-mobile-world-congress-2019\/#breadcrumb"},"inLanguage":"es","potentialAction":[{"@type":"ReadAction","target":["https:\/\/serhs.com\/es\/arcs-catering-por-segundo-ano-consecutivo-en-el-mobile-world-congress-2019\/"]}]},{"@type":"ImageObject","inLanguage":"es","@id":"https:\/\/serhs.com\/es\/arcs-catering-por-segundo-ano-consecutivo-en-el-mobile-world-congress-2019\/#primaryimage","url":"https:\/\/serhs.com\/wp-content\/uploads\/2019\/02\/ARCSCatering-al-Mobile-World-Congress.jpg","contentUrl":"https:\/\/serhs.com\/wp-content\/uploads\/2019\/02\/ARCSCatering-al-Mobile-World-Congress.jpg","width":800,"height":584,"caption":"ARCS C\u00e0tering per segon any consecutiu al Mobile World Congress 2019"},{"@type":"BreadcrumbList","@id":"https:\/\/serhs.com\/es\/arcs-catering-por-segundo-ano-consecutivo-en-el-mobile-world-congress-2019\/#breadcrumb","itemListElement":[{"@type":"ListItem","position":1,"name":"Inici","item":"https:\/\/serhs.com\/es\/"},{"@type":"ListItem","position":2,"name":"ARCS Catering, por segundo a\u00f1o consecutivo en el Mobile World Congress 2019"}]},{"@type":"WebSite","@id":"https:\/\/serhs.com\/es\/#website","url":"https:\/\/serhs.com\/es\/","name":"SERHS","description":"El primer grup Tur\u00edstic de Catalunya","publisher":{"@id":"https:\/\/serhs.com\/es\/#organization"},"potentialAction":[{"@type":"SearchAction","target":{"@type":"EntryPoint","urlTemplate":"https:\/\/serhs.com\/es\/?s={search_term_string}"},"query-input":{"@type":"PropertyValueSpecification","valueRequired":true,"valueName":"search_term_string"}}],"inLanguage":"es"},{"@type":"Organization","@id":"https:\/\/serhs.com\/es\/#organization","name":"SERHS","url":"https:\/\/serhs.com\/es\/","logo":{"@type":"ImageObject","inLanguage":"es","@id":"https:\/\/serhs.com\/es\/#\/schema\/logo\/image\/","url":"https:\/\/serhs.com\/wp-content\/uploads\/2018\/05\/logoSERHS200.png","contentUrl":"https:\/\/serhs.com\/wp-content\/uploads\/2018\/05\/logoSERHS200.png","width":200,"height":67,"caption":"SERHS"},"image":{"@id":"https:\/\/serhs.com\/es\/#\/schema\/logo\/image\/"},"sameAs":["https:\/\/www.facebook.com\/grupserhs","https:\/\/www.linkedin.com\/company\/grup-serhs","https:\/\/www.instagram.com\/serhsoficial\/"]},{"@type":"Person","@id":"https:\/\/serhs.com\/es\/#\/schema\/person\/ab392817d75ed759c372c3f7a40828aa","name":"SOCIAL","url":"https:\/\/serhs.com\/es\/author\/rf\/"}]}},"_links":{"self":[{"href":"https:\/\/serhs.com\/es\/wp-json\/wp\/v2\/posts\/17936","targetHints":{"allow":["GET"]}}],"collection":[{"href":"https:\/\/serhs.com\/es\/wp-json\/wp\/v2\/posts"}],"about":[{"href":"https:\/\/serhs.com\/es\/wp-json\/wp\/v2\/types\/post"}],"author":[{"embeddable":true,"href":"https:\/\/serhs.com\/es\/wp-json\/wp\/v2\/users\/19"}],"replies":[{"embeddable":true,"href":"https:\/\/serhs.com\/es\/wp-json\/wp\/v2\/comments?post=17936"}],"version-history":[{"count":0,"href":"https:\/\/serhs.com\/es\/wp-json\/wp\/v2\/posts\/17936\/revisions"}],"wp:featuredmedia":[{"embeddable":true,"href":"https:\/\/serhs.com\/es\/wp-json\/wp\/v2\/media\/17939"}],"wp:attachment":[{"href":"https:\/\/serhs.com\/es\/wp-json\/wp\/v2\/media?parent=17936"}],"wp:term":[{"taxonomy":"category","embeddable":true,"href":"https:\/\/serhs.com\/es\/wp-json\/wp\/v2\/categories?post=17936"},{"taxonomy":"post_tag","embeddable":true,"href":"https:\/\/serhs.com\/es\/wp-json\/wp\/v2\/tags?post=17936"}],"curies":[{"name":"wp","href":"https:\/\/api.w.org\/{rel}","templated":true}]}}