{"id":22155,"date":"2019-07-04T09:39:32","date_gmt":"2019-07-04T07:39:32","guid":{"rendered":"https:\/\/www.serhs.com\/?p=22155"},"modified":"2019-07-04T10:54:43","modified_gmt":"2019-07-04T08:54:43","slug":"noche-de-serhs-2019","status":"publish","type":"post","link":"https:\/\/serhs.com\/es\/noche-de-serhs-2019\/","title":{"rendered":"La emblem\u00e1tica Noche de SERHS celebra este a\u00f1o su 43a edici\u00f3n"},"content":{"rendered":"<p>El acontecimiento se celebrar\u00e1 el pr\u00f3ximo<strong> jueves 25 de julio de 2019<\/strong> a las <strong>20:30 horas<\/strong> en el <strong>Castell Jalp\u00ed de Arenys de Munt<\/strong>. El acto acoger\u00e1 colaboradores, socios y amigos de la compa\u00f1\u00eda que disfrutar\u00e1n de una velada inolvidable.<\/p>\n<p>C\u00f3mo en ediciones anteriores, <a href=\"https:\/\/www.arcscatering.com\/es\/\" target=\"_blank\" rel=\"noopener noreferrer\"><strong>Arcs Catering<\/strong><\/a>, el servicio de catering para acontecimientos de <a href=\"https:\/\/serhsfood.com\/es\/\" target=\"_blank\" rel=\"noopener noreferrer\"><strong>SERHS Food<\/strong><\/a>, se encargar\u00e1 de elaborar la propuesta gastron\u00f3mica, siempre con <strong>productos de proximidad<\/strong>, para los m\u00e1s de <strong>300 comensales<\/strong> que asistir\u00e1n al acto.<\/p>\n<p><img decoding=\"async\" class=\"alignnone wp-image-22212 size-full\" src=\"https:\/\/serhs.com\/wp-content\/uploads\/2019\/07\/nit_serhs_2019.jpg\" alt=\"Noche de SERHS 2019\" width=\"800\" height=\"584\" srcset=\"https:\/\/serhs.com\/wp-content\/uploads\/2019\/07\/nit_serhs_2019-200x146.jpg 200w, https:\/\/serhs.com\/wp-content\/uploads\/2019\/07\/nit_serhs_2019-300x219.jpg 300w, https:\/\/serhs.com\/wp-content\/uploads\/2019\/07\/nit_serhs_2019-400x292.jpg 400w, https:\/\/serhs.com\/wp-content\/uploads\/2019\/07\/nit_serhs_2019-600x438.jpg 600w, https:\/\/serhs.com\/wp-content\/uploads\/2019\/07\/nit_serhs_2019-768x561.jpg 768w, https:\/\/serhs.com\/wp-content\/uploads\/2019\/07\/nit_serhs_2019.jpg 800w\" sizes=\"(max-width: 800px) 100vw, 800px\" \/><\/p>\n<p>&nbsp;<\/p>\n","protected":false},"excerpt":{"rendered":"<p>El acontecimiento se celebrar\u00e1 el pr\u00f3ximo jueves 25 de julio de 2019 a las 20:30 horas en el Castell Jalp\u00ed <a href=\"https:\/\/serhs.com\/es\/noche-de-serhs-2019\/\"> [&#8230;]<\/a><\/p>\n","protected":false},"author":19,"featured_media":22212,"comment_status":"closed","ping_status":"closed","sticky":false,"template":"","format":"standard","meta":{"footnotes":""},"categories":[11],"tags":[],"class_list":["post-22155","post","type-post","status-publish","format-standard","has-post-thumbnail","hentry","category-corporacion-serhs"],"yoast_head":"<!-- This site is optimized with the Yoast SEO plugin v27.5 - https:\/\/yoast.com\/product\/yoast-seo-wordpress\/ -->\n<title>La emblem\u00e1tica Noche de SERHS celebra este a\u00f1o su 43a edici\u00f3n - SERHS<\/title>\n<meta name=\"robots\" content=\"index, follow, max-snippet:-1, max-image-preview:large, max-video-preview:-1\" \/>\n<link rel=\"canonical\" href=\"https:\/\/serhs.com\/es\/noche-de-serhs-2019\/\" \/>\n<meta property=\"og:locale\" content=\"es_ES\" \/>\n<meta property=\"og:type\" content=\"article\" \/>\n<meta property=\"og:title\" content=\"La emblem\u00e1tica Noche de SERHS celebra este a\u00f1o su 43a edici\u00f3n - SERHS\" \/>\n<meta property=\"og:url\" content=\"https:\/\/serhs.com\/es\/noche-de-serhs-2019\/\" \/>\n<meta property=\"og:site_name\" content=\"SERHS\" \/>\n<meta property=\"article:publisher\" content=\"https:\/\/www.facebook.com\/grupserhs\" \/>\n<meta property=\"article:published_time\" content=\"2019-07-04T07:39:32+00:00\" \/>\n<meta property=\"article:modified_time\" content=\"2019-07-04T08:54:43+00:00\" \/>\n<meta property=\"og:image\" content=\"https:\/\/serhs.com\/wp-content\/uploads\/2019\/07\/nit_serhs_2019.jpg\" \/>\n\t<meta property=\"og:image:width\" content=\"800\" \/>\n\t<meta property=\"og:image:height\" content=\"584\" \/>\n\t<meta property=\"og:image:type\" content=\"image\/jpeg\" \/>\n<meta name=\"author\" content=\"SOCIAL\" \/>\n<meta name=\"twitter:card\" content=\"summary_large_image\" \/>\n<meta name=\"twitter:label1\" content=\"Escrito por\" \/>\n\t<meta name=\"twitter:data1\" content=\"SOCIAL\" \/>\n<script type=\"application\/ld+json\" class=\"yoast-schema-graph\">{\"@context\":\"https:\\\/\\\/schema.org\",\"@graph\":[{\"@type\":\"Article\",\"@id\":\"https:\\\/\\\/serhs.com\\\/es\\\/noche-de-serhs-2019\\\/#article\",\"isPartOf\":{\"@id\":\"https:\\\/\\\/serhs.com\\\/es\\\/noche-de-serhs-2019\\\/\"},\"author\":{\"name\":\"SOCIAL\",\"@id\":\"https:\\\/\\\/serhs.com\\\/es\\\/#\\\/schema\\\/person\\\/ab392817d75ed759c372c3f7a40828aa\"},\"headline\":\"La emblem\u00e1tica Noche de SERHS celebra este a\u00f1o su 43a edici\u00f3n\",\"datePublished\":\"2019-07-04T07:39:32+00:00\",\"dateModified\":\"2019-07-04T08:54:43+00:00\",\"mainEntityOfPage\":{\"@id\":\"https:\\\/\\\/serhs.com\\\/es\\\/noche-de-serhs-2019\\\/\"},\"wordCount\":95,\"publisher\":{\"@id\":\"https:\\\/\\\/serhs.com\\\/es\\\/#organization\"},\"image\":{\"@id\":\"https:\\\/\\\/serhs.com\\\/es\\\/noche-de-serhs-2019\\\/#primaryimage\"},\"thumbnailUrl\":\"https:\\\/\\\/serhs.com\\\/wp-content\\\/uploads\\\/2019\\\/07\\\/nit_serhs_2019.jpg\",\"articleSection\":[\"Corporaci\u00f3n\"],\"inLanguage\":\"es\"},{\"@type\":\"WebPage\",\"@id\":\"https:\\\/\\\/serhs.com\\\/es\\\/noche-de-serhs-2019\\\/\",\"url\":\"https:\\\/\\\/serhs.com\\\/es\\\/noche-de-serhs-2019\\\/\",\"name\":\"La emblem\u00e1tica Noche de SERHS celebra este a\u00f1o su 43a edici\u00f3n - SERHS\",\"isPartOf\":{\"@id\":\"https:\\\/\\\/serhs.com\\\/es\\\/#website\"},\"primaryImageOfPage\":{\"@id\":\"https:\\\/\\\/serhs.com\\\/es\\\/noche-de-serhs-2019\\\/#primaryimage\"},\"image\":{\"@id\":\"https:\\\/\\\/serhs.com\\\/es\\\/noche-de-serhs-2019\\\/#primaryimage\"},\"thumbnailUrl\":\"https:\\\/\\\/serhs.com\\\/wp-content\\\/uploads\\\/2019\\\/07\\\/nit_serhs_2019.jpg\",\"datePublished\":\"2019-07-04T07:39:32+00:00\",\"dateModified\":\"2019-07-04T08:54:43+00:00\",\"breadcrumb\":{\"@id\":\"https:\\\/\\\/serhs.com\\\/es\\\/noche-de-serhs-2019\\\/#breadcrumb\"},\"inLanguage\":\"es\",\"potentialAction\":[{\"@type\":\"ReadAction\",\"target\":[\"https:\\\/\\\/serhs.com\\\/es\\\/noche-de-serhs-2019\\\/\"]}]},{\"@type\":\"ImageObject\",\"inLanguage\":\"es\",\"@id\":\"https:\\\/\\\/serhs.com\\\/es\\\/noche-de-serhs-2019\\\/#primaryimage\",\"url\":\"https:\\\/\\\/serhs.com\\\/wp-content\\\/uploads\\\/2019\\\/07\\\/nit_serhs_2019.jpg\",\"contentUrl\":\"https:\\\/\\\/serhs.com\\\/wp-content\\\/uploads\\\/2019\\\/07\\\/nit_serhs_2019.jpg\",\"width\":800,\"height\":584,\"caption\":\"Noche de SERHS 2019\"},{\"@type\":\"BreadcrumbList\",\"@id\":\"https:\\\/\\\/serhs.com\\\/es\\\/noche-de-serhs-2019\\\/#breadcrumb\",\"itemListElement\":[{\"@type\":\"ListItem\",\"position\":1,\"name\":\"Inici\",\"item\":\"https:\\\/\\\/serhs.com\\\/es\\\/\"},{\"@type\":\"ListItem\",\"position\":2,\"name\":\"La emblem\u00e1tica Noche de SERHS celebra este a\u00f1o su 43a edici\u00f3n\"}]},{\"@type\":\"WebSite\",\"@id\":\"https:\\\/\\\/serhs.com\\\/es\\\/#website\",\"url\":\"https:\\\/\\\/serhs.com\\\/es\\\/\",\"name\":\"SERHS\",\"description\":\"El primer grup Tur\u00edstic de Catalunya\",\"publisher\":{\"@id\":\"https:\\\/\\\/serhs.com\\\/es\\\/#organization\"},\"potentialAction\":[{\"@type\":\"SearchAction\",\"target\":{\"@type\":\"EntryPoint\",\"urlTemplate\":\"https:\\\/\\\/serhs.com\\\/es\\\/?s={search_term_string}\"},\"query-input\":{\"@type\":\"PropertyValueSpecification\",\"valueRequired\":true,\"valueName\":\"search_term_string\"}}],\"inLanguage\":\"es\"},{\"@type\":\"Organization\",\"@id\":\"https:\\\/\\\/serhs.com\\\/es\\\/#organization\",\"name\":\"SERHS\",\"url\":\"https:\\\/\\\/serhs.com\\\/es\\\/\",\"logo\":{\"@type\":\"ImageObject\",\"inLanguage\":\"es\",\"@id\":\"https:\\\/\\\/serhs.com\\\/es\\\/#\\\/schema\\\/logo\\\/image\\\/\",\"url\":\"https:\\\/\\\/serhs.com\\\/wp-content\\\/uploads\\\/2018\\\/05\\\/logoSERHS200.png\",\"contentUrl\":\"https:\\\/\\\/serhs.com\\\/wp-content\\\/uploads\\\/2018\\\/05\\\/logoSERHS200.png\",\"width\":200,\"height\":67,\"caption\":\"SERHS\"},\"image\":{\"@id\":\"https:\\\/\\\/serhs.com\\\/es\\\/#\\\/schema\\\/logo\\\/image\\\/\"},\"sameAs\":[\"https:\\\/\\\/www.facebook.com\\\/grupserhs\",\"https:\\\/\\\/www.linkedin.com\\\/company\\\/grup-serhs\",\"https:\\\/\\\/www.instagram.com\\\/serhsoficial\\\/\"]},{\"@type\":\"Person\",\"@id\":\"https:\\\/\\\/serhs.com\\\/es\\\/#\\\/schema\\\/person\\\/ab392817d75ed759c372c3f7a40828aa\",\"name\":\"SOCIAL\",\"url\":\"https:\\\/\\\/serhs.com\\\/es\\\/author\\\/rf\\\/\"}]}<\/script>\n<!-- \/ Yoast SEO plugin. -->","yoast_head_json":{"title":"La emblem\u00e1tica Noche de SERHS celebra este a\u00f1o su 43a edici\u00f3n - SERHS","robots":{"index":"index","follow":"follow","max-snippet":"max-snippet:-1","max-image-preview":"max-image-preview:large","max-video-preview":"max-video-preview:-1"},"canonical":"https:\/\/serhs.com\/es\/noche-de-serhs-2019\/","og_locale":"es_ES","og_type":"article","og_title":"La emblem\u00e1tica Noche de SERHS celebra este a\u00f1o su 43a edici\u00f3n - SERHS","og_url":"https:\/\/serhs.com\/es\/noche-de-serhs-2019\/","og_site_name":"SERHS","article_publisher":"https:\/\/www.facebook.com\/grupserhs","article_published_time":"2019-07-04T07:39:32+00:00","article_modified_time":"2019-07-04T08:54:43+00:00","og_image":[{"width":800,"height":584,"url":"https:\/\/serhs.com\/wp-content\/uploads\/2019\/07\/nit_serhs_2019.jpg","type":"image\/jpeg"}],"author":"SOCIAL","twitter_card":"summary_large_image","twitter_misc":{"Escrito por":"SOCIAL"},"schema":{"@context":"https:\/\/schema.org","@graph":[{"@type":"Article","@id":"https:\/\/serhs.com\/es\/noche-de-serhs-2019\/#article","isPartOf":{"@id":"https:\/\/serhs.com\/es\/noche-de-serhs-2019\/"},"author":{"name":"SOCIAL","@id":"https:\/\/serhs.com\/es\/#\/schema\/person\/ab392817d75ed759c372c3f7a40828aa"},"headline":"La emblem\u00e1tica Noche de SERHS celebra este a\u00f1o su 43a edici\u00f3n","datePublished":"2019-07-04T07:39:32+00:00","dateModified":"2019-07-04T08:54:43+00:00","mainEntityOfPage":{"@id":"https:\/\/serhs.com\/es\/noche-de-serhs-2019\/"},"wordCount":95,"publisher":{"@id":"https:\/\/serhs.com\/es\/#organization"},"image":{"@id":"https:\/\/serhs.com\/es\/noche-de-serhs-2019\/#primaryimage"},"thumbnailUrl":"https:\/\/serhs.com\/wp-content\/uploads\/2019\/07\/nit_serhs_2019.jpg","articleSection":["Corporaci\u00f3n"],"inLanguage":"es"},{"@type":"WebPage","@id":"https:\/\/serhs.com\/es\/noche-de-serhs-2019\/","url":"https:\/\/serhs.com\/es\/noche-de-serhs-2019\/","name":"La emblem\u00e1tica Noche de SERHS celebra este a\u00f1o su 43a edici\u00f3n - SERHS","isPartOf":{"@id":"https:\/\/serhs.com\/es\/#website"},"primaryImageOfPage":{"@id":"https:\/\/serhs.com\/es\/noche-de-serhs-2019\/#primaryimage"},"image":{"@id":"https:\/\/serhs.com\/es\/noche-de-serhs-2019\/#primaryimage"},"thumbnailUrl":"https:\/\/serhs.com\/wp-content\/uploads\/2019\/07\/nit_serhs_2019.jpg","datePublished":"2019-07-04T07:39:32+00:00","dateModified":"2019-07-04T08:54:43+00:00","breadcrumb":{"@id":"https:\/\/serhs.com\/es\/noche-de-serhs-2019\/#breadcrumb"},"inLanguage":"es","potentialAction":[{"@type":"ReadAction","target":["https:\/\/serhs.com\/es\/noche-de-serhs-2019\/"]}]},{"@type":"ImageObject","inLanguage":"es","@id":"https:\/\/serhs.com\/es\/noche-de-serhs-2019\/#primaryimage","url":"https:\/\/serhs.com\/wp-content\/uploads\/2019\/07\/nit_serhs_2019.jpg","contentUrl":"https:\/\/serhs.com\/wp-content\/uploads\/2019\/07\/nit_serhs_2019.jpg","width":800,"height":584,"caption":"Noche de SERHS 2019"},{"@type":"BreadcrumbList","@id":"https:\/\/serhs.com\/es\/noche-de-serhs-2019\/#breadcrumb","itemListElement":[{"@type":"ListItem","position":1,"name":"Inici","item":"https:\/\/serhs.com\/es\/"},{"@type":"ListItem","position":2,"name":"La emblem\u00e1tica Noche de SERHS celebra este a\u00f1o su 43a edici\u00f3n"}]},{"@type":"WebSite","@id":"https:\/\/serhs.com\/es\/#website","url":"https:\/\/serhs.com\/es\/","name":"SERHS","description":"El primer grup Tur\u00edstic de Catalunya","publisher":{"@id":"https:\/\/serhs.com\/es\/#organization"},"potentialAction":[{"@type":"SearchAction","target":{"@type":"EntryPoint","urlTemplate":"https:\/\/serhs.com\/es\/?s={search_term_string}"},"query-input":{"@type":"PropertyValueSpecification","valueRequired":true,"valueName":"search_term_string"}}],"inLanguage":"es"},{"@type":"Organization","@id":"https:\/\/serhs.com\/es\/#organization","name":"SERHS","url":"https:\/\/serhs.com\/es\/","logo":{"@type":"ImageObject","inLanguage":"es","@id":"https:\/\/serhs.com\/es\/#\/schema\/logo\/image\/","url":"https:\/\/serhs.com\/wp-content\/uploads\/2018\/05\/logoSERHS200.png","contentUrl":"https:\/\/serhs.com\/wp-content\/uploads\/2018\/05\/logoSERHS200.png","width":200,"height":67,"caption":"SERHS"},"image":{"@id":"https:\/\/serhs.com\/es\/#\/schema\/logo\/image\/"},"sameAs":["https:\/\/www.facebook.com\/grupserhs","https:\/\/www.linkedin.com\/company\/grup-serhs","https:\/\/www.instagram.com\/serhsoficial\/"]},{"@type":"Person","@id":"https:\/\/serhs.com\/es\/#\/schema\/person\/ab392817d75ed759c372c3f7a40828aa","name":"SOCIAL","url":"https:\/\/serhs.com\/es\/author\/rf\/"}]}},"_links":{"self":[{"href":"https:\/\/serhs.com\/es\/wp-json\/wp\/v2\/posts\/22155","targetHints":{"allow":["GET"]}}],"collection":[{"href":"https:\/\/serhs.com\/es\/wp-json\/wp\/v2\/posts"}],"about":[{"href":"https:\/\/serhs.com\/es\/wp-json\/wp\/v2\/types\/post"}],"author":[{"embeddable":true,"href":"https:\/\/serhs.com\/es\/wp-json\/wp\/v2\/users\/19"}],"replies":[{"embeddable":true,"href":"https:\/\/serhs.com\/es\/wp-json\/wp\/v2\/comments?post=22155"}],"version-history":[{"count":0,"href":"https:\/\/serhs.com\/es\/wp-json\/wp\/v2\/posts\/22155\/revisions"}],"wp:featuredmedia":[{"embeddable":true,"href":"https:\/\/serhs.com\/es\/wp-json\/wp\/v2\/media\/22212"}],"wp:attachment":[{"href":"https:\/\/serhs.com\/es\/wp-json\/wp\/v2\/media?parent=22155"}],"wp:term":[{"taxonomy":"category","embeddable":true,"href":"https:\/\/serhs.com\/es\/wp-json\/wp\/v2\/categories?post=22155"},{"taxonomy":"post_tag","embeddable":true,"href":"https:\/\/serhs.com\/es\/wp-json\/wp\/v2\/tags?post=22155"}],"curies":[{"name":"wp","href":"https:\/\/api.w.org\/{rel}","templated":true}]}}