{"id":22348,"date":"2019-07-25T10:12:03","date_gmt":"2019-07-25T08:12:03","guid":{"rendered":"https:\/\/www.serhs.com\/?p=22348"},"modified":"2022-03-07T17:14:14","modified_gmt":"2022-03-07T16:14:14","slug":"serhs-celebra-la-43a-edicion-de-la-noche-de-serhs","status":"publish","type":"post","link":"https:\/\/serhs.com\/es\/serhs-celebra-la-43a-edicion-de-la-noche-de-serhs\/","title":{"rendered":"SERHS celebra la 43a edici\u00f3n de la Noche de SERHS"},"content":{"rendered":"<h2>Jordi Bag\u00f3, president de SERHS: \u201cTenim Grup Serhs on v\u00e0rem decidir que el vol\u00edem tenir, quan vam engegar el nostre Pla Estrat\u00e8gic, ara fa 4 anys\u201d.<\/h2>\n<p style=\"font-weight: 400;\">Aquest passat 25 de juliol va tenir lloc la celebraci\u00f3 de la <strong>43a Nit SERHS<\/strong>, com ja \u00e9s habitual en les darreres edicions, a l\u2019emblem\u00e0tic <strong><a href=\"https:\/\/www.castell-jalpi.com\" target=\"_blank\" rel=\"noopener noreferrer\">Castell Jalp\u00ed<\/a><\/strong> d\u2019Arenys de Munt, seu social de la corporaci\u00f3.\u00a0 Prop de 300 assistents, entre els que es comptaven \u00a0accionistes, col\u00b7laboradors, personalitats i amics de la corporaci\u00f3, van participar en aquest esdeveniment anual.<\/p>\n<p>&nbsp;<\/p>\n<p><img decoding=\"async\" class=\"alignnone size-full wp-image-22360\" src=\"https:\/\/serhs.com\/wp-content\/uploads\/2018\/07\/serhs-celebra-la-43-edici\u00f3-de-la-nit-de-la-serhs.jpg\" alt=\"SERHS celebra la 43a edici\u00f3 de la Nit SERHS\" width=\"800\" height=\"584\" srcset=\"https:\/\/serhs.com\/wp-content\/uploads\/2018\/07\/serhs-celebra-la-43-edici\u00f3-de-la-nit-de-la-serhs-200x146.jpg 200w, https:\/\/serhs.com\/wp-content\/uploads\/2018\/07\/serhs-celebra-la-43-edici\u00f3-de-la-nit-de-la-serhs-300x219.jpg 300w, https:\/\/serhs.com\/wp-content\/uploads\/2018\/07\/serhs-celebra-la-43-edici\u00f3-de-la-nit-de-la-serhs-400x292.jpg 400w, https:\/\/serhs.com\/wp-content\/uploads\/2018\/07\/serhs-celebra-la-43-edici\u00f3-de-la-nit-de-la-serhs-600x438.jpg 600w, https:\/\/serhs.com\/wp-content\/uploads\/2018\/07\/serhs-celebra-la-43-edici\u00f3-de-la-nit-de-la-serhs-768x561.jpg 768w, https:\/\/serhs.com\/wp-content\/uploads\/2018\/07\/serhs-celebra-la-43-edici\u00f3-de-la-nit-de-la-serhs.jpg 800w\" sizes=\"(max-width: 800px) 100vw, 800px\" \/> <img decoding=\"async\" class=\"alignnone size-full wp-image-22390\" src=\"https:\/\/serhs.com\/wp-content\/uploads\/2018\/07\/logo-43nitserhs-petit.jpg\" alt=\"\" width=\"200\" height=\"200\" srcset=\"https:\/\/serhs.com\/wp-content\/uploads\/2018\/07\/logo-43nitserhs-petit-66x66.jpg 66w, https:\/\/serhs.com\/wp-content\/uploads\/2018\/07\/logo-43nitserhs-petit-150x150.jpg 150w, https:\/\/serhs.com\/wp-content\/uploads\/2018\/07\/logo-43nitserhs-petit.jpg 200w\" sizes=\"(max-width: 200px) 100vw, 200px\" \/><\/p>\n<p>&nbsp;<\/p>\n<p style=\"font-weight: 400;\">El president de SERHS, Jordi Bag\u00f3, va fer lliurament del <strong>Premi \u201cTraject\u00f2ria i Comprom\u00eds amb SERHS\u201d<\/strong> que enguany ha recaigut en l\u2019empresa Nestl\u00e9. Aquesta companyia, amb m\u00e9s de 150 anys d\u2019hist\u00f2ria, \u00e9s actualment l\u00edder mundial en el sector de la nutrici\u00f3, la salut i el benestar. Jordi Bag\u00f3 va voler destacar de l\u2019empresa guardonada els \u201cm\u00e9s de 20 anys de col\u00b7laboraci\u00f3 estreta, organitzada i continuada amb molt bons resultats\u201d. El premi va ser recollit pel Sr. V\u00edctor Martins, Director Out of Home Nestl\u00e9 Professional Iberia que, malgrat el seu origen portugu\u00e8s, va oferir part dels seus agra\u00efments en catal\u00e0.<\/p>\n<p style=\"font-weight: 400;\">El president de SERHS, va voler destacar que\u00a0<em>\u201cquan una entitat com la nostra celebra 43 anys \u00e9s perqu\u00e8 darrera hi ha hagut molt d\u2019esfor\u00e7, molta emprenedoria, molta const\u00e0ncia, de tots aquells i aquelles que durant aquest temps ho han fet possible; per\u00f2 sobretot hi ha hagut una tremenda capacitat d\u2019anar adaptant l\u2019empresa de forma precisa al moment en qu\u00e8 vivim, segons les tend\u00e8ncies del mercat, l\u2019evoluci\u00f3 tecnol\u00f2gica i els recursos disponibles\u201d<\/em>. Jordi Bag\u00f3 va assegurar que \u201c<em>el nostre \u00e8xit resideix en que hem estat capa\u00e7os de reaccionar a cada moment, ja que la nostra pr\u00f2pia hist\u00f2ria evoluciona cada dia, les nostres necessitat s\u00f3n diferents, els objectius dels nostres socis no s\u00f3n els mateixos que quan v\u00e0rem n\u00e9ixer el any 1976 i, per tant la nostra obligaci\u00f3 \u00e9s fusionar la realitat interna amb el que ens trobem en el m\u00f3n extern<\/em>\u201c. En resum, el missatge que va ser transm\u00e8s als assistents de l\u2019acte recull la reflexi\u00f3 que\u00a0\u201c<em>aquest darrer any 2018, hem fet un pas de gegant per apropar les dues realitats, i avui podem dir que tenim\u00a0Grup SERHS \u00a0on v\u00e0rem decidir que el vol\u00edem tenir,\u00a0quan vam engegar el nostre\u00a0Pla Estrat\u00e8gic, ara fa 4 anys<\/em>.<\/p>\n<p style=\"font-weight: 400;\">Va cloure la part m\u00e9s institucional l\u2019alcalde d\u2019Arenys de Munt, l\u2019il\u00b7lustr\u00edssim Sr. Josep S\u00e0nchez i Camps, que va destacar la solidesa de SERHS durant els m\u00e9s de\u00a043\u00a0anys de la corporaci\u00f3, i alhora l\u2019emprenedoria i el seu alt\u00edssim valor hum\u00e0.<\/p>\n<p style=\"font-weight: 400;\">L\u2019acte corporatiu de la <strong>43a Nit SERHS<\/strong> va ser la pr\u00e8via del sopar\u00a0<em>Els Bufets<\/em>\u00a0que <strong><a href=\"https:\/\/www.arcscatering.com\" target=\"_blank\" rel=\"noopener noreferrer\">Arcs Catering<\/a><\/strong>, el servei de c\u00e0tering per a esdeveniments de SERHS Food, va preparar i presentar en un format am\u00e8 i informal al Pati d\u2019Armes i al Balc\u00f3 del Llac del <strong><a href=\"https:\/\/www.castell-jalpi.com\" target=\"_blank\" rel=\"noopener noreferrer\">Castell Jalp\u00ed<\/a><\/strong>. Una exquisida proposta gastron\u00f2mica amb productes de proximitat i qualitat, amb una selecci\u00f3 de pica-pica calents i freds, i una exquisida oferta de bufets tals com arr\u00f2s, t\u00e0rtars, formatges i barbacoa.<\/p>\n<p style=\"font-weight: 400;\">La vetllada va ser amenitzada pel grup musical Carlos Bianchini Ensemble i els artistes convidats Bego V\u00e1zquez i Ulises Ord\u00fa\u00f1ez, amb una acurada selecci\u00f3 musical d\u2019est\u00e0ndards contemporanis i m\u00fasica tradicional catalana. Aquesta formaci\u00f3 tamb\u00e9 va oferir durant l\u2019acte corporatiu un espectacular arranjament en la seva versi\u00f3 m\u00e9s jazz\u00edstica de l\u2019himne de la corporaci\u00f3, la sardana \u201cJunts amb la SERHS\u201d, que fou composada pel mestre Joaquim Soms, amb lletra de l\u2019escriptor sarrianenc Narc\u00eds Rami\u00f3.<\/p>\n<div class=\"video-container\"><iframe width=\"800\" height=\"534\" src=\"https:\/\/www.youtube.com\/embed\/9KcNjCsQJOU\" frameborder=\"0\" allow=\"accelerometer; autoplay; encrypted-media; gyroscope; picture-in-picture\" allowfullscreen><\/iframe><\/div>\n<p>&nbsp;<br \/>\n<div class=\"fusion-button-wrapper\"><a class=\"fusion-button button-flat fusion-button-default-size button-default fusion-button-default button-1 fusion-button-default-span fusion-button-default-type\" target=\"_blank\" rel=\"noopener noreferrer\" href=\"https:\/\/serhs.com\/coneix-nos\/somserhs\/\"><i class=\" fa fa-angle-right awb-button__icon awb-button__icon--default button-icon-left\" aria-hidden=\"true\"><\/i><span class=\"fusion-button-text awb-button__text awb-button__text--default\">Descubre porqu\u00e9 #somSERHS?<\/span><\/a><\/div>\n<p>&nbsp;<\/p>\n<h2>T&#8217;ho vas perdre? Aqu\u00ed pots veure la 43a Nit SERHS en imatges:<strong><br \/>\n<\/strong><\/h2>\n<div id=\"su_carousel_69f2a668e0112\" class=\"su-carousel su-carousel-pages-no su-carousel-responsive-yes\" style=\"width:100%\" data-autoplay=\"3000\" data-speed=\"600\" data-mousewheel=\"true\" data-items=\"1\" data-scroll=\"1\"><div class=\"su-carousel-slides\"><div class=\"su-carousel-slide\"><a><img decoding=\"async\" src=\"https:\/\/serhs.com\/wp-content\/uploads\/2019\/07\/43a-Nit-de-la-SERHS-0-1182x800.jpg\" alt=\"43a Nit de la SERHS (0)\" \/><\/a><\/div><div class=\"su-carousel-slide\"><a><img decoding=\"async\" src=\"https:\/\/serhs.com\/wp-content\/uploads\/2019\/07\/43a-Nit-de-la-SERHS-50-1182x800.jpg\" alt=\"43a Noche de la SERHS\" \/><\/a><\/div><div class=\"su-carousel-slide\"><a><img decoding=\"async\" src=\"https:\/\/serhs.com\/wp-content\/uploads\/2019\/07\/43a-Nit-de-la-SERHS-49-1182x800.jpg\" alt=\"43a Nit de la SERHS (49)\" \/><\/a><\/div><div class=\"su-carousel-slide\"><a><img decoding=\"async\" src=\"https:\/\/serhs.com\/wp-content\/uploads\/2019\/07\/43a-Nit-de-la-SERHS-48-1182x800.jpg\" alt=\"43a Nit de la SERHS (48)\" \/><\/a><\/div><div class=\"su-carousel-slide\"><a><img decoding=\"async\" src=\"https:\/\/serhs.com\/wp-content\/uploads\/2019\/07\/43a-Nit-de-la-SERHS-47-1182x800.jpg\" alt=\"43a Nit de la SERHS (47)\" \/><\/a><\/div><div class=\"su-carousel-slide\"><a><img decoding=\"async\" src=\"https:\/\/serhs.com\/wp-content\/uploads\/2019\/07\/43a-Nit-de-la-SERHS-46-1182x800.jpg\" alt=\"43a Nit de la SERHS (46)\" \/><\/a><\/div><div class=\"su-carousel-slide\"><a><img decoding=\"async\" src=\"https:\/\/serhs.com\/wp-content\/uploads\/2019\/07\/43a-Nit-de-la-SERHS-45-1182x800.jpg\" alt=\"43a Nit de la SERHS (45)\" \/><\/a><\/div><div class=\"su-carousel-slide\"><a><img decoding=\"async\" src=\"https:\/\/serhs.com\/wp-content\/uploads\/2019\/07\/43a-Nit-de-la-SERHS-44-1182x800.jpg\" alt=\"43a Nit de la SERHS (44)\" \/><\/a><\/div><div class=\"su-carousel-slide\"><a><img decoding=\"async\" src=\"https:\/\/serhs.com\/wp-content\/uploads\/2019\/07\/43a-Nit-de-la-SERHS-43-1182x800.jpg\" alt=\"43a Nit de la SERHS (43)\" \/><\/a><\/div><div class=\"su-carousel-slide\"><a><img decoding=\"async\" src=\"https:\/\/serhs.com\/wp-content\/uploads\/2019\/07\/43a-Nit-de-la-SERHS-42-1182x800.jpg\" alt=\"43a Nit de la SERHS (42)\" \/><\/a><\/div><div class=\"su-carousel-slide\"><a><img decoding=\"async\" src=\"https:\/\/serhs.com\/wp-content\/uploads\/2019\/07\/43a-Nit-de-la-SERHS-41-1182x800.jpg\" alt=\"43a Nit de la SERHS (41)\" \/><\/a><\/div><div class=\"su-carousel-slide\"><a><img decoding=\"async\" src=\"https:\/\/serhs.com\/wp-content\/uploads\/2019\/07\/43a-Nit-de-la-SERHS-40-1182x800.jpg\" alt=\"43a Nit de la SERHS (40)\" \/><\/a><\/div><div class=\"su-carousel-slide\"><a><img decoding=\"async\" src=\"https:\/\/serhs.com\/wp-content\/uploads\/2019\/07\/43a-Nit-de-la-SERHS-39-1182x800.jpg\" alt=\"43a Nit de la SERHS (39)\" \/><\/a><\/div><div class=\"su-carousel-slide\"><a><img decoding=\"async\" src=\"https:\/\/serhs.com\/wp-content\/uploads\/2019\/07\/43a-Nit-de-la-SERHS-38-1182x800.jpg\" alt=\"43a Nit de la SERHS (38)\" \/><\/a><\/div><div class=\"su-carousel-slide\"><a><img decoding=\"async\" src=\"https:\/\/serhs.com\/wp-content\/uploads\/2019\/07\/43a-Nit-de-la-SERHS-37-1182x800.jpg\" alt=\"43a Nit de la SERHS (37)\" \/><\/a><\/div><div class=\"su-carousel-slide\"><a><img decoding=\"async\" src=\"https:\/\/serhs.com\/wp-content\/uploads\/2019\/07\/43a-Nit-de-la-SERHS-36-1182x800.jpg\" alt=\"43a Nit de la SERHS (36)\" \/><\/a><\/div><div class=\"su-carousel-slide\"><a><img decoding=\"async\" src=\"https:\/\/serhs.com\/wp-content\/uploads\/2019\/07\/43a-Nit-de-la-SERHS-35-1182x800.jpg\" alt=\"43a Nit de la SERHS (35)\" \/><\/a><\/div><div class=\"su-carousel-slide\"><a><img decoding=\"async\" src=\"https:\/\/serhs.com\/wp-content\/uploads\/2019\/07\/43a-Nit-de-la-SERHS-34-1182x800.jpg\" alt=\"43a Nit de la SERHS (34)\" \/><\/a><\/div><div class=\"su-carousel-slide\"><a><img decoding=\"async\" src=\"https:\/\/serhs.com\/wp-content\/uploads\/2019\/07\/43a-Nit-de-la-SERHS-33-1182x800.jpg\" alt=\"43a Nit de la SERHS (33)\" \/><\/a><\/div><div class=\"su-carousel-slide\"><a><img decoding=\"async\" src=\"https:\/\/serhs.com\/wp-content\/uploads\/2019\/07\/43a-Nit-de-la-SERHS-32-1182x800.jpg\" alt=\"43a Nit de la SERHS (32)\" \/><\/a><\/div><div class=\"su-carousel-slide\"><a><img decoding=\"async\" src=\"https:\/\/serhs.com\/wp-content\/uploads\/2019\/07\/43a-Nit-de-la-SERHS-31-1182x800.jpg\" alt=\"43a Nit de la SERHS (31)\" \/><\/a><\/div><div class=\"su-carousel-slide\"><a><img decoding=\"async\" src=\"https:\/\/serhs.com\/wp-content\/uploads\/2019\/07\/43a-Nit-de-la-SERHS-30-1182x800.jpg\" alt=\"43a Nit de la SERHS (30)\" \/><\/a><\/div><div class=\"su-carousel-slide\"><a><img decoding=\"async\" src=\"https:\/\/serhs.com\/wp-content\/uploads\/2019\/07\/43a-Nit-de-la-SERHS-29-1182x800.jpg\" alt=\"43a Nit de la SERHS (29)\" \/><\/a><\/div><div class=\"su-carousel-slide\"><a><img decoding=\"async\" src=\"https:\/\/serhs.com\/wp-content\/uploads\/2019\/07\/43a-Nit-de-la-SERHS-28-1182x800.jpg\" alt=\"43a Nit de la SERHS (28)\" \/><\/a><\/div><div class=\"su-carousel-slide\"><a><img decoding=\"async\" src=\"https:\/\/serhs.com\/wp-content\/uploads\/2019\/07\/43a-Nit-de-la-SERHS-27-1182x800.jpg\" alt=\"43a Nit de la SERHS (27)\" \/><\/a><\/div><div class=\"su-carousel-slide\"><a><img decoding=\"async\" src=\"https:\/\/serhs.com\/wp-content\/uploads\/2019\/07\/43a-Nit-de-la-SERHS-26-1182x800.jpg\" alt=\"43a Nit de la SERHS (26)\" \/><\/a><\/div><div class=\"su-carousel-slide\"><a><img decoding=\"async\" src=\"https:\/\/serhs.com\/wp-content\/uploads\/2019\/07\/43a-Nit-de-la-SERHS-25-1182x800.jpg\" alt=\"43a Nit de la SERHS (25)\" \/><\/a><\/div><div class=\"su-carousel-slide\"><a><img decoding=\"async\" src=\"https:\/\/serhs.com\/wp-content\/uploads\/2019\/07\/43a-Nit-de-la-SERHS-24-1182x800.jpg\" alt=\"43a Nit de la SERHS (24)\" \/><\/a><\/div><div class=\"su-carousel-slide\"><a><img decoding=\"async\" src=\"https:\/\/serhs.com\/wp-content\/uploads\/2019\/07\/43a-Nit-de-la-SERHS-23-1182x800.jpg\" alt=\"43a Nit de la SERHS (23)\" \/><\/a><\/div><div class=\"su-carousel-slide\"><a><img decoding=\"async\" src=\"https:\/\/serhs.com\/wp-content\/uploads\/2019\/07\/43a-Nit-de-la-SERHS-22-1182x800.jpg\" alt=\"43a Nit de la SERHS (22)\" \/><\/a><\/div><div class=\"su-carousel-slide\"><a><img decoding=\"async\" src=\"https:\/\/serhs.com\/wp-content\/uploads\/2019\/07\/43a-Nit-de-la-SERHS-21-1182x800.jpg\" alt=\"43a Nit de la SERHS (21)\" \/><\/a><\/div><div class=\"su-carousel-slide\"><a><img decoding=\"async\" src=\"https:\/\/serhs.com\/wp-content\/uploads\/2019\/07\/43a-Nit-de-la-SERHS-20-1182x800.jpg\" alt=\"43a Nit de la SERHS (20)\" \/><\/a><\/div><div class=\"su-carousel-slide\"><a><img decoding=\"async\" src=\"https:\/\/serhs.com\/wp-content\/uploads\/2019\/07\/43a-Nit-de-la-SERHS-19-1182x800.jpg\" alt=\"43a Nit de la SERHS (19)\" \/><\/a><\/div><div class=\"su-carousel-slide\"><a><img decoding=\"async\" src=\"https:\/\/serhs.com\/wp-content\/uploads\/2019\/07\/43a-Nit-de-la-SERHS-18-1182x800.jpg\" alt=\"43a Nit de la SERHS (18)\" \/><\/a><\/div><div class=\"su-carousel-slide\"><a><img decoding=\"async\" src=\"https:\/\/serhs.com\/wp-content\/uploads\/2019\/07\/43a-Nit-de-la-SERHS-17-1182x800.jpg\" alt=\"43a Nit de la SERHS (17)\" \/><\/a><\/div><div class=\"su-carousel-slide\"><a><img decoding=\"async\" src=\"https:\/\/serhs.com\/wp-content\/uploads\/2019\/07\/43a-Nit-de-la-SERHS-16-1182x800.jpg\" alt=\"43a Nit de la SERHS (16)\" \/><\/a><\/div><div class=\"su-carousel-slide\"><a><img decoding=\"async\" src=\"https:\/\/serhs.com\/wp-content\/uploads\/2019\/07\/43a-Nit-de-la-SERHS-15.1-1182x800.jpg\" alt=\"43a Nit de la SERHS (15.1)\" \/><\/a><\/div><div class=\"su-carousel-slide\"><a><img decoding=\"async\" src=\"https:\/\/serhs.com\/wp-content\/uploads\/2019\/07\/43a-Nit-de-la-SERHS-15-1182x800.jpg\" alt=\"43a Nit de la SERHS (15)\" \/><\/a><\/div><div class=\"su-carousel-slide\"><a><img decoding=\"async\" src=\"https:\/\/serhs.com\/wp-content\/uploads\/2019\/07\/43a-Nit-de-la-SERHS-14-1182x800.jpg\" alt=\"43a Nit de la SERHS (14)\" \/><\/a><\/div><div class=\"su-carousel-slide\"><a><img decoding=\"async\" src=\"https:\/\/serhs.com\/wp-content\/uploads\/2019\/07\/43a-Nit-de-la-SERHS-13-1182x800.jpg\" alt=\"43a Nit de la SERHS (13)\" \/><\/a><\/div><div class=\"su-carousel-slide\"><a><img decoding=\"async\" src=\"https:\/\/serhs.com\/wp-content\/uploads\/2019\/07\/43a-Nit-de-la-SERHS-12-1182x800.jpg\" alt=\"43a Nit de la SERHS (12)\" \/><\/a><\/div><div class=\"su-carousel-slide\"><a><img decoding=\"async\" src=\"https:\/\/serhs.com\/wp-content\/uploads\/2019\/07\/43a-Nit-de-la-SERHS-11-1182x800.jpg\" alt=\"43a Nit de la SERHS (11)\" \/><\/a><\/div><div class=\"su-carousel-slide\"><a><img decoding=\"async\" src=\"https:\/\/serhs.com\/wp-content\/uploads\/2019\/07\/43a-Nit-de-la-SERHS-10-1182x800.jpg\" alt=\"43a Nit de la SERHS (10)\" \/><\/a><\/div><div class=\"su-carousel-slide\"><a><img decoding=\"async\" src=\"https:\/\/serhs.com\/wp-content\/uploads\/2019\/07\/43a-Nit-de-la-SERHS-9-1182x800.jpg\" alt=\"43a Nit de la SERHS (9)\" \/><\/a><\/div><div class=\"su-carousel-slide\"><a><img decoding=\"async\" src=\"https:\/\/serhs.com\/wp-content\/uploads\/2019\/07\/43a-Nit-de-la-SERHS-8-1182x800.jpg\" alt=\"43a Nit de la SERHS (8)\" \/><\/a><\/div><div class=\"su-carousel-slide\"><a><img decoding=\"async\" src=\"https:\/\/serhs.com\/wp-content\/uploads\/2019\/07\/43a-Nit-de-la-SERHS-7-1182x800.jpg\" alt=\"43a Nit de la SERHS (7)\" \/><\/a><\/div><div class=\"su-carousel-slide\"><a><img decoding=\"async\" src=\"https:\/\/serhs.com\/wp-content\/uploads\/2019\/07\/43a-Nit-de-la-SERHS-6-1182x800.jpg\" alt=\"43a Nit de la SERHS (6)\" \/><\/a><\/div><div class=\"su-carousel-slide\"><a><img decoding=\"async\" src=\"https:\/\/serhs.com\/wp-content\/uploads\/2019\/07\/43a-Nit-de-la-SERHS-5-1182x800.jpg\" alt=\"43a Nit de la SERHS (5)\" \/><\/a><\/div><div class=\"su-carousel-slide\"><a><img decoding=\"async\" src=\"https:\/\/serhs.com\/wp-content\/uploads\/2019\/07\/43a-Nit-de-la-SERHS-4-1182x800.jpg\" alt=\"43a Nit de la SERHS (4)\" \/><\/a><\/div><div class=\"su-carousel-slide\"><a><img decoding=\"async\" src=\"https:\/\/serhs.com\/wp-content\/uploads\/2019\/07\/43a-Nit-de-la-SERHS-3-1182x800.jpg\" alt=\"43a Nit de la SERHS (3)\" \/><\/a><\/div><div class=\"su-carousel-slide\"><a><img decoding=\"async\" src=\"https:\/\/serhs.com\/wp-content\/uploads\/2019\/07\/43a-Nit-de-la-SERHS-2-1182x800.jpg\" alt=\"43a Nit de la SERHS (2)\" \/><\/a><\/div><div class=\"su-carousel-slide\"><a><img decoding=\"async\" src=\"https:\/\/serhs.com\/wp-content\/uploads\/2019\/07\/43a-Nit-de-la-SERHS-1-1182x800.jpg\" alt=\"43a Nit de la SERHS (1)\" \/><\/a><\/div><\/div><div class=\"su-carousel-nav\"><div class=\"su-carousel-direction\"><span class=\"su-carousel-prev\"><\/span><span class=\"su-carousel-next\"><\/span><\/div><div class=\"su-carousel-pagination\"><\/div><\/div><\/div>\n","protected":false},"excerpt":{"rendered":"<p>Jordi Bag\u00f3, president de SERHS: \u201cTenim Grup Serhs on v\u00e0rem decidir que el vol\u00edem tenir, quan vam engegar el nostre <a href=\"https:\/\/serhs.com\/es\/serhs-celebra-la-43a-edicion-de-la-noche-de-serhs\/\"> [&#8230;]<\/a><\/p>\n","protected":false},"author":19,"featured_media":22361,"comment_status":"closed","ping_status":"closed","sticky":false,"template":"","format":"standard","meta":{"footnotes":""},"categories":[11,127],"tags":[],"class_list":["post-22348","post","type-post","status-publish","format-standard","has-post-thumbnail","hentry","category-corporacion-serhs","category-food-es"],"yoast_head":"<!-- This site is optimized with the Yoast SEO plugin v27.5 - https:\/\/yoast.com\/product\/yoast-seo-wordpress\/ -->\n<title>SERHS celebra la 43a edici\u00f3n de la Noche de SERHS<\/title>\n<meta name=\"description\" content=\"Este pasado 25 de Julio tuvo lugar la celebraci\u00f3n de la 43\u00aa Noche SERHS, en el emblem\u00e1tico Castillo Jalp\u00ed de Arenys de Munt, sede social de la corporaci\u00f3n. Unos 300 asistentes entre los que se contaban accionistas, colaboradores, personalidades y amigos de la corporaci\u00f3n, participaron de este evento anual.\" \/>\n<meta name=\"robots\" content=\"index, follow, max-snippet:-1, max-image-preview:large, max-video-preview:-1\" \/>\n<link rel=\"canonical\" href=\"https:\/\/serhs.com\/es\/serhs-celebra-la-43a-edicion-de-la-noche-de-serhs\/\" \/>\n<meta property=\"og:locale\" content=\"es_ES\" \/>\n<meta property=\"og:type\" content=\"article\" \/>\n<meta property=\"og:title\" content=\"SERHS celebra la 43a edici\u00f3n de la Noche de SERHS\" \/>\n<meta property=\"og:description\" content=\"Este pasado 25 de Julio tuvo lugar la celebraci\u00f3n de la 43\u00aa Noche SERHS, en el emblem\u00e1tico Castillo Jalp\u00ed de Arenys de Munt, sede social de la corporaci\u00f3n. Unos 300 asistentes entre los que se contaban accionistas, colaboradores, personalidades y amigos de la corporaci\u00f3n, participaron de este evento anual.\" \/>\n<meta property=\"og:url\" content=\"https:\/\/serhs.com\/es\/serhs-celebra-la-43a-edicion-de-la-noche-de-serhs\/\" \/>\n<meta property=\"og:site_name\" content=\"SERHS\" \/>\n<meta property=\"article:publisher\" content=\"https:\/\/www.facebook.com\/grupserhs\" \/>\n<meta property=\"article:published_time\" content=\"2019-07-25T08:12:03+00:00\" \/>\n<meta property=\"article:modified_time\" content=\"2022-03-07T16:14:14+00:00\" \/>\n<meta property=\"og:image\" content=\"https:\/\/serhs.com\/wp-content\/uploads\/2018\/07\/serhs-celebra-la-43-edici\u00f3-de-la-nit-de-la-serhs.jpg\" \/>\n\t<meta property=\"og:image:width\" content=\"800\" \/>\n\t<meta property=\"og:image:height\" content=\"584\" \/>\n\t<meta property=\"og:image:type\" content=\"image\/jpeg\" \/>\n<meta name=\"author\" content=\"SOCIAL\" \/>\n<meta name=\"twitter:card\" content=\"summary_large_image\" \/>\n<meta name=\"twitter:label1\" content=\"Escrito por\" \/>\n\t<meta name=\"twitter:data1\" content=\"SOCIAL\" \/>\n\t<meta name=\"twitter:label2\" content=\"Tiempo de lectura\" \/>\n\t<meta name=\"twitter:data2\" content=\"4 minutos\" \/>\n<script type=\"application\/ld+json\" class=\"yoast-schema-graph\">{\"@context\":\"https:\\\/\\\/schema.org\",\"@graph\":[{\"@type\":\"Article\",\"@id\":\"https:\\\/\\\/serhs.com\\\/es\\\/serhs-celebra-la-43a-edicion-de-la-noche-de-serhs\\\/#article\",\"isPartOf\":{\"@id\":\"https:\\\/\\\/serhs.com\\\/es\\\/serhs-celebra-la-43a-edicion-de-la-noche-de-serhs\\\/\"},\"author\":{\"name\":\"SOCIAL\",\"@id\":\"https:\\\/\\\/serhs.com\\\/es\\\/#\\\/schema\\\/person\\\/ab392817d75ed759c372c3f7a40828aa\"},\"headline\":\"SERHS celebra la 43a edici\u00f3n de la Noche de SERHS\",\"datePublished\":\"2019-07-25T08:12:03+00:00\",\"dateModified\":\"2022-03-07T16:14:14+00:00\",\"mainEntityOfPage\":{\"@id\":\"https:\\\/\\\/serhs.com\\\/es\\\/serhs-celebra-la-43a-edicion-de-la-noche-de-serhs\\\/\"},\"wordCount\":758,\"publisher\":{\"@id\":\"https:\\\/\\\/serhs.com\\\/es\\\/#organization\"},\"image\":{\"@id\":\"https:\\\/\\\/serhs.com\\\/es\\\/serhs-celebra-la-43a-edicion-de-la-noche-de-serhs\\\/#primaryimage\"},\"thumbnailUrl\":\"https:\\\/\\\/serhs.com\\\/wp-content\\\/uploads\\\/2018\\\/07\\\/serhs-celebra-la-43-edici\u00f3-de-la-nit-de-la-serhs.jpg\",\"articleSection\":[\"Corporaci\u00f3n\",\"Food\"],\"inLanguage\":\"es\"},{\"@type\":\"WebPage\",\"@id\":\"https:\\\/\\\/serhs.com\\\/es\\\/serhs-celebra-la-43a-edicion-de-la-noche-de-serhs\\\/\",\"url\":\"https:\\\/\\\/serhs.com\\\/es\\\/serhs-celebra-la-43a-edicion-de-la-noche-de-serhs\\\/\",\"name\":\"SERHS celebra la 43a edici\u00f3n de la Noche de SERHS\",\"isPartOf\":{\"@id\":\"https:\\\/\\\/serhs.com\\\/es\\\/#website\"},\"primaryImageOfPage\":{\"@id\":\"https:\\\/\\\/serhs.com\\\/es\\\/serhs-celebra-la-43a-edicion-de-la-noche-de-serhs\\\/#primaryimage\"},\"image\":{\"@id\":\"https:\\\/\\\/serhs.com\\\/es\\\/serhs-celebra-la-43a-edicion-de-la-noche-de-serhs\\\/#primaryimage\"},\"thumbnailUrl\":\"https:\\\/\\\/serhs.com\\\/wp-content\\\/uploads\\\/2018\\\/07\\\/serhs-celebra-la-43-edici\u00f3-de-la-nit-de-la-serhs.jpg\",\"datePublished\":\"2019-07-25T08:12:03+00:00\",\"dateModified\":\"2022-03-07T16:14:14+00:00\",\"description\":\"Este pasado 25 de Julio tuvo lugar la celebraci\u00f3n de la 43\u00aa Noche SERHS, en el emblem\u00e1tico Castillo Jalp\u00ed de Arenys de Munt, sede social de la corporaci\u00f3n. Unos 300 asistentes entre los que se contaban accionistas, colaboradores, personalidades y amigos de la corporaci\u00f3n, participaron de este evento anual.\",\"breadcrumb\":{\"@id\":\"https:\\\/\\\/serhs.com\\\/es\\\/serhs-celebra-la-43a-edicion-de-la-noche-de-serhs\\\/#breadcrumb\"},\"inLanguage\":\"es\",\"potentialAction\":[{\"@type\":\"ReadAction\",\"target\":[\"https:\\\/\\\/serhs.com\\\/es\\\/serhs-celebra-la-43a-edicion-de-la-noche-de-serhs\\\/\"]}]},{\"@type\":\"ImageObject\",\"inLanguage\":\"es\",\"@id\":\"https:\\\/\\\/serhs.com\\\/es\\\/serhs-celebra-la-43a-edicion-de-la-noche-de-serhs\\\/#primaryimage\",\"url\":\"https:\\\/\\\/serhs.com\\\/wp-content\\\/uploads\\\/2018\\\/07\\\/serhs-celebra-la-43-edici\u00f3-de-la-nit-de-la-serhs.jpg\",\"contentUrl\":\"https:\\\/\\\/serhs.com\\\/wp-content\\\/uploads\\\/2018\\\/07\\\/serhs-celebra-la-43-edici\u00f3-de-la-nit-de-la-serhs.jpg\",\"width\":800,\"height\":584,\"caption\":\"SERHS celebra la 43a edici\u00f3 de la Nit SERHS\"},{\"@type\":\"BreadcrumbList\",\"@id\":\"https:\\\/\\\/serhs.com\\\/es\\\/serhs-celebra-la-43a-edicion-de-la-noche-de-serhs\\\/#breadcrumb\",\"itemListElement\":[{\"@type\":\"ListItem\",\"position\":1,\"name\":\"Inici\",\"item\":\"https:\\\/\\\/serhs.com\\\/es\\\/\"},{\"@type\":\"ListItem\",\"position\":2,\"name\":\"SERHS celebra la 43a edici\u00f3n de la Noche de SERHS\"}]},{\"@type\":\"WebSite\",\"@id\":\"https:\\\/\\\/serhs.com\\\/es\\\/#website\",\"url\":\"https:\\\/\\\/serhs.com\\\/es\\\/\",\"name\":\"SERHS\",\"description\":\"El primer grup Tur\u00edstic de Catalunya\",\"publisher\":{\"@id\":\"https:\\\/\\\/serhs.com\\\/es\\\/#organization\"},\"potentialAction\":[{\"@type\":\"SearchAction\",\"target\":{\"@type\":\"EntryPoint\",\"urlTemplate\":\"https:\\\/\\\/serhs.com\\\/es\\\/?s={search_term_string}\"},\"query-input\":{\"@type\":\"PropertyValueSpecification\",\"valueRequired\":true,\"valueName\":\"search_term_string\"}}],\"inLanguage\":\"es\"},{\"@type\":\"Organization\",\"@id\":\"https:\\\/\\\/serhs.com\\\/es\\\/#organization\",\"name\":\"SERHS\",\"url\":\"https:\\\/\\\/serhs.com\\\/es\\\/\",\"logo\":{\"@type\":\"ImageObject\",\"inLanguage\":\"es\",\"@id\":\"https:\\\/\\\/serhs.com\\\/es\\\/#\\\/schema\\\/logo\\\/image\\\/\",\"url\":\"https:\\\/\\\/serhs.com\\\/wp-content\\\/uploads\\\/2018\\\/05\\\/logoSERHS200.png\",\"contentUrl\":\"https:\\\/\\\/serhs.com\\\/wp-content\\\/uploads\\\/2018\\\/05\\\/logoSERHS200.png\",\"width\":200,\"height\":67,\"caption\":\"SERHS\"},\"image\":{\"@id\":\"https:\\\/\\\/serhs.com\\\/es\\\/#\\\/schema\\\/logo\\\/image\\\/\"},\"sameAs\":[\"https:\\\/\\\/www.facebook.com\\\/grupserhs\",\"https:\\\/\\\/www.linkedin.com\\\/company\\\/grup-serhs\",\"https:\\\/\\\/www.instagram.com\\\/serhsoficial\\\/\"]},{\"@type\":\"Person\",\"@id\":\"https:\\\/\\\/serhs.com\\\/es\\\/#\\\/schema\\\/person\\\/ab392817d75ed759c372c3f7a40828aa\",\"name\":\"SOCIAL\",\"url\":\"https:\\\/\\\/serhs.com\\\/es\\\/author\\\/rf\\\/\"}]}<\/script>\n<!-- \/ Yoast SEO plugin. -->","yoast_head_json":{"title":"SERHS celebra la 43a edici\u00f3n de la Noche de SERHS","description":"Este pasado 25 de Julio tuvo lugar la celebraci\u00f3n de la 43\u00aa Noche SERHS, en el emblem\u00e1tico Castillo Jalp\u00ed de Arenys de Munt, sede social de la corporaci\u00f3n. Unos 300 asistentes entre los que se contaban accionistas, colaboradores, personalidades y amigos de la corporaci\u00f3n, participaron de este evento anual.","robots":{"index":"index","follow":"follow","max-snippet":"max-snippet:-1","max-image-preview":"max-image-preview:large","max-video-preview":"max-video-preview:-1"},"canonical":"https:\/\/serhs.com\/es\/serhs-celebra-la-43a-edicion-de-la-noche-de-serhs\/","og_locale":"es_ES","og_type":"article","og_title":"SERHS celebra la 43a edici\u00f3n de la Noche de SERHS","og_description":"Este pasado 25 de Julio tuvo lugar la celebraci\u00f3n de la 43\u00aa Noche SERHS, en el emblem\u00e1tico Castillo Jalp\u00ed de Arenys de Munt, sede social de la corporaci\u00f3n. Unos 300 asistentes entre los que se contaban accionistas, colaboradores, personalidades y amigos de la corporaci\u00f3n, participaron de este evento anual.","og_url":"https:\/\/serhs.com\/es\/serhs-celebra-la-43a-edicion-de-la-noche-de-serhs\/","og_site_name":"SERHS","article_publisher":"https:\/\/www.facebook.com\/grupserhs","article_published_time":"2019-07-25T08:12:03+00:00","article_modified_time":"2022-03-07T16:14:14+00:00","og_image":[{"width":800,"height":584,"url":"https:\/\/serhs.com\/wp-content\/uploads\/2018\/07\/serhs-celebra-la-43-edici\u00f3-de-la-nit-de-la-serhs.jpg","type":"image\/jpeg"}],"author":"SOCIAL","twitter_card":"summary_large_image","twitter_misc":{"Escrito por":"SOCIAL","Tiempo de lectura":"4 minutos"},"schema":{"@context":"https:\/\/schema.org","@graph":[{"@type":"Article","@id":"https:\/\/serhs.com\/es\/serhs-celebra-la-43a-edicion-de-la-noche-de-serhs\/#article","isPartOf":{"@id":"https:\/\/serhs.com\/es\/serhs-celebra-la-43a-edicion-de-la-noche-de-serhs\/"},"author":{"name":"SOCIAL","@id":"https:\/\/serhs.com\/es\/#\/schema\/person\/ab392817d75ed759c372c3f7a40828aa"},"headline":"SERHS celebra la 43a edici\u00f3n de la Noche de SERHS","datePublished":"2019-07-25T08:12:03+00:00","dateModified":"2022-03-07T16:14:14+00:00","mainEntityOfPage":{"@id":"https:\/\/serhs.com\/es\/serhs-celebra-la-43a-edicion-de-la-noche-de-serhs\/"},"wordCount":758,"publisher":{"@id":"https:\/\/serhs.com\/es\/#organization"},"image":{"@id":"https:\/\/serhs.com\/es\/serhs-celebra-la-43a-edicion-de-la-noche-de-serhs\/#primaryimage"},"thumbnailUrl":"https:\/\/serhs.com\/wp-content\/uploads\/2018\/07\/serhs-celebra-la-43-edici\u00f3-de-la-nit-de-la-serhs.jpg","articleSection":["Corporaci\u00f3n","Food"],"inLanguage":"es"},{"@type":"WebPage","@id":"https:\/\/serhs.com\/es\/serhs-celebra-la-43a-edicion-de-la-noche-de-serhs\/","url":"https:\/\/serhs.com\/es\/serhs-celebra-la-43a-edicion-de-la-noche-de-serhs\/","name":"SERHS celebra la 43a edici\u00f3n de la Noche de SERHS","isPartOf":{"@id":"https:\/\/serhs.com\/es\/#website"},"primaryImageOfPage":{"@id":"https:\/\/serhs.com\/es\/serhs-celebra-la-43a-edicion-de-la-noche-de-serhs\/#primaryimage"},"image":{"@id":"https:\/\/serhs.com\/es\/serhs-celebra-la-43a-edicion-de-la-noche-de-serhs\/#primaryimage"},"thumbnailUrl":"https:\/\/serhs.com\/wp-content\/uploads\/2018\/07\/serhs-celebra-la-43-edici\u00f3-de-la-nit-de-la-serhs.jpg","datePublished":"2019-07-25T08:12:03+00:00","dateModified":"2022-03-07T16:14:14+00:00","description":"Este pasado 25 de Julio tuvo lugar la celebraci\u00f3n de la 43\u00aa Noche SERHS, en el emblem\u00e1tico Castillo Jalp\u00ed de Arenys de Munt, sede social de la corporaci\u00f3n. Unos 300 asistentes entre los que se contaban accionistas, colaboradores, personalidades y amigos de la corporaci\u00f3n, participaron de este evento anual.","breadcrumb":{"@id":"https:\/\/serhs.com\/es\/serhs-celebra-la-43a-edicion-de-la-noche-de-serhs\/#breadcrumb"},"inLanguage":"es","potentialAction":[{"@type":"ReadAction","target":["https:\/\/serhs.com\/es\/serhs-celebra-la-43a-edicion-de-la-noche-de-serhs\/"]}]},{"@type":"ImageObject","inLanguage":"es","@id":"https:\/\/serhs.com\/es\/serhs-celebra-la-43a-edicion-de-la-noche-de-serhs\/#primaryimage","url":"https:\/\/serhs.com\/wp-content\/uploads\/2018\/07\/serhs-celebra-la-43-edici\u00f3-de-la-nit-de-la-serhs.jpg","contentUrl":"https:\/\/serhs.com\/wp-content\/uploads\/2018\/07\/serhs-celebra-la-43-edici\u00f3-de-la-nit-de-la-serhs.jpg","width":800,"height":584,"caption":"SERHS celebra la 43a edici\u00f3 de la Nit SERHS"},{"@type":"BreadcrumbList","@id":"https:\/\/serhs.com\/es\/serhs-celebra-la-43a-edicion-de-la-noche-de-serhs\/#breadcrumb","itemListElement":[{"@type":"ListItem","position":1,"name":"Inici","item":"https:\/\/serhs.com\/es\/"},{"@type":"ListItem","position":2,"name":"SERHS celebra la 43a edici\u00f3n de la Noche de SERHS"}]},{"@type":"WebSite","@id":"https:\/\/serhs.com\/es\/#website","url":"https:\/\/serhs.com\/es\/","name":"SERHS","description":"El primer grup Tur\u00edstic de Catalunya","publisher":{"@id":"https:\/\/serhs.com\/es\/#organization"},"potentialAction":[{"@type":"SearchAction","target":{"@type":"EntryPoint","urlTemplate":"https:\/\/serhs.com\/es\/?s={search_term_string}"},"query-input":{"@type":"PropertyValueSpecification","valueRequired":true,"valueName":"search_term_string"}}],"inLanguage":"es"},{"@type":"Organization","@id":"https:\/\/serhs.com\/es\/#organization","name":"SERHS","url":"https:\/\/serhs.com\/es\/","logo":{"@type":"ImageObject","inLanguage":"es","@id":"https:\/\/serhs.com\/es\/#\/schema\/logo\/image\/","url":"https:\/\/serhs.com\/wp-content\/uploads\/2018\/05\/logoSERHS200.png","contentUrl":"https:\/\/serhs.com\/wp-content\/uploads\/2018\/05\/logoSERHS200.png","width":200,"height":67,"caption":"SERHS"},"image":{"@id":"https:\/\/serhs.com\/es\/#\/schema\/logo\/image\/"},"sameAs":["https:\/\/www.facebook.com\/grupserhs","https:\/\/www.linkedin.com\/company\/grup-serhs","https:\/\/www.instagram.com\/serhsoficial\/"]},{"@type":"Person","@id":"https:\/\/serhs.com\/es\/#\/schema\/person\/ab392817d75ed759c372c3f7a40828aa","name":"SOCIAL","url":"https:\/\/serhs.com\/es\/author\/rf\/"}]}},"_links":{"self":[{"href":"https:\/\/serhs.com\/es\/wp-json\/wp\/v2\/posts\/22348","targetHints":{"allow":["GET"]}}],"collection":[{"href":"https:\/\/serhs.com\/es\/wp-json\/wp\/v2\/posts"}],"about":[{"href":"https:\/\/serhs.com\/es\/wp-json\/wp\/v2\/types\/post"}],"author":[{"embeddable":true,"href":"https:\/\/serhs.com\/es\/wp-json\/wp\/v2\/users\/19"}],"replies":[{"embeddable":true,"href":"https:\/\/serhs.com\/es\/wp-json\/wp\/v2\/comments?post=22348"}],"version-history":[{"count":0,"href":"https:\/\/serhs.com\/es\/wp-json\/wp\/v2\/posts\/22348\/revisions"}],"wp:featuredmedia":[{"embeddable":true,"href":"https:\/\/serhs.com\/es\/wp-json\/wp\/v2\/media\/22361"}],"wp:attachment":[{"href":"https:\/\/serhs.com\/es\/wp-json\/wp\/v2\/media?parent=22348"}],"wp:term":[{"taxonomy":"category","embeddable":true,"href":"https:\/\/serhs.com\/es\/wp-json\/wp\/v2\/categories?post=22348"},{"taxonomy":"post_tag","embeddable":true,"href":"https:\/\/serhs.com\/es\/wp-json\/wp\/v2\/tags?post=22348"}],"curies":[{"name":"wp","href":"https:\/\/api.w.org\/{rel}","templated":true}]}}