{"id":22681,"date":"2019-08-06T08:00:05","date_gmt":"2019-08-06T06:00:05","guid":{"rendered":"https:\/\/www.serhs.com\/castell-jalpi-el-rincon-ideal-para-bodas-de-ensueno-en-el-corazon-del-maresme\/"},"modified":"2019-08-06T12:51:13","modified_gmt":"2019-08-06T10:51:13","slug":"noches-musicales-y-gastronomicas-en-castell-jalpi","status":"publish","type":"post","link":"https:\/\/serhs.com\/es\/noches-musicales-y-gastronomicas-en-castell-jalpi\/","title":{"rendered":"Noches musicales y gastron\u00f3micas en Castell Jalp\u00ed"},"content":{"rendered":"<p>Como viene siendo habitual en los \u00faltimos a\u00f1os, las noches de verano del <a href=\"https:\/\/www.castell-jalpi.com\/\" target=\"_blank\" rel=\"noopener noreferrer\">Castell Jalp\u00ed<\/a> (Arenys de Munt) se visten de m\u00fasica y gastronom\u00eda. Durante el mes de agosto, todo el que quiera podr\u00e1 vivir en directo actuaciones musicales de renombre internacional en las que las voces de los artistas invitados tienen una importancia muy relevante.<\/p>\n<p><!--[su_youtube url=\"https:\/\/youtu.be\/eI5B_6t5KkQ\" width=\"100%\"]--><\/p>\n<p>El primer viernes de agosto, M\u00f3nica Green fu\u00e9 la voz que abri\u00f3 las puertas del <a href=\"https:\/\/www.castell-jalpi.com\/\" target=\"_blank\" rel=\"noopener noreferrer\">Castell Jalp\u00ed<\/a>. El patio de armas fu\u00e9 el escenario de una de las mejores voces del soul, el blues y el R&amp;B de esta diva de la m\u00fasica negra de los a\u00f1os 60, 70 y 80 que vendr\u00e1 acompa\u00f1ada de la Formaci\u00f3n Sextet.<\/p>\n<p>Al d\u00eda siguiente ser\u00e1 el turno de la Gala de \u00f3pera y zarzuela con las actuaciones de la soprano Beatrice Jim\u00e9nez-Marconi, el bar\u00edtono Toni Marsol y el piano de Ricardo Estrada. Los amantes de este g\u00e9nero musical podr\u00e1n disfrutar de una noche magistral de la mano de estos tres especialistas del g\u00e9nero.<\/p>\n<p>No pod\u00eda faltar un cl\u00e1sico de las noches musicales del Castell Jalp\u00ed, como es la actuaci\u00f3n de la Gala de los tres tenores. Popularizado por los grandes Pavarotti, Carreras y Domingo. En esta ocasi\u00f3n, el viernes 9 de Agost, viviremos esta actuaci\u00f3n con las voces de Albert Deprius, Josep Fado y Antoni Lliteras seguidas por el piano de Marta Pujol. El repertorio har\u00e1 vibrar el p\u00fablico con dosis del dramatismo de las grandes arias de \u00f3pera hasta el romanticismo de la canci\u00f3n napolitana.<\/p>\n<p><img decoding=\"async\" class=\"alignnone wp-image-22822 size-800\" src=\"https:\/\/serhs.com\/wp-content\/uploads\/2019\/08\/Noches-Musicales-Gastron\u00edmicas-en-ell-Castell-Jalp\u00ed-dArenys-de-Munt.-800x581.jpg\" alt=\"Noches-Musicales-Gastron\u00edmicas-en-ell-Castell-Jalp\u00ed-d'Arenys-de-Munt.\" width=\"800\" height=\"581\" srcset=\"https:\/\/serhs.com\/wp-content\/uploads\/2019\/08\/Noches-Musicales-Gastron\u00edmicas-en-ell-Castell-Jalp\u00ed-dArenys-de-Munt.-200x145.jpg 200w, https:\/\/serhs.com\/wp-content\/uploads\/2019\/08\/Noches-Musicales-Gastron\u00edmicas-en-ell-Castell-Jalp\u00ed-dArenys-de-Munt.-300x218.jpg 300w, https:\/\/serhs.com\/wp-content\/uploads\/2019\/08\/Noches-Musicales-Gastron\u00edmicas-en-ell-Castell-Jalp\u00ed-dArenys-de-Munt.-400x291.jpg 400w, https:\/\/serhs.com\/wp-content\/uploads\/2019\/08\/Noches-Musicales-Gastron\u00edmicas-en-ell-Castell-Jalp\u00ed-dArenys-de-Munt.-600x436.jpg 600w, https:\/\/serhs.com\/wp-content\/uploads\/2019\/08\/Noches-Musicales-Gastron\u00edmicas-en-ell-Castell-Jalp\u00ed-dArenys-de-Munt.-768x558.jpg 768w, https:\/\/serhs.com\/wp-content\/uploads\/2019\/08\/Noches-Musicales-Gastron\u00edmicas-en-ell-Castell-Jalp\u00ed-dArenys-de-Munt..jpg 800w\" sizes=\"(max-width: 800px) 100vw, 800px\" \/><\/p>\n<p>Finalmente, el s\u00e1bado 10 de agosto la actuaci\u00f3n del espectacular tr\u00edo de The Sey Sisters, cerrar\u00e1 el festival. Un conjunto de tres voces que nos invitan a vivir un sentido viaje musical desde el gospel, hasta la m\u00fasica africana, pasando por el soul. Cantos impregnados de profunda emoci\u00f3n que surgen de la lucha contra la injusticia y la defensa de los derechos humanos.<\/p>\n<p>Con estas cuatro actuaciones, el Castell Jalp\u00ed volver\u00e1 a revivir como cada verano la apoteosis de las noches musicales m\u00e1s destacadas del Maresme, que como en anteriores ocasiones, ofrecer\u00e1 un servicio gastron\u00f3mico dise\u00f1ado para la ocasi\u00f3n y que se convierte cada a\u00f1o en uno de los atractivos principales de las noches musicales, con una propuesta de men\u00fa con reserva previa que permitir\u00e1 a los asistentes disfrutar de la experiencia gastron\u00f3mica de ARCS Catering con sede en el mismo castillo.<\/p>\n<p>Adem\u00e1s la oferta gastron\u00f3mica se completar\u00e1 con un servicio permanente de barra para cenar de manera m\u00e1s informal y fresca con tapas, bocadillos y un especial surtido de bebidas que har\u00e1n que cenar en el patio del Castell Jalp\u00ed sea la manera de poner el broche a las m\u00e1gicas noches de verano del festival.<\/p>\n<div class=\"fusion-button-wrapper\"><a class=\"fusion-button button-flat fusion-button-default-size button-default fusion-button-default button-1 fusion-button-default-span fusion-button-default-type\" target=\"_blank\" rel=\"noopener noreferrer\" href=\"https:\/\/www.castell-jalpi.com\/es\/\"><i class=\" fa fa-angle-right awb-button__icon awb-button__icon--default button-icon-left\" aria-hidden=\"true\"><\/i><span class=\"fusion-button-text awb-button__text awb-button__text--default\">Visita www.castell-jalpi.com<\/span><\/a><\/div>\n","protected":false},"excerpt":{"rendered":"<p>Como viene siendo habitual en los \u00faltimos a\u00f1os, las noches de verano del Castell Jalp\u00ed (Arenys de Munt) se visten <a href=\"https:\/\/serhs.com\/es\/noches-musicales-y-gastronomicas-en-castell-jalpi\/\"> [&#8230;]<\/a><\/p>\n","protected":false},"author":19,"featured_media":22822,"comment_status":"closed","ping_status":"closed","sticky":false,"template":"","format":"standard","meta":{"footnotes":""},"categories":[127],"tags":[],"class_list":["post-22681","post","type-post","status-publish","format-standard","has-post-thumbnail","hentry","category-food-es"],"yoast_head":"<!-- This site is optimized with the Yoast SEO plugin v27.5 - https:\/\/yoast.com\/product\/yoast-seo-wordpress\/ -->\n<title>Noches musicales y gastron\u00f3micas en Castell Jalp\u00ed - SERHS<\/title>\n<meta name=\"robots\" content=\"index, follow, max-snippet:-1, max-image-preview:large, max-video-preview:-1\" \/>\n<link rel=\"canonical\" href=\"https:\/\/www.arcscatering.com\/es\/noches-musicales-y-gastronomicas-al-castell-jalpi\/\" \/>\n<meta property=\"og:locale\" content=\"es_ES\" \/>\n<meta property=\"og:type\" content=\"article\" \/>\n<meta property=\"og:title\" content=\"Noches musicales y gastron\u00f3micas en Castell Jalp\u00ed - SERHS\" \/>\n<meta property=\"og:url\" content=\"https:\/\/www.arcscatering.com\/es\/noches-musicales-y-gastronomicas-al-castell-jalpi\/\" \/>\n<meta property=\"og:site_name\" content=\"SERHS\" \/>\n<meta property=\"article:publisher\" content=\"https:\/\/www.facebook.com\/grupserhs\" \/>\n<meta property=\"article:published_time\" content=\"2019-08-06T06:00:05+00:00\" \/>\n<meta property=\"article:modified_time\" content=\"2019-08-06T10:51:13+00:00\" \/>\n<meta property=\"og:image\" content=\"https:\/\/serhs.com\/wp-content\/uploads\/2019\/08\/Noches-Musicales-Gastron\u00edmicas-en-ell-Castell-Jalp\u00ed-dArenys-de-Munt..jpg\" \/>\n\t<meta property=\"og:image:width\" content=\"800\" \/>\n\t<meta property=\"og:image:height\" content=\"581\" \/>\n\t<meta property=\"og:image:type\" content=\"image\/jpeg\" \/>\n<meta name=\"author\" content=\"SOCIAL\" \/>\n<meta name=\"twitter:card\" content=\"summary_large_image\" \/>\n<meta name=\"twitter:label1\" content=\"Escrito por\" \/>\n\t<meta name=\"twitter:data1\" content=\"SOCIAL\" \/>\n\t<meta name=\"twitter:label2\" content=\"Tiempo de lectura\" \/>\n\t<meta name=\"twitter:data2\" content=\"3 minutos\" \/>\n<script type=\"application\/ld+json\" class=\"yoast-schema-graph\">{\"@context\":\"https:\\\/\\\/schema.org\",\"@graph\":[{\"@type\":\"Article\",\"@id\":\"https:\\\/\\\/www.arcscatering.com\\\/es\\\/noches-musicales-y-gastronomicas-al-castell-jalpi\\\/#article\",\"isPartOf\":{\"@id\":\"https:\\\/\\\/serhs.com\\\/es\\\/noches-musicales-y-gastronomicas-en-castell-jalpi\\\/\"},\"author\":{\"name\":\"SOCIAL\",\"@id\":\"https:\\\/\\\/serhs.com\\\/es\\\/#\\\/schema\\\/person\\\/ab392817d75ed759c372c3f7a40828aa\"},\"headline\":\"Noches musicales y gastron\u00f3micas en Castell Jalp\u00ed\",\"datePublished\":\"2019-08-06T06:00:05+00:00\",\"dateModified\":\"2019-08-06T10:51:13+00:00\",\"mainEntityOfPage\":{\"@id\":\"https:\\\/\\\/serhs.com\\\/es\\\/noches-musicales-y-gastronomicas-en-castell-jalpi\\\/\"},\"wordCount\":567,\"publisher\":{\"@id\":\"https:\\\/\\\/serhs.com\\\/es\\\/#organization\"},\"image\":{\"@id\":\"https:\\\/\\\/www.arcscatering.com\\\/es\\\/noches-musicales-y-gastronomicas-al-castell-jalpi\\\/#primaryimage\"},\"thumbnailUrl\":\"https:\\\/\\\/serhs.com\\\/wp-content\\\/uploads\\\/2019\\\/08\\\/Noches-Musicales-Gastron\u00edmicas-en-ell-Castell-Jalp\u00ed-dArenys-de-Munt..jpg\",\"articleSection\":[\"Food\"],\"inLanguage\":\"es\"},{\"@type\":\"WebPage\",\"@id\":\"https:\\\/\\\/serhs.com\\\/es\\\/noches-musicales-y-gastronomicas-en-castell-jalpi\\\/\",\"url\":\"https:\\\/\\\/www.arcscatering.com\\\/es\\\/noches-musicales-y-gastronomicas-al-castell-jalpi\\\/\",\"name\":\"Noches musicales y gastron\u00f3micas en Castell Jalp\u00ed - SERHS\",\"isPartOf\":{\"@id\":\"https:\\\/\\\/serhs.com\\\/es\\\/#website\"},\"primaryImageOfPage\":{\"@id\":\"https:\\\/\\\/www.arcscatering.com\\\/es\\\/noches-musicales-y-gastronomicas-al-castell-jalpi\\\/#primaryimage\"},\"image\":{\"@id\":\"https:\\\/\\\/www.arcscatering.com\\\/es\\\/noches-musicales-y-gastronomicas-al-castell-jalpi\\\/#primaryimage\"},\"thumbnailUrl\":\"https:\\\/\\\/serhs.com\\\/wp-content\\\/uploads\\\/2019\\\/08\\\/Noches-Musicales-Gastron\u00edmicas-en-ell-Castell-Jalp\u00ed-dArenys-de-Munt..jpg\",\"datePublished\":\"2019-08-06T06:00:05+00:00\",\"dateModified\":\"2019-08-06T10:51:13+00:00\",\"breadcrumb\":{\"@id\":\"https:\\\/\\\/www.arcscatering.com\\\/es\\\/noches-musicales-y-gastronomicas-al-castell-jalpi\\\/#breadcrumb\"},\"inLanguage\":\"es\",\"potentialAction\":[{\"@type\":\"ReadAction\",\"target\":[\"https:\\\/\\\/www.arcscatering.com\\\/es\\\/noches-musicales-y-gastronomicas-al-castell-jalpi\\\/\"]}]},{\"@type\":\"ImageObject\",\"inLanguage\":\"es\",\"@id\":\"https:\\\/\\\/www.arcscatering.com\\\/es\\\/noches-musicales-y-gastronomicas-al-castell-jalpi\\\/#primaryimage\",\"url\":\"https:\\\/\\\/serhs.com\\\/wp-content\\\/uploads\\\/2019\\\/08\\\/Noches-Musicales-Gastron\u00edmicas-en-ell-Castell-Jalp\u00ed-dArenys-de-Munt..jpg\",\"contentUrl\":\"https:\\\/\\\/serhs.com\\\/wp-content\\\/uploads\\\/2019\\\/08\\\/Noches-Musicales-Gastron\u00edmicas-en-ell-Castell-Jalp\u00ed-dArenys-de-Munt..jpg\",\"width\":800,\"height\":581,\"caption\":\"Noches-Musicales-Gastron\u00edmicas-en-ell-Castell-Jalp\u00ed-d'Arenys-de-Munt.\"},{\"@type\":\"BreadcrumbList\",\"@id\":\"https:\\\/\\\/www.arcscatering.com\\\/es\\\/noches-musicales-y-gastronomicas-al-castell-jalpi\\\/#breadcrumb\",\"itemListElement\":[{\"@type\":\"ListItem\",\"position\":1,\"name\":\"Inici\",\"item\":\"https:\\\/\\\/serhs.com\\\/es\\\/\"},{\"@type\":\"ListItem\",\"position\":2,\"name\":\"Noches musicales y gastron\u00f3micas en Castell Jalp\u00ed\"}]},{\"@type\":\"WebSite\",\"@id\":\"https:\\\/\\\/serhs.com\\\/es\\\/#website\",\"url\":\"https:\\\/\\\/serhs.com\\\/es\\\/\",\"name\":\"SERHS\",\"description\":\"El primer grup Tur\u00edstic de Catalunya\",\"publisher\":{\"@id\":\"https:\\\/\\\/serhs.com\\\/es\\\/#organization\"},\"potentialAction\":[{\"@type\":\"SearchAction\",\"target\":{\"@type\":\"EntryPoint\",\"urlTemplate\":\"https:\\\/\\\/serhs.com\\\/es\\\/?s={search_term_string}\"},\"query-input\":{\"@type\":\"PropertyValueSpecification\",\"valueRequired\":true,\"valueName\":\"search_term_string\"}}],\"inLanguage\":\"es\"},{\"@type\":\"Organization\",\"@id\":\"https:\\\/\\\/serhs.com\\\/es\\\/#organization\",\"name\":\"SERHS\",\"url\":\"https:\\\/\\\/serhs.com\\\/es\\\/\",\"logo\":{\"@type\":\"ImageObject\",\"inLanguage\":\"es\",\"@id\":\"https:\\\/\\\/serhs.com\\\/es\\\/#\\\/schema\\\/logo\\\/image\\\/\",\"url\":\"https:\\\/\\\/serhs.com\\\/wp-content\\\/uploads\\\/2018\\\/05\\\/logoSERHS200.png\",\"contentUrl\":\"https:\\\/\\\/serhs.com\\\/wp-content\\\/uploads\\\/2018\\\/05\\\/logoSERHS200.png\",\"width\":200,\"height\":67,\"caption\":\"SERHS\"},\"image\":{\"@id\":\"https:\\\/\\\/serhs.com\\\/es\\\/#\\\/schema\\\/logo\\\/image\\\/\"},\"sameAs\":[\"https:\\\/\\\/www.facebook.com\\\/grupserhs\",\"https:\\\/\\\/www.linkedin.com\\\/company\\\/grup-serhs\",\"https:\\\/\\\/www.instagram.com\\\/serhsoficial\\\/\"]},{\"@type\":\"Person\",\"@id\":\"https:\\\/\\\/serhs.com\\\/es\\\/#\\\/schema\\\/person\\\/ab392817d75ed759c372c3f7a40828aa\",\"name\":\"SOCIAL\",\"url\":\"https:\\\/\\\/serhs.com\\\/es\\\/author\\\/rf\\\/\"}]}<\/script>\n<!-- \/ Yoast SEO plugin. -->","yoast_head_json":{"title":"Noches musicales y gastron\u00f3micas en Castell Jalp\u00ed - SERHS","robots":{"index":"index","follow":"follow","max-snippet":"max-snippet:-1","max-image-preview":"max-image-preview:large","max-video-preview":"max-video-preview:-1"},"canonical":"https:\/\/www.arcscatering.com\/es\/noches-musicales-y-gastronomicas-al-castell-jalpi\/","og_locale":"es_ES","og_type":"article","og_title":"Noches musicales y gastron\u00f3micas en Castell Jalp\u00ed - SERHS","og_url":"https:\/\/www.arcscatering.com\/es\/noches-musicales-y-gastronomicas-al-castell-jalpi\/","og_site_name":"SERHS","article_publisher":"https:\/\/www.facebook.com\/grupserhs","article_published_time":"2019-08-06T06:00:05+00:00","article_modified_time":"2019-08-06T10:51:13+00:00","og_image":[{"width":800,"height":581,"url":"https:\/\/serhs.com\/wp-content\/uploads\/2019\/08\/Noches-Musicales-Gastron\u00edmicas-en-ell-Castell-Jalp\u00ed-dArenys-de-Munt..jpg","type":"image\/jpeg"}],"author":"SOCIAL","twitter_card":"summary_large_image","twitter_misc":{"Escrito por":"SOCIAL","Tiempo de lectura":"3 minutos"},"schema":{"@context":"https:\/\/schema.org","@graph":[{"@type":"Article","@id":"https:\/\/www.arcscatering.com\/es\/noches-musicales-y-gastronomicas-al-castell-jalpi\/#article","isPartOf":{"@id":"https:\/\/serhs.com\/es\/noches-musicales-y-gastronomicas-en-castell-jalpi\/"},"author":{"name":"SOCIAL","@id":"https:\/\/serhs.com\/es\/#\/schema\/person\/ab392817d75ed759c372c3f7a40828aa"},"headline":"Noches musicales y gastron\u00f3micas en Castell Jalp\u00ed","datePublished":"2019-08-06T06:00:05+00:00","dateModified":"2019-08-06T10:51:13+00:00","mainEntityOfPage":{"@id":"https:\/\/serhs.com\/es\/noches-musicales-y-gastronomicas-en-castell-jalpi\/"},"wordCount":567,"publisher":{"@id":"https:\/\/serhs.com\/es\/#organization"},"image":{"@id":"https:\/\/www.arcscatering.com\/es\/noches-musicales-y-gastronomicas-al-castell-jalpi\/#primaryimage"},"thumbnailUrl":"https:\/\/serhs.com\/wp-content\/uploads\/2019\/08\/Noches-Musicales-Gastron\u00edmicas-en-ell-Castell-Jalp\u00ed-dArenys-de-Munt..jpg","articleSection":["Food"],"inLanguage":"es"},{"@type":"WebPage","@id":"https:\/\/serhs.com\/es\/noches-musicales-y-gastronomicas-en-castell-jalpi\/","url":"https:\/\/www.arcscatering.com\/es\/noches-musicales-y-gastronomicas-al-castell-jalpi\/","name":"Noches musicales y gastron\u00f3micas en Castell Jalp\u00ed - SERHS","isPartOf":{"@id":"https:\/\/serhs.com\/es\/#website"},"primaryImageOfPage":{"@id":"https:\/\/www.arcscatering.com\/es\/noches-musicales-y-gastronomicas-al-castell-jalpi\/#primaryimage"},"image":{"@id":"https:\/\/www.arcscatering.com\/es\/noches-musicales-y-gastronomicas-al-castell-jalpi\/#primaryimage"},"thumbnailUrl":"https:\/\/serhs.com\/wp-content\/uploads\/2019\/08\/Noches-Musicales-Gastron\u00edmicas-en-ell-Castell-Jalp\u00ed-dArenys-de-Munt..jpg","datePublished":"2019-08-06T06:00:05+00:00","dateModified":"2019-08-06T10:51:13+00:00","breadcrumb":{"@id":"https:\/\/www.arcscatering.com\/es\/noches-musicales-y-gastronomicas-al-castell-jalpi\/#breadcrumb"},"inLanguage":"es","potentialAction":[{"@type":"ReadAction","target":["https:\/\/www.arcscatering.com\/es\/noches-musicales-y-gastronomicas-al-castell-jalpi\/"]}]},{"@type":"ImageObject","inLanguage":"es","@id":"https:\/\/www.arcscatering.com\/es\/noches-musicales-y-gastronomicas-al-castell-jalpi\/#primaryimage","url":"https:\/\/serhs.com\/wp-content\/uploads\/2019\/08\/Noches-Musicales-Gastron\u00edmicas-en-ell-Castell-Jalp\u00ed-dArenys-de-Munt..jpg","contentUrl":"https:\/\/serhs.com\/wp-content\/uploads\/2019\/08\/Noches-Musicales-Gastron\u00edmicas-en-ell-Castell-Jalp\u00ed-dArenys-de-Munt..jpg","width":800,"height":581,"caption":"Noches-Musicales-Gastron\u00edmicas-en-ell-Castell-Jalp\u00ed-d'Arenys-de-Munt."},{"@type":"BreadcrumbList","@id":"https:\/\/www.arcscatering.com\/es\/noches-musicales-y-gastronomicas-al-castell-jalpi\/#breadcrumb","itemListElement":[{"@type":"ListItem","position":1,"name":"Inici","item":"https:\/\/serhs.com\/es\/"},{"@type":"ListItem","position":2,"name":"Noches musicales y gastron\u00f3micas en Castell Jalp\u00ed"}]},{"@type":"WebSite","@id":"https:\/\/serhs.com\/es\/#website","url":"https:\/\/serhs.com\/es\/","name":"SERHS","description":"El primer grup Tur\u00edstic de Catalunya","publisher":{"@id":"https:\/\/serhs.com\/es\/#organization"},"potentialAction":[{"@type":"SearchAction","target":{"@type":"EntryPoint","urlTemplate":"https:\/\/serhs.com\/es\/?s={search_term_string}"},"query-input":{"@type":"PropertyValueSpecification","valueRequired":true,"valueName":"search_term_string"}}],"inLanguage":"es"},{"@type":"Organization","@id":"https:\/\/serhs.com\/es\/#organization","name":"SERHS","url":"https:\/\/serhs.com\/es\/","logo":{"@type":"ImageObject","inLanguage":"es","@id":"https:\/\/serhs.com\/es\/#\/schema\/logo\/image\/","url":"https:\/\/serhs.com\/wp-content\/uploads\/2018\/05\/logoSERHS200.png","contentUrl":"https:\/\/serhs.com\/wp-content\/uploads\/2018\/05\/logoSERHS200.png","width":200,"height":67,"caption":"SERHS"},"image":{"@id":"https:\/\/serhs.com\/es\/#\/schema\/logo\/image\/"},"sameAs":["https:\/\/www.facebook.com\/grupserhs","https:\/\/www.linkedin.com\/company\/grup-serhs","https:\/\/www.instagram.com\/serhsoficial\/"]},{"@type":"Person","@id":"https:\/\/serhs.com\/es\/#\/schema\/person\/ab392817d75ed759c372c3f7a40828aa","name":"SOCIAL","url":"https:\/\/serhs.com\/es\/author\/rf\/"}]}},"_links":{"self":[{"href":"https:\/\/serhs.com\/es\/wp-json\/wp\/v2\/posts\/22681","targetHints":{"allow":["GET"]}}],"collection":[{"href":"https:\/\/serhs.com\/es\/wp-json\/wp\/v2\/posts"}],"about":[{"href":"https:\/\/serhs.com\/es\/wp-json\/wp\/v2\/types\/post"}],"author":[{"embeddable":true,"href":"https:\/\/serhs.com\/es\/wp-json\/wp\/v2\/users\/19"}],"replies":[{"embeddable":true,"href":"https:\/\/serhs.com\/es\/wp-json\/wp\/v2\/comments?post=22681"}],"version-history":[{"count":0,"href":"https:\/\/serhs.com\/es\/wp-json\/wp\/v2\/posts\/22681\/revisions"}],"wp:featuredmedia":[{"embeddable":true,"href":"https:\/\/serhs.com\/es\/wp-json\/wp\/v2\/media\/22822"}],"wp:attachment":[{"href":"https:\/\/serhs.com\/es\/wp-json\/wp\/v2\/media?parent=22681"}],"wp:term":[{"taxonomy":"category","embeddable":true,"href":"https:\/\/serhs.com\/es\/wp-json\/wp\/v2\/categories?post=22681"},{"taxonomy":"post_tag","embeddable":true,"href":"https:\/\/serhs.com\/es\/wp-json\/wp\/v2\/tags?post=22681"}],"curies":[{"name":"wp","href":"https:\/\/api.w.org\/{rel}","templated":true}]}}