{"id":23119,"date":"2019-08-27T08:00:05","date_gmt":"2019-08-27T06:00:05","guid":{"rendered":"https:\/\/www.serhs.com\/noches-musicales-y-gastronomicas-en-castell-jalpi\/"},"modified":"2022-03-07T17:15:52","modified_gmt":"2022-03-07T16:15:52","slug":"gran-acogida-de-las-noches-musicales-y-gastronomicas-en-el-castell-jalpi","status":"publish","type":"post","link":"https:\/\/serhs.com\/es\/gran-acogida-de-las-noches-musicales-y-gastronomicas-en-el-castell-jalpi\/","title":{"rendered":"Gran acogida de las Noches Musicales y Gastron\u00f3micas en el Castell Jalp\u00ed de Arenys de Munt"},"content":{"rendered":"<ul>\n<li><u>Cerca de 1.000 personas asisten a las 4 representaciones musicales y unas 300 disfrutan del men\u00fa gastron\u00f3mico especial<\/u><\/li>\n<\/ul>\n<ul>\n<li><u>M\u00f3nica Green, Gala de \u00d3pera y Zarzuela, Los tres Tenores y The Sey Sisters presentaron un completo programa musical que incluy\u00f3 variados estilos musicales (soul, blues, \u00f3pera, R &amp; B, gospel &#8230;)<\/u><\/li>\n<\/ul>\n<ul>\n<li><u>Los d\u00edas 2, 3, 9 y 10 de agosto se celebraron las actuaciones en el marco incomparable del Castillo Jalp\u00ed acompa\u00f1adas de una cuidada gastronom\u00eda de primer nivel<\/u><\/li>\n<\/ul>\n<p>Un a\u00f1o m\u00e1s el <a href=\"https:\/\/www.castell-jalpi.com\/es\/\" target=\"_blank\" rel=\"noopener noreferrer\">Castell Jalp\u00ed d\u2019Arenys de Munt<\/a>, (El Maresme, Barcelona), propiedad de <strong>SERHS<\/strong>, acogi\u00f3 los d\u00edas 2, 3, 9 y 10 de agosto cuatro conciertos de primer nivel que reunieron a cerca de <strong>1.000 personas<\/strong>. La combinaci\u00f3n musical y gastron\u00f3mica fue un \u00e9xito de acogida en un espacio pensado especialmente para realizar celebraciones-banquetes, combinados con actividades. Unas <strong>300 personas<\/strong> disfrutaron de la propuesta de <strong>men\u00fa gastron\u00f3mico<\/strong> que hace diferentes a estas <strong>Noches musicales y gastron\u00f3micas en el Maresme<\/strong>, en peque\u00f1o formato y alta calidad.<\/p>\n<p><img decoding=\"async\" class=\"alignnone wp-image-23387 size-800\" src=\"https:\/\/serhs.com\/wp-content\/uploads\/2019\/08\/Nit-SERHS-2019-1-800x584.jpg\" alt=\"Nit SERHS 2019 - Castell Jalp\u00ed 1\" width=\"800\" height=\"584\" srcset=\"https:\/\/serhs.com\/wp-content\/uploads\/2019\/08\/Nit-SERHS-2019-1-200x146.jpg 200w, https:\/\/serhs.com\/wp-content\/uploads\/2019\/08\/Nit-SERHS-2019-1-300x219.jpg 300w, https:\/\/serhs.com\/wp-content\/uploads\/2019\/08\/Nit-SERHS-2019-1-400x292.jpg 400w, https:\/\/serhs.com\/wp-content\/uploads\/2019\/08\/Nit-SERHS-2019-1-600x438.jpg 600w, https:\/\/serhs.com\/wp-content\/uploads\/2019\/08\/Nit-SERHS-2019-1-768x561.jpg 768w, https:\/\/serhs.com\/wp-content\/uploads\/2019\/08\/Nit-SERHS-2019-1.jpg 800w\" sizes=\"(max-width: 800px) 100vw, 800px\" \/><\/p>\n<p>Organizadas en colaboraci\u00f3n con el <strong>Ayuntamiento de Arenys de Munt<\/strong>, se pudieron escuchar las voces de la espectacular M\u00f3nica Green -el viernes 2 de agosto- con el mejor soul, blues y R &amp; B de la mano esta diva de la m\u00fasica negra de los a\u00f1os 60, 70 y 80 con el acompa\u00f1amiento de la Formaci\u00f3n Sextet. El s\u00e1bado 3 de agosto la Gala de \u00d3pera y Zarzuela uni\u00f3 a los amantes de estos g\u00e9neros para disfrutar de una actuaci\u00f3n magistral de la mano de tres especialistas: <strong>Beatrice Jimenez-Marconi<\/strong> (soprano), <strong>Toni Marsol<\/strong> (bar\u00edtono) y <strong>Ricardo Estrada<\/strong> (piano). La Gala de los Tres Tenores, popularizada por los grandes <strong>Pavarotti<\/strong>, <strong>Carreras<\/strong> y <strong>Domingo<\/strong> estuvo el concierto m\u00e1s participativo y solemne. Desde el dramatismo de las grandes arias de \u00f3pera hasta el romanticismo de la canci\u00f3n napolitana se pudieron escuchar en el marco del patio de armas del <strong>Castillo Jalp\u00ed-SERHS<\/strong>. Y para finalizar el s\u00e1bado 10 de agosto se llev\u00f3 a cabo el \u00faltimo concierto de la electrizante tr\u00edo de voces negras de The Sey Sisters que nos invitaron a un sentido viaje musical desde el gospel hasta la m\u00fasica africana, pasando por el soul.<\/p>\n<p><img decoding=\"async\" class=\"alignnone wp-image-23389 size-800\" src=\"https:\/\/serhs.com\/wp-content\/uploads\/2019\/08\/Nit-SERHS-2019-2-800x584.jpg\" alt=\"Nit SERHS 2019 - Castell Jalp\u00ed 2\" width=\"800\" height=\"584\" srcset=\"https:\/\/serhs.com\/wp-content\/uploads\/2019\/08\/Nit-SERHS-2019-2-200x146.jpg 200w, https:\/\/serhs.com\/wp-content\/uploads\/2019\/08\/Nit-SERHS-2019-2-300x219.jpg 300w, https:\/\/serhs.com\/wp-content\/uploads\/2019\/08\/Nit-SERHS-2019-2-400x292.jpg 400w, https:\/\/serhs.com\/wp-content\/uploads\/2019\/08\/Nit-SERHS-2019-2-600x438.jpg 600w, https:\/\/serhs.com\/wp-content\/uploads\/2019\/08\/Nit-SERHS-2019-2-768x561.jpg 768w, https:\/\/serhs.com\/wp-content\/uploads\/2019\/08\/Nit-SERHS-2019-2.jpg 800w\" sizes=\"(max-width: 800px) 100vw, 800px\" \/><\/p>\n<p>Todo un repertorio variado y completo para todos los gustos, maridados con una cena al aire libre con un toque de distinci\u00f3n en este espacio emblem\u00e1tico de Arenys de Munt como es el Castell Jalp\u00ed de SERHS. Gran acogida para una f\u00f3rmula innovadora, diferencial y con personalidad definida, combinando m\u00fasica y gastronom\u00eda las <strong>noches de agosto en el Maresme<\/strong>.<\/p>\n<div class=\"fusion-button-wrapper\"><a class=\"fusion-button button-flat fusion-button-default-size button-default fusion-button-default button-1 fusion-button-default-span fusion-button-default-type\" target=\"_blank\" rel=\"noopener noreferrer\" href=\"https:\/\/www.castell-jalpi.com\/es\/\"><i class=\" fa fa-angle-right awb-button__icon awb-button__icon--default button-icon-left\" aria-hidden=\"true\"><\/i><span class=\"fusion-button-text awb-button__text awb-button__text--default\">Visita www.castell-jalpi.com<\/span><\/a><\/div>\n","protected":false},"excerpt":{"rendered":"<p>Cerca de 1.000 personas asisten a las 4 representaciones musicales y unas 300 disfrutan del men\u00fa gastron\u00f3mico especial M\u00f3nica Green, <a href=\"https:\/\/serhs.com\/es\/gran-acogida-de-las-noches-musicales-y-gastronomicas-en-el-castell-jalpi\/\"> [&#8230;]<\/a><\/p>\n","protected":false},"author":19,"featured_media":23407,"comment_status":"closed","ping_status":"closed","sticky":false,"template":"","format":"standard","meta":{"footnotes":""},"categories":[127],"tags":[],"class_list":["post-23119","post","type-post","status-publish","format-standard","has-post-thumbnail","hentry","category-food-es"],"yoast_head":"<!-- This site is optimized with the Yoast SEO plugin v27.5 - https:\/\/yoast.com\/product\/yoast-seo-wordpress\/ -->\n<title>Gran acogida de las Noches Musicales y Gastron\u00f3micas en el Castell Jalp\u00ed de Arenys de Munt - SERHS<\/title>\n<meta name=\"robots\" content=\"index, follow, max-snippet:-1, max-image-preview:large, max-video-preview:-1\" \/>\n<link rel=\"canonical\" href=\"https:\/\/www.arcscatering.com\/es\/noches-musicales-y-gastronomicas-al-castell-jalpi\/\" \/>\n<meta property=\"og:locale\" content=\"es_ES\" \/>\n<meta property=\"og:type\" content=\"article\" \/>\n<meta property=\"og:title\" content=\"Gran acogida de las Noches Musicales y Gastron\u00f3micas en el Castell Jalp\u00ed de Arenys de Munt - SERHS\" \/>\n<meta property=\"og:url\" content=\"https:\/\/www.arcscatering.com\/es\/noches-musicales-y-gastronomicas-al-castell-jalpi\/\" \/>\n<meta property=\"og:site_name\" content=\"SERHS\" \/>\n<meta property=\"article:publisher\" content=\"https:\/\/www.facebook.com\/grupserhs\" \/>\n<meta property=\"article:published_time\" content=\"2019-08-27T06:00:05+00:00\" \/>\n<meta property=\"article:modified_time\" content=\"2022-03-07T16:15:52+00:00\" \/>\n<meta property=\"og:image\" content=\"https:\/\/serhs.com\/wp-content\/uploads\/2019\/08\/Nit-SERHS-2019-4-1.jpg\" \/>\n\t<meta property=\"og:image:width\" content=\"800\" \/>\n\t<meta property=\"og:image:height\" content=\"584\" \/>\n\t<meta property=\"og:image:type\" content=\"image\/jpeg\" \/>\n<meta name=\"author\" content=\"SOCIAL\" \/>\n<meta name=\"twitter:card\" content=\"summary_large_image\" \/>\n<meta name=\"twitter:label1\" content=\"Escrito por\" \/>\n\t<meta name=\"twitter:data1\" content=\"SOCIAL\" \/>\n\t<meta name=\"twitter:label2\" content=\"Tiempo de lectura\" \/>\n\t<meta name=\"twitter:data2\" content=\"3 minutos\" \/>\n<script type=\"application\/ld+json\" class=\"yoast-schema-graph\">{\"@context\":\"https:\\\/\\\/schema.org\",\"@graph\":[{\"@type\":\"Article\",\"@id\":\"https:\\\/\\\/www.arcscatering.com\\\/es\\\/noches-musicales-y-gastronomicas-al-castell-jalpi\\\/#article\",\"isPartOf\":{\"@id\":\"https:\\\/\\\/serhs.com\\\/es\\\/gran-acogida-de-las-noches-musicales-y-gastronomicas-en-el-castell-jalpi\\\/\"},\"author\":{\"name\":\"SOCIAL\",\"@id\":\"https:\\\/\\\/serhs.com\\\/es\\\/#\\\/schema\\\/person\\\/ab392817d75ed759c372c3f7a40828aa\"},\"headline\":\"Gran acogida de las Noches Musicales y Gastron\u00f3micas en el Castell Jalp\u00ed de Arenys de Munt\",\"datePublished\":\"2019-08-27T06:00:05+00:00\",\"dateModified\":\"2022-03-07T16:15:52+00:00\",\"mainEntityOfPage\":{\"@id\":\"https:\\\/\\\/serhs.com\\\/es\\\/gran-acogida-de-las-noches-musicales-y-gastronomicas-en-el-castell-jalpi\\\/\"},\"wordCount\":527,\"publisher\":{\"@id\":\"https:\\\/\\\/serhs.com\\\/es\\\/#organization\"},\"image\":{\"@id\":\"https:\\\/\\\/www.arcscatering.com\\\/es\\\/noches-musicales-y-gastronomicas-al-castell-jalpi\\\/#primaryimage\"},\"thumbnailUrl\":\"https:\\\/\\\/serhs.com\\\/wp-content\\\/uploads\\\/2019\\\/08\\\/Nit-SERHS-2019-4-1.jpg\",\"articleSection\":[\"Food\"],\"inLanguage\":\"es\"},{\"@type\":\"WebPage\",\"@id\":\"https:\\\/\\\/serhs.com\\\/es\\\/gran-acogida-de-las-noches-musicales-y-gastronomicas-en-el-castell-jalpi\\\/\",\"url\":\"https:\\\/\\\/www.arcscatering.com\\\/es\\\/noches-musicales-y-gastronomicas-al-castell-jalpi\\\/\",\"name\":\"Gran acogida de las Noches Musicales y Gastron\u00f3micas en el Castell Jalp\u00ed de Arenys de Munt - SERHS\",\"isPartOf\":{\"@id\":\"https:\\\/\\\/serhs.com\\\/es\\\/#website\"},\"primaryImageOfPage\":{\"@id\":\"https:\\\/\\\/www.arcscatering.com\\\/es\\\/noches-musicales-y-gastronomicas-al-castell-jalpi\\\/#primaryimage\"},\"image\":{\"@id\":\"https:\\\/\\\/www.arcscatering.com\\\/es\\\/noches-musicales-y-gastronomicas-al-castell-jalpi\\\/#primaryimage\"},\"thumbnailUrl\":\"https:\\\/\\\/serhs.com\\\/wp-content\\\/uploads\\\/2019\\\/08\\\/Nit-SERHS-2019-4-1.jpg\",\"datePublished\":\"2019-08-27T06:00:05+00:00\",\"dateModified\":\"2022-03-07T16:15:52+00:00\",\"breadcrumb\":{\"@id\":\"https:\\\/\\\/www.arcscatering.com\\\/es\\\/noches-musicales-y-gastronomicas-al-castell-jalpi\\\/#breadcrumb\"},\"inLanguage\":\"es\",\"potentialAction\":[{\"@type\":\"ReadAction\",\"target\":[\"https:\\\/\\\/www.arcscatering.com\\\/es\\\/noches-musicales-y-gastronomicas-al-castell-jalpi\\\/\"]}]},{\"@type\":\"ImageObject\",\"inLanguage\":\"es\",\"@id\":\"https:\\\/\\\/www.arcscatering.com\\\/es\\\/noches-musicales-y-gastronomicas-al-castell-jalpi\\\/#primaryimage\",\"url\":\"https:\\\/\\\/serhs.com\\\/wp-content\\\/uploads\\\/2019\\\/08\\\/Nit-SERHS-2019-4-1.jpg\",\"contentUrl\":\"https:\\\/\\\/serhs.com\\\/wp-content\\\/uploads\\\/2019\\\/08\\\/Nit-SERHS-2019-4-1.jpg\",\"width\":800,\"height\":584,\"caption\":\"Nit-SERHS-2019-4\"},{\"@type\":\"BreadcrumbList\",\"@id\":\"https:\\\/\\\/www.arcscatering.com\\\/es\\\/noches-musicales-y-gastronomicas-al-castell-jalpi\\\/#breadcrumb\",\"itemListElement\":[{\"@type\":\"ListItem\",\"position\":1,\"name\":\"Inici\",\"item\":\"https:\\\/\\\/serhs.com\\\/es\\\/\"},{\"@type\":\"ListItem\",\"position\":2,\"name\":\"Gran acogida de las Noches Musicales y Gastron\u00f3micas en el Castell Jalp\u00ed de Arenys de Munt\"}]},{\"@type\":\"WebSite\",\"@id\":\"https:\\\/\\\/serhs.com\\\/es\\\/#website\",\"url\":\"https:\\\/\\\/serhs.com\\\/es\\\/\",\"name\":\"SERHS\",\"description\":\"El primer grup Tur\u00edstic de Catalunya\",\"publisher\":{\"@id\":\"https:\\\/\\\/serhs.com\\\/es\\\/#organization\"},\"potentialAction\":[{\"@type\":\"SearchAction\",\"target\":{\"@type\":\"EntryPoint\",\"urlTemplate\":\"https:\\\/\\\/serhs.com\\\/es\\\/?s={search_term_string}\"},\"query-input\":{\"@type\":\"PropertyValueSpecification\",\"valueRequired\":true,\"valueName\":\"search_term_string\"}}],\"inLanguage\":\"es\"},{\"@type\":\"Organization\",\"@id\":\"https:\\\/\\\/serhs.com\\\/es\\\/#organization\",\"name\":\"SERHS\",\"url\":\"https:\\\/\\\/serhs.com\\\/es\\\/\",\"logo\":{\"@type\":\"ImageObject\",\"inLanguage\":\"es\",\"@id\":\"https:\\\/\\\/serhs.com\\\/es\\\/#\\\/schema\\\/logo\\\/image\\\/\",\"url\":\"https:\\\/\\\/serhs.com\\\/wp-content\\\/uploads\\\/2018\\\/05\\\/logoSERHS200.png\",\"contentUrl\":\"https:\\\/\\\/serhs.com\\\/wp-content\\\/uploads\\\/2018\\\/05\\\/logoSERHS200.png\",\"width\":200,\"height\":67,\"caption\":\"SERHS\"},\"image\":{\"@id\":\"https:\\\/\\\/serhs.com\\\/es\\\/#\\\/schema\\\/logo\\\/image\\\/\"},\"sameAs\":[\"https:\\\/\\\/www.facebook.com\\\/grupserhs\",\"https:\\\/\\\/www.linkedin.com\\\/company\\\/grup-serhs\",\"https:\\\/\\\/www.instagram.com\\\/serhsoficial\\\/\"]},{\"@type\":\"Person\",\"@id\":\"https:\\\/\\\/serhs.com\\\/es\\\/#\\\/schema\\\/person\\\/ab392817d75ed759c372c3f7a40828aa\",\"name\":\"SOCIAL\",\"url\":\"https:\\\/\\\/serhs.com\\\/es\\\/author\\\/rf\\\/\"}]}<\/script>\n<!-- \/ Yoast SEO plugin. -->","yoast_head_json":{"title":"Gran acogida de las Noches Musicales y Gastron\u00f3micas en el Castell Jalp\u00ed de Arenys de Munt - SERHS","robots":{"index":"index","follow":"follow","max-snippet":"max-snippet:-1","max-image-preview":"max-image-preview:large","max-video-preview":"max-video-preview:-1"},"canonical":"https:\/\/www.arcscatering.com\/es\/noches-musicales-y-gastronomicas-al-castell-jalpi\/","og_locale":"es_ES","og_type":"article","og_title":"Gran acogida de las Noches Musicales y Gastron\u00f3micas en el Castell Jalp\u00ed de Arenys de Munt - SERHS","og_url":"https:\/\/www.arcscatering.com\/es\/noches-musicales-y-gastronomicas-al-castell-jalpi\/","og_site_name":"SERHS","article_publisher":"https:\/\/www.facebook.com\/grupserhs","article_published_time":"2019-08-27T06:00:05+00:00","article_modified_time":"2022-03-07T16:15:52+00:00","og_image":[{"width":800,"height":584,"url":"https:\/\/serhs.com\/wp-content\/uploads\/2019\/08\/Nit-SERHS-2019-4-1.jpg","type":"image\/jpeg"}],"author":"SOCIAL","twitter_card":"summary_large_image","twitter_misc":{"Escrito por":"SOCIAL","Tiempo de lectura":"3 minutos"},"schema":{"@context":"https:\/\/schema.org","@graph":[{"@type":"Article","@id":"https:\/\/www.arcscatering.com\/es\/noches-musicales-y-gastronomicas-al-castell-jalpi\/#article","isPartOf":{"@id":"https:\/\/serhs.com\/es\/gran-acogida-de-las-noches-musicales-y-gastronomicas-en-el-castell-jalpi\/"},"author":{"name":"SOCIAL","@id":"https:\/\/serhs.com\/es\/#\/schema\/person\/ab392817d75ed759c372c3f7a40828aa"},"headline":"Gran acogida de las Noches Musicales y Gastron\u00f3micas en el Castell Jalp\u00ed de Arenys de Munt","datePublished":"2019-08-27T06:00:05+00:00","dateModified":"2022-03-07T16:15:52+00:00","mainEntityOfPage":{"@id":"https:\/\/serhs.com\/es\/gran-acogida-de-las-noches-musicales-y-gastronomicas-en-el-castell-jalpi\/"},"wordCount":527,"publisher":{"@id":"https:\/\/serhs.com\/es\/#organization"},"image":{"@id":"https:\/\/www.arcscatering.com\/es\/noches-musicales-y-gastronomicas-al-castell-jalpi\/#primaryimage"},"thumbnailUrl":"https:\/\/serhs.com\/wp-content\/uploads\/2019\/08\/Nit-SERHS-2019-4-1.jpg","articleSection":["Food"],"inLanguage":"es"},{"@type":"WebPage","@id":"https:\/\/serhs.com\/es\/gran-acogida-de-las-noches-musicales-y-gastronomicas-en-el-castell-jalpi\/","url":"https:\/\/www.arcscatering.com\/es\/noches-musicales-y-gastronomicas-al-castell-jalpi\/","name":"Gran acogida de las Noches Musicales y Gastron\u00f3micas en el Castell Jalp\u00ed de Arenys de Munt - SERHS","isPartOf":{"@id":"https:\/\/serhs.com\/es\/#website"},"primaryImageOfPage":{"@id":"https:\/\/www.arcscatering.com\/es\/noches-musicales-y-gastronomicas-al-castell-jalpi\/#primaryimage"},"image":{"@id":"https:\/\/www.arcscatering.com\/es\/noches-musicales-y-gastronomicas-al-castell-jalpi\/#primaryimage"},"thumbnailUrl":"https:\/\/serhs.com\/wp-content\/uploads\/2019\/08\/Nit-SERHS-2019-4-1.jpg","datePublished":"2019-08-27T06:00:05+00:00","dateModified":"2022-03-07T16:15:52+00:00","breadcrumb":{"@id":"https:\/\/www.arcscatering.com\/es\/noches-musicales-y-gastronomicas-al-castell-jalpi\/#breadcrumb"},"inLanguage":"es","potentialAction":[{"@type":"ReadAction","target":["https:\/\/www.arcscatering.com\/es\/noches-musicales-y-gastronomicas-al-castell-jalpi\/"]}]},{"@type":"ImageObject","inLanguage":"es","@id":"https:\/\/www.arcscatering.com\/es\/noches-musicales-y-gastronomicas-al-castell-jalpi\/#primaryimage","url":"https:\/\/serhs.com\/wp-content\/uploads\/2019\/08\/Nit-SERHS-2019-4-1.jpg","contentUrl":"https:\/\/serhs.com\/wp-content\/uploads\/2019\/08\/Nit-SERHS-2019-4-1.jpg","width":800,"height":584,"caption":"Nit-SERHS-2019-4"},{"@type":"BreadcrumbList","@id":"https:\/\/www.arcscatering.com\/es\/noches-musicales-y-gastronomicas-al-castell-jalpi\/#breadcrumb","itemListElement":[{"@type":"ListItem","position":1,"name":"Inici","item":"https:\/\/serhs.com\/es\/"},{"@type":"ListItem","position":2,"name":"Gran acogida de las Noches Musicales y Gastron\u00f3micas en el Castell Jalp\u00ed de Arenys de Munt"}]},{"@type":"WebSite","@id":"https:\/\/serhs.com\/es\/#website","url":"https:\/\/serhs.com\/es\/","name":"SERHS","description":"El primer grup Tur\u00edstic de Catalunya","publisher":{"@id":"https:\/\/serhs.com\/es\/#organization"},"potentialAction":[{"@type":"SearchAction","target":{"@type":"EntryPoint","urlTemplate":"https:\/\/serhs.com\/es\/?s={search_term_string}"},"query-input":{"@type":"PropertyValueSpecification","valueRequired":true,"valueName":"search_term_string"}}],"inLanguage":"es"},{"@type":"Organization","@id":"https:\/\/serhs.com\/es\/#organization","name":"SERHS","url":"https:\/\/serhs.com\/es\/","logo":{"@type":"ImageObject","inLanguage":"es","@id":"https:\/\/serhs.com\/es\/#\/schema\/logo\/image\/","url":"https:\/\/serhs.com\/wp-content\/uploads\/2018\/05\/logoSERHS200.png","contentUrl":"https:\/\/serhs.com\/wp-content\/uploads\/2018\/05\/logoSERHS200.png","width":200,"height":67,"caption":"SERHS"},"image":{"@id":"https:\/\/serhs.com\/es\/#\/schema\/logo\/image\/"},"sameAs":["https:\/\/www.facebook.com\/grupserhs","https:\/\/www.linkedin.com\/company\/grup-serhs","https:\/\/www.instagram.com\/serhsoficial\/"]},{"@type":"Person","@id":"https:\/\/serhs.com\/es\/#\/schema\/person\/ab392817d75ed759c372c3f7a40828aa","name":"SOCIAL","url":"https:\/\/serhs.com\/es\/author\/rf\/"}]}},"_links":{"self":[{"href":"https:\/\/serhs.com\/es\/wp-json\/wp\/v2\/posts\/23119","targetHints":{"allow":["GET"]}}],"collection":[{"href":"https:\/\/serhs.com\/es\/wp-json\/wp\/v2\/posts"}],"about":[{"href":"https:\/\/serhs.com\/es\/wp-json\/wp\/v2\/types\/post"}],"author":[{"embeddable":true,"href":"https:\/\/serhs.com\/es\/wp-json\/wp\/v2\/users\/19"}],"replies":[{"embeddable":true,"href":"https:\/\/serhs.com\/es\/wp-json\/wp\/v2\/comments?post=23119"}],"version-history":[{"count":0,"href":"https:\/\/serhs.com\/es\/wp-json\/wp\/v2\/posts\/23119\/revisions"}],"wp:featuredmedia":[{"embeddable":true,"href":"https:\/\/serhs.com\/es\/wp-json\/wp\/v2\/media\/23407"}],"wp:attachment":[{"href":"https:\/\/serhs.com\/es\/wp-json\/wp\/v2\/media?parent=23119"}],"wp:term":[{"taxonomy":"category","embeddable":true,"href":"https:\/\/serhs.com\/es\/wp-json\/wp\/v2\/categories?post=23119"},{"taxonomy":"post_tag","embeddable":true,"href":"https:\/\/serhs.com\/es\/wp-json\/wp\/v2\/tags?post=23119"}],"curies":[{"name":"wp","href":"https:\/\/api.w.org\/{rel}","templated":true}]}}