{"id":26014,"date":"2019-12-10T10:30:34","date_gmt":"2019-12-10T09:30:34","guid":{"rendered":"https:\/\/www.serhs.com\/el-vilar-rural-de-sant-hilari-celebra-sus-15-anos-de-funcionamiento\/"},"modified":"2022-09-19T09:53:28","modified_gmt":"2022-09-19T07:53:28","slug":"vilars-rurals-en-el-salon-de-las-familias-numerosas-de-cataluna","status":"publish","type":"post","link":"https:\/\/serhs.com\/es\/vilars-rurals-en-el-salon-de-las-familias-numerosas-de-cataluna\/","title":{"rendered":"Vilars Rurals, en el Sal\u00f3n de las Familias Numerosas de Catalu\u00f1a"},"content":{"rendered":"<p><strong>Los tres hoteles rurales de SERHS especializados en familias han dado a conocer su concepto de vacaciones y sus ventajas para familias numerosas<\/strong><\/p>\n<p><a href=\"https:\/\/www.vilarsrurals.com?utm_source=SERHS-corporatiu&amp;utm_medium=referral\">Vilars Rurals<\/a> ha participado con un espacio propio en el Sal\u00f3n de las Familias Numerosas de Catalu\u00f1a, feria celebrada el fin de semana del 26 y el 27 de octubre en Fira de Barcelona, y que ha contado con la asistencia de m\u00e1s de 4.000 personas.<\/p>\n<p>El Sal\u00f3n, organizado por la Asociaci\u00f3n de Familias Numerosas de Catalu\u00f1a (FANOC), cont\u00f3 con la presencia de m\u00e1s de 70 empresas y entidades de sectores como los de la automoci\u00f3n, la educaci\u00f3n, mutuas y aseguradoras, y diferentes opciones de ocio y de tiempo libre. Vilars Rurals ha sido la \u00fanica cadena de hoteles con presencia en la feria.<\/p>\n<p>Durante todo el fin de semana, el equipo de Vilars Rurals dio a conocer su concepto de turismo rural en familia entre los asistentes, e inform\u00f3 de sus descuentos y promociones para las familias socias de la FANOC o de la Federaci\u00f3n Espa\u00f1ola de Familias Numerosas (FEFN). Diferentes actividades en las que participaron padres e hijos sirvieron para trasladar el concepto de los Vilars a los asistentes: talleres de masaje infantil, actividades per plantar hortalizas, o talleres de pintacaras y de m\u00e1scaras de los animales que podemos encontrar en las granjas y los bosques de los tres hoteles rurales. Junto con Vilars Rurals, tambi\u00e9n se dio a conocer el parque de circuitos y tirolinas en los \u00e1rboles Sant Hilari Aventura, ubicado en Sant Hilari Sacalm.<\/p>\n<p><img decoding=\"async\" class=\"alignnone wp-image-26031 size-full\" src=\"https:\/\/serhs.com\/wp-content\/uploads\/2019\/12\/Vilars-Rurals-al-Sal\u00f3-de-les-Fam\u00edlies-Nombroses-de-Catalunya.jpg\" alt=\"Vilars Rurals, en el Sal\u00f3n de las Familias Numerosas de Catalu\u00f1a\" width=\"800\" height=\"584\" srcset=\"https:\/\/serhs.com\/wp-content\/uploads\/2019\/12\/Vilars-Rurals-al-Sal\u00f3-de-les-Fam\u00edlies-Nombroses-de-Catalunya-200x146.jpg 200w, https:\/\/serhs.com\/wp-content\/uploads\/2019\/12\/Vilars-Rurals-al-Sal\u00f3-de-les-Fam\u00edlies-Nombroses-de-Catalunya-300x219.jpg 300w, https:\/\/serhs.com\/wp-content\/uploads\/2019\/12\/Vilars-Rurals-al-Sal\u00f3-de-les-Fam\u00edlies-Nombroses-de-Catalunya-400x292.jpg 400w, https:\/\/serhs.com\/wp-content\/uploads\/2019\/12\/Vilars-Rurals-al-Sal\u00f3-de-les-Fam\u00edlies-Nombroses-de-Catalunya-600x438.jpg 600w, https:\/\/serhs.com\/wp-content\/uploads\/2019\/12\/Vilars-Rurals-al-Sal\u00f3-de-les-Fam\u00edlies-Nombroses-de-Catalunya-768x561.jpg 768w, https:\/\/serhs.com\/wp-content\/uploads\/2019\/12\/Vilars-Rurals-al-Sal\u00f3-de-les-Fam\u00edlies-Nombroses-de-Catalunya.jpg 800w\" sizes=\"(max-width: 800px) 100vw, 800px\" \/><\/p>\n<p><strong>Vilars Rurals, descuentos e instalaciones para familias numerosas<\/strong><\/p>\n<p>Como entidad colaboradora de FANOC, Vilars Rurals ofrece descuentos exclusivos para las familias numerosas asociadas a esta entidad o miembros de cualquier asociaci\u00f3n de familias numerosas del estado. El objetivo es favorecer los momentos de ocio de las familias numerosas, as\u00ed como facilitar las vacaciones en familia.<\/p>\n<p>Vilars Rurals tambi\u00e9n cuenta con habitaciones pensadas para familias de 5 o m\u00e1s miembros: en el Vilar Rural de Sant Hilari las habitaciones Confort Familiar permiten acoger c\u00f3modamente familias de hasta a 6 miembros (m\u00e1ximo de 5 personas adultas y un beb\u00e9); en el Vilar Rural de Cardona encontramos las habitaciones tipo Confort Familiar y las Familiar XL, y en el Vilar Rural de Arnes se ofrecen tres tipos de habitaciones para familias numerosas (las Confort Familiares, las Baby Rooms Familiares, y la Suite).<\/p>\n<div class=\"fusion-button-wrapper\"><a class=\"fusion-button button-flat fusion-button-default-size button-default fusion-button-default button-1 fusion-button-default-span fusion-button-default-type\" target=\"_blank\" rel=\"noopener noreferrer\" href=\"https:\/\/www.vilarsrurals.com\/\"><i class=\" fa fa-angle-right awb-button__icon awb-button__icon--default button-icon-left\" aria-hidden=\"true\"><\/i><span class=\"fusion-button-text awb-button__text awb-button__text--default\">Visita Vilars Rurals<\/span><\/a><\/div>\n","protected":false},"excerpt":{"rendered":"<p>Los tres hoteles rurales de SERHS especializados en familias han dado a conocer su concepto de vacaciones y sus ventajas <a href=\"https:\/\/serhs.com\/es\/vilars-rurals-en-el-salon-de-las-familias-numerosas-de-cataluna\/\"> [&#8230;]<\/a><\/p>\n","protected":false},"author":19,"featured_media":26031,"comment_status":"closed","ping_status":"closed","sticky":false,"template":"","format":"standard","meta":{"footnotes":""},"categories":[129],"tags":[],"class_list":["post-26014","post","type-post","status-publish","format-standard","has-post-thumbnail","hentry","category-hoteles"],"yoast_head":"<!-- This site is optimized with the Yoast SEO plugin v27.5 - https:\/\/yoast.com\/product\/yoast-seo-wordpress\/ -->\n<title>Vilars Rurals, en el Sal\u00f3n de las Familias Numerosas de Catalu\u00f1a - SERHS<\/title>\n<meta name=\"robots\" content=\"index, follow, max-snippet:-1, max-image-preview:large, max-video-preview:-1\" \/>\n<link rel=\"canonical\" href=\"https:\/\/serhs.com\/es\/vilars-rurals-en-el-salon-de-las-familias-numerosas-de-cataluna\/\" \/>\n<meta property=\"og:locale\" content=\"es_ES\" \/>\n<meta property=\"og:type\" content=\"article\" \/>\n<meta property=\"og:title\" content=\"Vilars Rurals, en el Sal\u00f3n de las Familias Numerosas de Catalu\u00f1a - SERHS\" \/>\n<meta property=\"og:url\" content=\"https:\/\/serhs.com\/es\/vilars-rurals-en-el-salon-de-las-familias-numerosas-de-cataluna\/\" \/>\n<meta property=\"og:site_name\" content=\"SERHS\" \/>\n<meta property=\"article:publisher\" content=\"https:\/\/www.facebook.com\/grupserhs\" \/>\n<meta property=\"article:published_time\" content=\"2019-12-10T09:30:34+00:00\" \/>\n<meta property=\"article:modified_time\" content=\"2022-09-19T07:53:28+00:00\" \/>\n<meta property=\"og:image\" content=\"https:\/\/serhs.com\/wp-content\/uploads\/2019\/12\/Vilars-Rurals-al-Sal\u00f3-de-les-Fam\u00edlies-Nombroses-de-Catalunya.jpg\" \/>\n\t<meta property=\"og:image:width\" content=\"800\" \/>\n\t<meta property=\"og:image:height\" content=\"584\" \/>\n\t<meta property=\"og:image:type\" content=\"image\/jpeg\" \/>\n<meta name=\"author\" content=\"SOCIAL\" \/>\n<meta name=\"twitter:card\" content=\"summary_large_image\" \/>\n<meta name=\"twitter:label1\" content=\"Escrito por\" \/>\n\t<meta name=\"twitter:data1\" content=\"SOCIAL\" \/>\n\t<meta name=\"twitter:label2\" content=\"Tiempo de lectura\" \/>\n\t<meta name=\"twitter:data2\" content=\"2 minutos\" \/>\n<script type=\"application\/ld+json\" class=\"yoast-schema-graph\">{\"@context\":\"https:\\\/\\\/schema.org\",\"@graph\":[{\"@type\":\"Article\",\"@id\":\"https:\\\/\\\/serhs.com\\\/es\\\/vilars-rurals-en-el-salon-de-las-familias-numerosas-de-cataluna\\\/#article\",\"isPartOf\":{\"@id\":\"https:\\\/\\\/serhs.com\\\/es\\\/vilars-rurals-en-el-salon-de-las-familias-numerosas-de-cataluna\\\/\"},\"author\":{\"name\":\"SOCIAL\",\"@id\":\"https:\\\/\\\/serhs.com\\\/es\\\/#\\\/schema\\\/person\\\/ab392817d75ed759c372c3f7a40828aa\"},\"headline\":\"Vilars Rurals, en el Sal\u00f3n de las Familias Numerosas de Catalu\u00f1a\",\"datePublished\":\"2019-12-10T09:30:34+00:00\",\"dateModified\":\"2022-09-19T07:53:28+00:00\",\"mainEntityOfPage\":{\"@id\":\"https:\\\/\\\/serhs.com\\\/es\\\/vilars-rurals-en-el-salon-de-las-familias-numerosas-de-cataluna\\\/\"},\"wordCount\":493,\"publisher\":{\"@id\":\"https:\\\/\\\/serhs.com\\\/es\\\/#organization\"},\"image\":{\"@id\":\"https:\\\/\\\/serhs.com\\\/es\\\/vilars-rurals-en-el-salon-de-las-familias-numerosas-de-cataluna\\\/#primaryimage\"},\"thumbnailUrl\":\"https:\\\/\\\/serhs.com\\\/wp-content\\\/uploads\\\/2019\\\/12\\\/Vilars-Rurals-al-Sal\u00f3-de-les-Fam\u00edlies-Nombroses-de-Catalunya.jpg\",\"articleSection\":[\"Hoteles\"],\"inLanguage\":\"es\"},{\"@type\":\"WebPage\",\"@id\":\"https:\\\/\\\/serhs.com\\\/es\\\/vilars-rurals-en-el-salon-de-las-familias-numerosas-de-cataluna\\\/\",\"url\":\"https:\\\/\\\/serhs.com\\\/es\\\/vilars-rurals-en-el-salon-de-las-familias-numerosas-de-cataluna\\\/\",\"name\":\"Vilars Rurals, en el Sal\u00f3n de las Familias Numerosas de Catalu\u00f1a - SERHS\",\"isPartOf\":{\"@id\":\"https:\\\/\\\/serhs.com\\\/es\\\/#website\"},\"primaryImageOfPage\":{\"@id\":\"https:\\\/\\\/serhs.com\\\/es\\\/vilars-rurals-en-el-salon-de-las-familias-numerosas-de-cataluna\\\/#primaryimage\"},\"image\":{\"@id\":\"https:\\\/\\\/serhs.com\\\/es\\\/vilars-rurals-en-el-salon-de-las-familias-numerosas-de-cataluna\\\/#primaryimage\"},\"thumbnailUrl\":\"https:\\\/\\\/serhs.com\\\/wp-content\\\/uploads\\\/2019\\\/12\\\/Vilars-Rurals-al-Sal\u00f3-de-les-Fam\u00edlies-Nombroses-de-Catalunya.jpg\",\"datePublished\":\"2019-12-10T09:30:34+00:00\",\"dateModified\":\"2022-09-19T07:53:28+00:00\",\"breadcrumb\":{\"@id\":\"https:\\\/\\\/serhs.com\\\/es\\\/vilars-rurals-en-el-salon-de-las-familias-numerosas-de-cataluna\\\/#breadcrumb\"},\"inLanguage\":\"es\",\"potentialAction\":[{\"@type\":\"ReadAction\",\"target\":[\"https:\\\/\\\/serhs.com\\\/es\\\/vilars-rurals-en-el-salon-de-las-familias-numerosas-de-cataluna\\\/\"]}]},{\"@type\":\"ImageObject\",\"inLanguage\":\"es\",\"@id\":\"https:\\\/\\\/serhs.com\\\/es\\\/vilars-rurals-en-el-salon-de-las-familias-numerosas-de-cataluna\\\/#primaryimage\",\"url\":\"https:\\\/\\\/serhs.com\\\/wp-content\\\/uploads\\\/2019\\\/12\\\/Vilars-Rurals-al-Sal\u00f3-de-les-Fam\u00edlies-Nombroses-de-Catalunya.jpg\",\"contentUrl\":\"https:\\\/\\\/serhs.com\\\/wp-content\\\/uploads\\\/2019\\\/12\\\/Vilars-Rurals-al-Sal\u00f3-de-les-Fam\u00edlies-Nombroses-de-Catalunya.jpg\",\"width\":800,\"height\":584,\"caption\":\"Vilars Rurals, en el Sal\u00f3n de las Familias Numerosas de Catalu\u00f1a\"},{\"@type\":\"BreadcrumbList\",\"@id\":\"https:\\\/\\\/serhs.com\\\/es\\\/vilars-rurals-en-el-salon-de-las-familias-numerosas-de-cataluna\\\/#breadcrumb\",\"itemListElement\":[{\"@type\":\"ListItem\",\"position\":1,\"name\":\"Inici\",\"item\":\"https:\\\/\\\/serhs.com\\\/es\\\/\"},{\"@type\":\"ListItem\",\"position\":2,\"name\":\"Vilars Rurals, en el Sal\u00f3n de las Familias Numerosas de Catalu\u00f1a\"}]},{\"@type\":\"WebSite\",\"@id\":\"https:\\\/\\\/serhs.com\\\/es\\\/#website\",\"url\":\"https:\\\/\\\/serhs.com\\\/es\\\/\",\"name\":\"SERHS\",\"description\":\"El primer grup Tur\u00edstic de Catalunya\",\"publisher\":{\"@id\":\"https:\\\/\\\/serhs.com\\\/es\\\/#organization\"},\"potentialAction\":[{\"@type\":\"SearchAction\",\"target\":{\"@type\":\"EntryPoint\",\"urlTemplate\":\"https:\\\/\\\/serhs.com\\\/es\\\/?s={search_term_string}\"},\"query-input\":{\"@type\":\"PropertyValueSpecification\",\"valueRequired\":true,\"valueName\":\"search_term_string\"}}],\"inLanguage\":\"es\"},{\"@type\":\"Organization\",\"@id\":\"https:\\\/\\\/serhs.com\\\/es\\\/#organization\",\"name\":\"SERHS\",\"url\":\"https:\\\/\\\/serhs.com\\\/es\\\/\",\"logo\":{\"@type\":\"ImageObject\",\"inLanguage\":\"es\",\"@id\":\"https:\\\/\\\/serhs.com\\\/es\\\/#\\\/schema\\\/logo\\\/image\\\/\",\"url\":\"https:\\\/\\\/serhs.com\\\/wp-content\\\/uploads\\\/2018\\\/05\\\/logoSERHS200.png\",\"contentUrl\":\"https:\\\/\\\/serhs.com\\\/wp-content\\\/uploads\\\/2018\\\/05\\\/logoSERHS200.png\",\"width\":200,\"height\":67,\"caption\":\"SERHS\"},\"image\":{\"@id\":\"https:\\\/\\\/serhs.com\\\/es\\\/#\\\/schema\\\/logo\\\/image\\\/\"},\"sameAs\":[\"https:\\\/\\\/www.facebook.com\\\/grupserhs\",\"https:\\\/\\\/www.linkedin.com\\\/company\\\/grup-serhs\",\"https:\\\/\\\/www.instagram.com\\\/serhsoficial\\\/\"]},{\"@type\":\"Person\",\"@id\":\"https:\\\/\\\/serhs.com\\\/es\\\/#\\\/schema\\\/person\\\/ab392817d75ed759c372c3f7a40828aa\",\"name\":\"SOCIAL\",\"url\":\"https:\\\/\\\/serhs.com\\\/es\\\/author\\\/rf\\\/\"}]}<\/script>\n<!-- \/ Yoast SEO plugin. -->","yoast_head_json":{"title":"Vilars Rurals, en el Sal\u00f3n de las Familias Numerosas de Catalu\u00f1a - SERHS","robots":{"index":"index","follow":"follow","max-snippet":"max-snippet:-1","max-image-preview":"max-image-preview:large","max-video-preview":"max-video-preview:-1"},"canonical":"https:\/\/serhs.com\/es\/vilars-rurals-en-el-salon-de-las-familias-numerosas-de-cataluna\/","og_locale":"es_ES","og_type":"article","og_title":"Vilars Rurals, en el Sal\u00f3n de las Familias Numerosas de Catalu\u00f1a - SERHS","og_url":"https:\/\/serhs.com\/es\/vilars-rurals-en-el-salon-de-las-familias-numerosas-de-cataluna\/","og_site_name":"SERHS","article_publisher":"https:\/\/www.facebook.com\/grupserhs","article_published_time":"2019-12-10T09:30:34+00:00","article_modified_time":"2022-09-19T07:53:28+00:00","og_image":[{"width":800,"height":584,"url":"https:\/\/serhs.com\/wp-content\/uploads\/2019\/12\/Vilars-Rurals-al-Sal\u00f3-de-les-Fam\u00edlies-Nombroses-de-Catalunya.jpg","type":"image\/jpeg"}],"author":"SOCIAL","twitter_card":"summary_large_image","twitter_misc":{"Escrito por":"SOCIAL","Tiempo de lectura":"2 minutos"},"schema":{"@context":"https:\/\/schema.org","@graph":[{"@type":"Article","@id":"https:\/\/serhs.com\/es\/vilars-rurals-en-el-salon-de-las-familias-numerosas-de-cataluna\/#article","isPartOf":{"@id":"https:\/\/serhs.com\/es\/vilars-rurals-en-el-salon-de-las-familias-numerosas-de-cataluna\/"},"author":{"name":"SOCIAL","@id":"https:\/\/serhs.com\/es\/#\/schema\/person\/ab392817d75ed759c372c3f7a40828aa"},"headline":"Vilars Rurals, en el Sal\u00f3n de las Familias Numerosas de Catalu\u00f1a","datePublished":"2019-12-10T09:30:34+00:00","dateModified":"2022-09-19T07:53:28+00:00","mainEntityOfPage":{"@id":"https:\/\/serhs.com\/es\/vilars-rurals-en-el-salon-de-las-familias-numerosas-de-cataluna\/"},"wordCount":493,"publisher":{"@id":"https:\/\/serhs.com\/es\/#organization"},"image":{"@id":"https:\/\/serhs.com\/es\/vilars-rurals-en-el-salon-de-las-familias-numerosas-de-cataluna\/#primaryimage"},"thumbnailUrl":"https:\/\/serhs.com\/wp-content\/uploads\/2019\/12\/Vilars-Rurals-al-Sal\u00f3-de-les-Fam\u00edlies-Nombroses-de-Catalunya.jpg","articleSection":["Hoteles"],"inLanguage":"es"},{"@type":"WebPage","@id":"https:\/\/serhs.com\/es\/vilars-rurals-en-el-salon-de-las-familias-numerosas-de-cataluna\/","url":"https:\/\/serhs.com\/es\/vilars-rurals-en-el-salon-de-las-familias-numerosas-de-cataluna\/","name":"Vilars Rurals, en el Sal\u00f3n de las Familias Numerosas de Catalu\u00f1a - SERHS","isPartOf":{"@id":"https:\/\/serhs.com\/es\/#website"},"primaryImageOfPage":{"@id":"https:\/\/serhs.com\/es\/vilars-rurals-en-el-salon-de-las-familias-numerosas-de-cataluna\/#primaryimage"},"image":{"@id":"https:\/\/serhs.com\/es\/vilars-rurals-en-el-salon-de-las-familias-numerosas-de-cataluna\/#primaryimage"},"thumbnailUrl":"https:\/\/serhs.com\/wp-content\/uploads\/2019\/12\/Vilars-Rurals-al-Sal\u00f3-de-les-Fam\u00edlies-Nombroses-de-Catalunya.jpg","datePublished":"2019-12-10T09:30:34+00:00","dateModified":"2022-09-19T07:53:28+00:00","breadcrumb":{"@id":"https:\/\/serhs.com\/es\/vilars-rurals-en-el-salon-de-las-familias-numerosas-de-cataluna\/#breadcrumb"},"inLanguage":"es","potentialAction":[{"@type":"ReadAction","target":["https:\/\/serhs.com\/es\/vilars-rurals-en-el-salon-de-las-familias-numerosas-de-cataluna\/"]}]},{"@type":"ImageObject","inLanguage":"es","@id":"https:\/\/serhs.com\/es\/vilars-rurals-en-el-salon-de-las-familias-numerosas-de-cataluna\/#primaryimage","url":"https:\/\/serhs.com\/wp-content\/uploads\/2019\/12\/Vilars-Rurals-al-Sal\u00f3-de-les-Fam\u00edlies-Nombroses-de-Catalunya.jpg","contentUrl":"https:\/\/serhs.com\/wp-content\/uploads\/2019\/12\/Vilars-Rurals-al-Sal\u00f3-de-les-Fam\u00edlies-Nombroses-de-Catalunya.jpg","width":800,"height":584,"caption":"Vilars Rurals, en el Sal\u00f3n de las Familias Numerosas de Catalu\u00f1a"},{"@type":"BreadcrumbList","@id":"https:\/\/serhs.com\/es\/vilars-rurals-en-el-salon-de-las-familias-numerosas-de-cataluna\/#breadcrumb","itemListElement":[{"@type":"ListItem","position":1,"name":"Inici","item":"https:\/\/serhs.com\/es\/"},{"@type":"ListItem","position":2,"name":"Vilars Rurals, en el Sal\u00f3n de las Familias Numerosas de Catalu\u00f1a"}]},{"@type":"WebSite","@id":"https:\/\/serhs.com\/es\/#website","url":"https:\/\/serhs.com\/es\/","name":"SERHS","description":"El primer grup Tur\u00edstic de Catalunya","publisher":{"@id":"https:\/\/serhs.com\/es\/#organization"},"potentialAction":[{"@type":"SearchAction","target":{"@type":"EntryPoint","urlTemplate":"https:\/\/serhs.com\/es\/?s={search_term_string}"},"query-input":{"@type":"PropertyValueSpecification","valueRequired":true,"valueName":"search_term_string"}}],"inLanguage":"es"},{"@type":"Organization","@id":"https:\/\/serhs.com\/es\/#organization","name":"SERHS","url":"https:\/\/serhs.com\/es\/","logo":{"@type":"ImageObject","inLanguage":"es","@id":"https:\/\/serhs.com\/es\/#\/schema\/logo\/image\/","url":"https:\/\/serhs.com\/wp-content\/uploads\/2018\/05\/logoSERHS200.png","contentUrl":"https:\/\/serhs.com\/wp-content\/uploads\/2018\/05\/logoSERHS200.png","width":200,"height":67,"caption":"SERHS"},"image":{"@id":"https:\/\/serhs.com\/es\/#\/schema\/logo\/image\/"},"sameAs":["https:\/\/www.facebook.com\/grupserhs","https:\/\/www.linkedin.com\/company\/grup-serhs","https:\/\/www.instagram.com\/serhsoficial\/"]},{"@type":"Person","@id":"https:\/\/serhs.com\/es\/#\/schema\/person\/ab392817d75ed759c372c3f7a40828aa","name":"SOCIAL","url":"https:\/\/serhs.com\/es\/author\/rf\/"}]}},"_links":{"self":[{"href":"https:\/\/serhs.com\/es\/wp-json\/wp\/v2\/posts\/26014","targetHints":{"allow":["GET"]}}],"collection":[{"href":"https:\/\/serhs.com\/es\/wp-json\/wp\/v2\/posts"}],"about":[{"href":"https:\/\/serhs.com\/es\/wp-json\/wp\/v2\/types\/post"}],"author":[{"embeddable":true,"href":"https:\/\/serhs.com\/es\/wp-json\/wp\/v2\/users\/19"}],"replies":[{"embeddable":true,"href":"https:\/\/serhs.com\/es\/wp-json\/wp\/v2\/comments?post=26014"}],"version-history":[{"count":0,"href":"https:\/\/serhs.com\/es\/wp-json\/wp\/v2\/posts\/26014\/revisions"}],"wp:featuredmedia":[{"embeddable":true,"href":"https:\/\/serhs.com\/es\/wp-json\/wp\/v2\/media\/26031"}],"wp:attachment":[{"href":"https:\/\/serhs.com\/es\/wp-json\/wp\/v2\/media?parent=26014"}],"wp:term":[{"taxonomy":"category","embeddable":true,"href":"https:\/\/serhs.com\/es\/wp-json\/wp\/v2\/categories?post=26014"},{"taxonomy":"post_tag","embeddable":true,"href":"https:\/\/serhs.com\/es\/wp-json\/wp\/v2\/tags?post=26014"}],"curies":[{"name":"wp","href":"https:\/\/api.w.org\/{rel}","templated":true}]}}