{"id":26241,"date":"2020-01-21T09:27:40","date_gmt":"2020-01-21T08:27:40","guid":{"rendered":"https:\/\/www.serhs.com\/7a-jornada-accac-serhs-distribucio\/"},"modified":"2020-01-21T10:43:08","modified_gmt":"2020-01-21T09:43:08","slug":"programa-de-consumo-de-leche-en-las-escuelas-de-la-u-e","status":"publish","type":"post","link":"https:\/\/serhs.com\/es\/programa-de-consumo-de-leche-en-las-escuelas-de-la-u-e\/","title":{"rendered":"Serhs Distribuci\u00f3 participa en el programa de consumo de leche en las escuelas de la U.E."},"content":{"rendered":"<p><strong><u>Serhs Distribuci\u00f3 participa en el programa de consumo de leche en las escuelas de la U.E.<\/u><\/strong><\/p>\n<p>La leche es un alimento que forma parte del consumo diario de alimentos saludables porque es una buena fuente de prote\u00ednas, calcio, vitaminas y minerales. En su composici\u00f3n, la leche contiene az\u00facar (lactosa) por eso ya es dulce y no hay que endulzar con az\u00facares ni chocolates en polvo. El consumo recomendable de l\u00e1cteos (leches, yogures y quesos) es de 2-3 raciones al d\u00eda (200ml. por raci\u00f3n).<\/p>\n<p>Serhs Distribuci\u00f3 participa y colabora en el\u00a0<strong>Plan de consumo de leche<\/strong>\u00a0en las escuelas, programa promovido por la Uni\u00f3n Europea y coordinado por la Generalidad de Catalu\u00f1a, y que consiste en ofrecer\u00a0<strong>leche gratuita<\/strong>\u00a0en los desayunos y \/ o meriendas al alumnado, dentro del centro escolar.<\/p>\n<p><strong><u>\u00bfCu\u00e1l es el objetivo del programa?<\/u><\/strong><\/p>\n<p><strong>Aumentar la sensibilizaci\u00f3n por una buena alimentaci\u00f3n<\/strong>\u00a0y la transmisi\u00f3n de conductas de h\u00e1bitos saludables a trav\u00e9s de la distribuci\u00f3n gratuita de leche entera UHT a los alumnos de 1 a 12 a\u00f1os.<\/p>\n<p>Dar a conocer el papel de la\u00a0<strong>leche como<\/strong>\u00a0<strong>alimento importante<\/strong>\u00a0(o de consumo diario) dentro de una alimentaci\u00f3n variada y saludable, y de sus\u00a0<strong>propiedades nutricionales<\/strong>.<\/p>\n<p>Implicar a toda la comunidad educativa (alumnado, docentes y familias)\u00a0<strong>para que los h\u00e1bitos alimentarios adquiridos en la infancia son decisivos en el comportamiento alimentario en la edad adulta.<\/strong><\/p>\n<p><img decoding=\"async\" class=\"alignnone wp-image-26284 size-full\" src=\"https:\/\/serhs.com\/wp-content\/uploads\/2020\/01\/Llet-2-ES.png\" alt=\"Serhs Distribuci\u00f3 participa en el programa de consumo de leche en las escuelas de la U.E.\" width=\"800\" height=\"584\" srcset=\"https:\/\/serhs.com\/wp-content\/uploads\/2020\/01\/Llet-2-ES-200x146.png 200w, https:\/\/serhs.com\/wp-content\/uploads\/2020\/01\/Llet-2-ES-300x219.png 300w, https:\/\/serhs.com\/wp-content\/uploads\/2020\/01\/Llet-2-ES-400x292.png 400w, https:\/\/serhs.com\/wp-content\/uploads\/2020\/01\/Llet-2-ES-600x438.png 600w, https:\/\/serhs.com\/wp-content\/uploads\/2020\/01\/Llet-2-ES-768x561.png 768w, https:\/\/serhs.com\/wp-content\/uploads\/2020\/01\/Llet-2-ES.png 800w\" sizes=\"(max-width: 800px) 100vw, 800px\" \/><\/p>\n<p><a href=\"https:\/\/www.serhsdistribucio.com\/es\/\">Serhs Distribuci\u00f3<\/a> contin\u00faa con su pol\u00edtica de Salud y bienestar, apoyando activamente acciones que lleven a cabo, la recomendaci\u00f3n de comportamientos alimentarios saludables.<\/p>\n<div class=\"fusion-button-wrapper\"><a class=\"fusion-button button-flat fusion-button-default-size button-default fusion-button-default button-1 fusion-button-default-span fusion-button-default-type\" target=\"_blank\" rel=\"noopener noreferrer\" href=\"https:\/\/www.serhsdistribucio.com\/\"><i class=\" fa fa-angle-right awb-button__icon awb-button__icon--default button-icon-left\" aria-hidden=\"true\"><\/i><span class=\"fusion-button-text awb-button__text awb-button__text--default\">Visita www.serhsdistribucio.com<\/span><\/a><\/div>\n","protected":false},"excerpt":{"rendered":"<p>Serhs Distribuci\u00f3 participa en el programa de consumo de leche en las escuelas de la U.E. La leche es un <a href=\"https:\/\/serhs.com\/es\/programa-de-consumo-de-leche-en-las-escuelas-de-la-u-e\/\"> [&#8230;]<\/a><\/p>\n","protected":false},"author":19,"featured_media":26284,"comment_status":"closed","ping_status":"closed","sticky":false,"template":"","format":"standard","meta":{"footnotes":""},"categories":[126],"tags":[],"class_list":["post-26241","post","type-post","status-publish","format-standard","has-post-thumbnail","hentry","category-distribucion"],"yoast_head":"<!-- This site is optimized with the Yoast SEO plugin v27.5 - https:\/\/yoast.com\/product\/yoast-seo-wordpress\/ -->\n<title>Serhs Distribuci\u00f3 participa en el programa de consumo de leche en las escuelas de la U.E. - SERHS<\/title>\n<meta name=\"robots\" content=\"index, follow, max-snippet:-1, max-image-preview:large, max-video-preview:-1\" \/>\n<link rel=\"canonical\" href=\"https:\/\/serhs.com\/es\/programa-de-consumo-de-leche-en-las-escuelas-de-la-u-e\/\" \/>\n<meta property=\"og:locale\" content=\"es_ES\" \/>\n<meta property=\"og:type\" content=\"article\" \/>\n<meta property=\"og:title\" content=\"Serhs Distribuci\u00f3 participa en el programa de consumo de leche en las escuelas de la U.E. - SERHS\" \/>\n<meta property=\"og:url\" content=\"https:\/\/serhs.com\/es\/programa-de-consumo-de-leche-en-las-escuelas-de-la-u-e\/\" \/>\n<meta property=\"og:site_name\" content=\"SERHS\" \/>\n<meta property=\"article:publisher\" content=\"https:\/\/www.facebook.com\/grupserhs\" \/>\n<meta property=\"article:published_time\" content=\"2020-01-21T08:27:40+00:00\" \/>\n<meta property=\"article:modified_time\" content=\"2020-01-21T09:43:08+00:00\" \/>\n<meta property=\"og:image\" content=\"https:\/\/serhs.com\/wp-content\/uploads\/2020\/01\/Llet-2-ES.png\" \/>\n\t<meta property=\"og:image:width\" content=\"800\" \/>\n\t<meta property=\"og:image:height\" content=\"584\" \/>\n\t<meta property=\"og:image:type\" content=\"image\/png\" \/>\n<meta name=\"author\" content=\"SOCIAL\" \/>\n<meta name=\"twitter:card\" content=\"summary_large_image\" \/>\n<meta name=\"twitter:label1\" content=\"Escrito por\" \/>\n\t<meta name=\"twitter:data1\" content=\"SOCIAL\" \/>\n\t<meta name=\"twitter:label2\" content=\"Tiempo de lectura\" \/>\n\t<meta name=\"twitter:data2\" content=\"2 minutos\" \/>\n<script type=\"application\/ld+json\" class=\"yoast-schema-graph\">{\"@context\":\"https:\\\/\\\/schema.org\",\"@graph\":[{\"@type\":\"Article\",\"@id\":\"https:\\\/\\\/serhs.com\\\/es\\\/programa-de-consumo-de-leche-en-las-escuelas-de-la-u-e\\\/#article\",\"isPartOf\":{\"@id\":\"https:\\\/\\\/serhs.com\\\/es\\\/programa-de-consumo-de-leche-en-las-escuelas-de-la-u-e\\\/\"},\"author\":{\"name\":\"SOCIAL\",\"@id\":\"https:\\\/\\\/serhs.com\\\/es\\\/#\\\/schema\\\/person\\\/ab392817d75ed759c372c3f7a40828aa\"},\"headline\":\"Serhs Distribuci\u00f3 participa en el programa de consumo de leche en las escuelas de la U.E.\",\"datePublished\":\"2020-01-21T08:27:40+00:00\",\"dateModified\":\"2020-01-21T09:43:08+00:00\",\"mainEntityOfPage\":{\"@id\":\"https:\\\/\\\/serhs.com\\\/es\\\/programa-de-consumo-de-leche-en-las-escuelas-de-la-u-e\\\/\"},\"wordCount\":365,\"publisher\":{\"@id\":\"https:\\\/\\\/serhs.com\\\/es\\\/#organization\"},\"image\":{\"@id\":\"https:\\\/\\\/serhs.com\\\/es\\\/programa-de-consumo-de-leche-en-las-escuelas-de-la-u-e\\\/#primaryimage\"},\"thumbnailUrl\":\"https:\\\/\\\/serhs.com\\\/wp-content\\\/uploads\\\/2020\\\/01\\\/Llet-2-ES.png\",\"articleSection\":[\"Distribuci\u00f3n\"],\"inLanguage\":\"es\"},{\"@type\":\"WebPage\",\"@id\":\"https:\\\/\\\/serhs.com\\\/es\\\/programa-de-consumo-de-leche-en-las-escuelas-de-la-u-e\\\/\",\"url\":\"https:\\\/\\\/serhs.com\\\/es\\\/programa-de-consumo-de-leche-en-las-escuelas-de-la-u-e\\\/\",\"name\":\"Serhs Distribuci\u00f3 participa en el programa de consumo de leche en las escuelas de la U.E. - SERHS\",\"isPartOf\":{\"@id\":\"https:\\\/\\\/serhs.com\\\/es\\\/#website\"},\"primaryImageOfPage\":{\"@id\":\"https:\\\/\\\/serhs.com\\\/es\\\/programa-de-consumo-de-leche-en-las-escuelas-de-la-u-e\\\/#primaryimage\"},\"image\":{\"@id\":\"https:\\\/\\\/serhs.com\\\/es\\\/programa-de-consumo-de-leche-en-las-escuelas-de-la-u-e\\\/#primaryimage\"},\"thumbnailUrl\":\"https:\\\/\\\/serhs.com\\\/wp-content\\\/uploads\\\/2020\\\/01\\\/Llet-2-ES.png\",\"datePublished\":\"2020-01-21T08:27:40+00:00\",\"dateModified\":\"2020-01-21T09:43:08+00:00\",\"breadcrumb\":{\"@id\":\"https:\\\/\\\/serhs.com\\\/es\\\/programa-de-consumo-de-leche-en-las-escuelas-de-la-u-e\\\/#breadcrumb\"},\"inLanguage\":\"es\",\"potentialAction\":[{\"@type\":\"ReadAction\",\"target\":[\"https:\\\/\\\/serhs.com\\\/es\\\/programa-de-consumo-de-leche-en-las-escuelas-de-la-u-e\\\/\"]}]},{\"@type\":\"ImageObject\",\"inLanguage\":\"es\",\"@id\":\"https:\\\/\\\/serhs.com\\\/es\\\/programa-de-consumo-de-leche-en-las-escuelas-de-la-u-e\\\/#primaryimage\",\"url\":\"https:\\\/\\\/serhs.com\\\/wp-content\\\/uploads\\\/2020\\\/01\\\/Llet-2-ES.png\",\"contentUrl\":\"https:\\\/\\\/serhs.com\\\/wp-content\\\/uploads\\\/2020\\\/01\\\/Llet-2-ES.png\",\"width\":800,\"height\":584,\"caption\":\"Serhs Distribuci\u00f3 participa en el programa de consumo de leche en las escuelas de la U.E.\"},{\"@type\":\"BreadcrumbList\",\"@id\":\"https:\\\/\\\/serhs.com\\\/es\\\/programa-de-consumo-de-leche-en-las-escuelas-de-la-u-e\\\/#breadcrumb\",\"itemListElement\":[{\"@type\":\"ListItem\",\"position\":1,\"name\":\"Inici\",\"item\":\"https:\\\/\\\/serhs.com\\\/es\\\/\"},{\"@type\":\"ListItem\",\"position\":2,\"name\":\"Serhs Distribuci\u00f3 participa en el programa de consumo de leche en las escuelas de la U.E.\"}]},{\"@type\":\"WebSite\",\"@id\":\"https:\\\/\\\/serhs.com\\\/es\\\/#website\",\"url\":\"https:\\\/\\\/serhs.com\\\/es\\\/\",\"name\":\"SERHS\",\"description\":\"El primer grup Tur\u00edstic de Catalunya\",\"publisher\":{\"@id\":\"https:\\\/\\\/serhs.com\\\/es\\\/#organization\"},\"potentialAction\":[{\"@type\":\"SearchAction\",\"target\":{\"@type\":\"EntryPoint\",\"urlTemplate\":\"https:\\\/\\\/serhs.com\\\/es\\\/?s={search_term_string}\"},\"query-input\":{\"@type\":\"PropertyValueSpecification\",\"valueRequired\":true,\"valueName\":\"search_term_string\"}}],\"inLanguage\":\"es\"},{\"@type\":\"Organization\",\"@id\":\"https:\\\/\\\/serhs.com\\\/es\\\/#organization\",\"name\":\"SERHS\",\"url\":\"https:\\\/\\\/serhs.com\\\/es\\\/\",\"logo\":{\"@type\":\"ImageObject\",\"inLanguage\":\"es\",\"@id\":\"https:\\\/\\\/serhs.com\\\/es\\\/#\\\/schema\\\/logo\\\/image\\\/\",\"url\":\"https:\\\/\\\/serhs.com\\\/wp-content\\\/uploads\\\/2018\\\/05\\\/logoSERHS200.png\",\"contentUrl\":\"https:\\\/\\\/serhs.com\\\/wp-content\\\/uploads\\\/2018\\\/05\\\/logoSERHS200.png\",\"width\":200,\"height\":67,\"caption\":\"SERHS\"},\"image\":{\"@id\":\"https:\\\/\\\/serhs.com\\\/es\\\/#\\\/schema\\\/logo\\\/image\\\/\"},\"sameAs\":[\"https:\\\/\\\/www.facebook.com\\\/grupserhs\",\"https:\\\/\\\/www.linkedin.com\\\/company\\\/grup-serhs\",\"https:\\\/\\\/www.instagram.com\\\/serhsoficial\\\/\"]},{\"@type\":\"Person\",\"@id\":\"https:\\\/\\\/serhs.com\\\/es\\\/#\\\/schema\\\/person\\\/ab392817d75ed759c372c3f7a40828aa\",\"name\":\"SOCIAL\",\"url\":\"https:\\\/\\\/serhs.com\\\/es\\\/author\\\/rf\\\/\"}]}<\/script>\n<!-- \/ Yoast SEO plugin. -->","yoast_head_json":{"title":"Serhs Distribuci\u00f3 participa en el programa de consumo de leche en las escuelas de la U.E. - SERHS","robots":{"index":"index","follow":"follow","max-snippet":"max-snippet:-1","max-image-preview":"max-image-preview:large","max-video-preview":"max-video-preview:-1"},"canonical":"https:\/\/serhs.com\/es\/programa-de-consumo-de-leche-en-las-escuelas-de-la-u-e\/","og_locale":"es_ES","og_type":"article","og_title":"Serhs Distribuci\u00f3 participa en el programa de consumo de leche en las escuelas de la U.E. - SERHS","og_url":"https:\/\/serhs.com\/es\/programa-de-consumo-de-leche-en-las-escuelas-de-la-u-e\/","og_site_name":"SERHS","article_publisher":"https:\/\/www.facebook.com\/grupserhs","article_published_time":"2020-01-21T08:27:40+00:00","article_modified_time":"2020-01-21T09:43:08+00:00","og_image":[{"width":800,"height":584,"url":"https:\/\/serhs.com\/wp-content\/uploads\/2020\/01\/Llet-2-ES.png","type":"image\/png"}],"author":"SOCIAL","twitter_card":"summary_large_image","twitter_misc":{"Escrito por":"SOCIAL","Tiempo de lectura":"2 minutos"},"schema":{"@context":"https:\/\/schema.org","@graph":[{"@type":"Article","@id":"https:\/\/serhs.com\/es\/programa-de-consumo-de-leche-en-las-escuelas-de-la-u-e\/#article","isPartOf":{"@id":"https:\/\/serhs.com\/es\/programa-de-consumo-de-leche-en-las-escuelas-de-la-u-e\/"},"author":{"name":"SOCIAL","@id":"https:\/\/serhs.com\/es\/#\/schema\/person\/ab392817d75ed759c372c3f7a40828aa"},"headline":"Serhs Distribuci\u00f3 participa en el programa de consumo de leche en las escuelas de la U.E.","datePublished":"2020-01-21T08:27:40+00:00","dateModified":"2020-01-21T09:43:08+00:00","mainEntityOfPage":{"@id":"https:\/\/serhs.com\/es\/programa-de-consumo-de-leche-en-las-escuelas-de-la-u-e\/"},"wordCount":365,"publisher":{"@id":"https:\/\/serhs.com\/es\/#organization"},"image":{"@id":"https:\/\/serhs.com\/es\/programa-de-consumo-de-leche-en-las-escuelas-de-la-u-e\/#primaryimage"},"thumbnailUrl":"https:\/\/serhs.com\/wp-content\/uploads\/2020\/01\/Llet-2-ES.png","articleSection":["Distribuci\u00f3n"],"inLanguage":"es"},{"@type":"WebPage","@id":"https:\/\/serhs.com\/es\/programa-de-consumo-de-leche-en-las-escuelas-de-la-u-e\/","url":"https:\/\/serhs.com\/es\/programa-de-consumo-de-leche-en-las-escuelas-de-la-u-e\/","name":"Serhs Distribuci\u00f3 participa en el programa de consumo de leche en las escuelas de la U.E. - SERHS","isPartOf":{"@id":"https:\/\/serhs.com\/es\/#website"},"primaryImageOfPage":{"@id":"https:\/\/serhs.com\/es\/programa-de-consumo-de-leche-en-las-escuelas-de-la-u-e\/#primaryimage"},"image":{"@id":"https:\/\/serhs.com\/es\/programa-de-consumo-de-leche-en-las-escuelas-de-la-u-e\/#primaryimage"},"thumbnailUrl":"https:\/\/serhs.com\/wp-content\/uploads\/2020\/01\/Llet-2-ES.png","datePublished":"2020-01-21T08:27:40+00:00","dateModified":"2020-01-21T09:43:08+00:00","breadcrumb":{"@id":"https:\/\/serhs.com\/es\/programa-de-consumo-de-leche-en-las-escuelas-de-la-u-e\/#breadcrumb"},"inLanguage":"es","potentialAction":[{"@type":"ReadAction","target":["https:\/\/serhs.com\/es\/programa-de-consumo-de-leche-en-las-escuelas-de-la-u-e\/"]}]},{"@type":"ImageObject","inLanguage":"es","@id":"https:\/\/serhs.com\/es\/programa-de-consumo-de-leche-en-las-escuelas-de-la-u-e\/#primaryimage","url":"https:\/\/serhs.com\/wp-content\/uploads\/2020\/01\/Llet-2-ES.png","contentUrl":"https:\/\/serhs.com\/wp-content\/uploads\/2020\/01\/Llet-2-ES.png","width":800,"height":584,"caption":"Serhs Distribuci\u00f3 participa en el programa de consumo de leche en las escuelas de la U.E."},{"@type":"BreadcrumbList","@id":"https:\/\/serhs.com\/es\/programa-de-consumo-de-leche-en-las-escuelas-de-la-u-e\/#breadcrumb","itemListElement":[{"@type":"ListItem","position":1,"name":"Inici","item":"https:\/\/serhs.com\/es\/"},{"@type":"ListItem","position":2,"name":"Serhs Distribuci\u00f3 participa en el programa de consumo de leche en las escuelas de la U.E."}]},{"@type":"WebSite","@id":"https:\/\/serhs.com\/es\/#website","url":"https:\/\/serhs.com\/es\/","name":"SERHS","description":"El primer grup Tur\u00edstic de Catalunya","publisher":{"@id":"https:\/\/serhs.com\/es\/#organization"},"potentialAction":[{"@type":"SearchAction","target":{"@type":"EntryPoint","urlTemplate":"https:\/\/serhs.com\/es\/?s={search_term_string}"},"query-input":{"@type":"PropertyValueSpecification","valueRequired":true,"valueName":"search_term_string"}}],"inLanguage":"es"},{"@type":"Organization","@id":"https:\/\/serhs.com\/es\/#organization","name":"SERHS","url":"https:\/\/serhs.com\/es\/","logo":{"@type":"ImageObject","inLanguage":"es","@id":"https:\/\/serhs.com\/es\/#\/schema\/logo\/image\/","url":"https:\/\/serhs.com\/wp-content\/uploads\/2018\/05\/logoSERHS200.png","contentUrl":"https:\/\/serhs.com\/wp-content\/uploads\/2018\/05\/logoSERHS200.png","width":200,"height":67,"caption":"SERHS"},"image":{"@id":"https:\/\/serhs.com\/es\/#\/schema\/logo\/image\/"},"sameAs":["https:\/\/www.facebook.com\/grupserhs","https:\/\/www.linkedin.com\/company\/grup-serhs","https:\/\/www.instagram.com\/serhsoficial\/"]},{"@type":"Person","@id":"https:\/\/serhs.com\/es\/#\/schema\/person\/ab392817d75ed759c372c3f7a40828aa","name":"SOCIAL","url":"https:\/\/serhs.com\/es\/author\/rf\/"}]}},"_links":{"self":[{"href":"https:\/\/serhs.com\/es\/wp-json\/wp\/v2\/posts\/26241","targetHints":{"allow":["GET"]}}],"collection":[{"href":"https:\/\/serhs.com\/es\/wp-json\/wp\/v2\/posts"}],"about":[{"href":"https:\/\/serhs.com\/es\/wp-json\/wp\/v2\/types\/post"}],"author":[{"embeddable":true,"href":"https:\/\/serhs.com\/es\/wp-json\/wp\/v2\/users\/19"}],"replies":[{"embeddable":true,"href":"https:\/\/serhs.com\/es\/wp-json\/wp\/v2\/comments?post=26241"}],"version-history":[{"count":0,"href":"https:\/\/serhs.com\/es\/wp-json\/wp\/v2\/posts\/26241\/revisions"}],"wp:featuredmedia":[{"embeddable":true,"href":"https:\/\/serhs.com\/es\/wp-json\/wp\/v2\/media\/26284"}],"wp:attachment":[{"href":"https:\/\/serhs.com\/es\/wp-json\/wp\/v2\/media?parent=26241"}],"wp:term":[{"taxonomy":"category","embeddable":true,"href":"https:\/\/serhs.com\/es\/wp-json\/wp\/v2\/categories?post=26241"},{"taxonomy":"post_tag","embeddable":true,"href":"https:\/\/serhs.com\/es\/wp-json\/wp\/v2\/tags?post=26241"}],"curies":[{"name":"wp","href":"https:\/\/api.w.org\/{rel}","templated":true}]}}