{"id":30464,"date":"2021-01-04T07:32:05","date_gmt":"2021-01-04T06:32:05","guid":{"rendered":"https:\/\/www.serhs.com\/?p=30464"},"modified":"2020-12-21T11:12:14","modified_gmt":"2020-12-21T10:12:14","slug":"serhs-distribucion-y-la-fundacio-tresc","status":"publish","type":"post","link":"https:\/\/serhs.com\/es\/serhs-distribucion-y-la-fundacio-tresc\/","title":{"rendered":"SERHS Distribuci\u00f3n y la Fundaci\u00f3 TRESC"},"content":{"rendered":"<p><img decoding=\"async\" class=\"alignnone size-full wp-image-32138\" src=\"https:\/\/serhs.com\/wp-content\/uploads\/2021\/01\/Distribuci16.jpg\" alt=\"\" width=\"1000\" height=\"507\" srcset=\"https:\/\/serhs.com\/wp-content\/uploads\/2021\/01\/Distribuci16-200x101.jpg 200w, https:\/\/serhs.com\/wp-content\/uploads\/2021\/01\/Distribuci16-400x203.jpg 400w, https:\/\/serhs.com\/wp-content\/uploads\/2021\/01\/Distribuci16-600x304.jpg 600w, https:\/\/serhs.com\/wp-content\/uploads\/2021\/01\/Distribuci16-768x389.jpg 768w, https:\/\/serhs.com\/wp-content\/uploads\/2021\/01\/Distribuci16-800x406.jpg 800w, https:\/\/serhs.com\/wp-content\/uploads\/2021\/01\/Distribuci16.jpg 1000w\" sizes=\"(max-width: 1000px) 100vw, 1000px\" \/><\/p>\n<p><img decoding=\"async\" class=\"alignnone wp-image-32135\" src=\"https:\/\/serhs.com\/wp-content\/uploads\/2021\/01\/logo-distribucio.jpg\" alt=\"\" width=\"386\" height=\"98\" srcset=\"https:\/\/serhs.com\/wp-content\/uploads\/2021\/01\/logo-distribucio-460x116.jpg 460w, https:\/\/serhs.com\/wp-content\/uploads\/2021\/01\/logo-distribucio.jpg 473w\" sizes=\"(max-width: 386px) 100vw, 386px\" \/> <img decoding=\"async\" class=\"alignnone wp-image-32133\" src=\"https:\/\/serhs.com\/wp-content\/uploads\/2021\/01\/fundacio3c.png\" alt=\"\" width=\"224\" height=\"126\" \/><\/p>\n<p><strong>ORIOL VIDAL<\/strong>, M\u00e1nager de Operaciones de <a href=\"https:\/\/www.serhsdistribucio.com\" target=\"_blank\" rel=\"noopener noreferrer\"><strong>SERHS Distribuci\u00f3n y Log\u00edstica<\/strong><\/a> nos cuenta su experiencia con el personal de la <a href=\"https:\/\/fundaciotresc.org\" target=\"_blank\" rel=\"noopener noreferrer\"><strong>Fundaci\u00f3n TRESC<\/strong><\/a> (inclusi\u00f3n sociolaboral de personas con discapacidad y con trastorno mental):<\/p>\n<blockquote><p>Ya har\u00e1 unos 6 o 7 a\u00f1os que en el centro log\u00edstico de Fornells tuve el placer de conocer la Fundaci\u00f3n TRESC y su trabajo.<\/p>\n<p>Recuerdo que est\u00e1bamos buscando personal para la temporada de verano y Enric Triola (Preparador Laboral) nos hech\u00f3 una mano para encontrar la persona adecuada para nuestras necesidades. Nos present\u00f3 a Alexis. Yo ten\u00eda dudas, porque en el fondo, todos tendemos a prejuzgar a quienes no conocemos, pero el mismo d\u00eda que comenz\u00f3, me qued\u00f3 claro que ir\u00eda por el buen camino. El acompa\u00f1amiento de los inicios de Alexis por parte de Enric y m\u00e1s adelante por parte de Anna Mas\u00f3\u00a0 (Prospectora Laboral), s\u00f3lo me pod\u00edan dar buenas sensaciones y ganas de seguir colaborando con la Fundaci\u00f3n.<\/p>\n<p>Unos a\u00f1os m\u00e1s tarde, tuvimos la suerte de poder incorporar a nuestra plataforma log\u00edstica de Fornells a Llu\u00eds, que ven\u00eda de otro de nuestros centros de nuestro Grupo empresarial. De Llu\u00eds ya ten\u00edamos las referencias de los responsables del otro centro, pero aparte de \u00e9stas, sab\u00eda que pod\u00eda confiar ciegamente en lo que me dijeran de \u00e9l Enric y Anna.<\/p>\n<p><strong>El trabajo conjunto de la Fundaci\u00f3n TRESC y SERHS Distribuci\u00f3n va mucho m\u00e1s all\u00e1<\/strong>: a lo largo de los a\u00f1os, por nuestros centros log\u00edsticos de Fornells, Tordera y Palafolls, han pasado trabajadores a prueba, trabajadores de temporada y trabajadores fijos, pero el trabajo no termina aqu\u00ed. Desde SERHS Distribuci\u00f3n siempre nos hemos puesto a disposici\u00f3n de la Fundaci\u00f3n TRESC cuanto nos han pedido trabajo para trabajadores en pr\u00e1cticas o bien para ofrecer una primera toma de contacto con una empresa. Durante los \u00faltimos 3 o 4 a\u00f1os tambi\u00e9n hemos hecho visitas guiadas a grupos de la Fundaci\u00f3n en nuestros centros log\u00edsticos, para ense\u00f1arles nuestro funcionamiento como empresa de log\u00edstica, tanto sobre el terreno viendo f\u00edsicamente c\u00f3mo funciona un centro log\u00edstico, como en una sala de reuniones donde charl\u00e1bamos un poco sobre dudas de los alumnos y temas en los que los tutores del curso quer\u00edan poner m\u00e1s \u00e9nfasis.<\/p>\n<p>Gracias a las buenas sinergias y la buena experiencia que hemos tenido juntos, la Fundaci\u00f3n TRESC ha pasado a ser, en muchos casos, el primer lugar donde acudir cuando necesitamos personal para algunas tareas concretas.<\/p>\n<p>\u00a1Desde SERHS Distribuci\u00f3n deseamos y seguimos trabajando para que esta relaci\u00f3n perdure muchos a\u00f1os!<\/p><\/blockquote>\n<div class=\"fusion-button-wrapper\"><a class=\"fusion-button button-flat fusion-button-default-size button-default fusion-button-default button-1 fusion-button-default-span fusion-button-default-type\" target=\"_blank\" rel=\"noopener noreferrer\" href=\"https:\/\/coneix.serhsdistribucio.com\"><i class=\" fa fa-angle-right awb-button__icon awb-button__icon--default button-icon-left\" aria-hidden=\"true\"><\/i><span class=\"fusion-button-text awb-button__text awb-button__text--default\">+ en coneix.serhsdistribucio.com<\/span><\/a><\/div>\n<div class=\"fusion-button-wrapper\"><a class=\"fusion-button button-flat fusion-button-default-size button-default fusion-button-default button-2 fusion-button-default-span fusion-button-default-type\" target=\"_blank\" rel=\"noopener noreferrer\" href=\"https:\/\/www.serhsdistribucio.com\/ca\/\"><i class=\" fa fa-angle-right awb-button__icon awb-button__icon--default button-icon-left\" aria-hidden=\"true\"><\/i><span class=\"fusion-button-text awb-button__text awb-button__text--default\">+ en www.serhsdistribucio.com<\/span><\/a><\/div>\n<p>&nbsp;<\/p>\n<p>&nbsp;<\/p>\n<p>&nbsp;<\/p>\n","protected":false},"excerpt":{"rendered":"<p>ORIOL VIDAL, M\u00e1nager de Operaciones de SERHS Distribuci\u00f3n y Log\u00edstica nos cuenta su experiencia con el personal de la Fundaci\u00f3n <a href=\"https:\/\/serhs.com\/es\/serhs-distribucion-y-la-fundacio-tresc\/\"> [&#8230;]<\/a><\/p>\n","protected":false},"author":19,"featured_media":32143,"comment_status":"closed","ping_status":"closed","sticky":false,"template":"","format":"standard","meta":{"footnotes":""},"categories":[126],"tags":[],"class_list":["post-30464","post","type-post","status-publish","format-standard","has-post-thumbnail","hentry","category-distribucion"],"yoast_head":"<!-- This site is optimized with the Yoast SEO plugin v27.5 - https:\/\/yoast.com\/product\/yoast-seo-wordpress\/ -->\n<title>SERHS Distribuci\u00f3n y la Fundaci\u00f3 TRESC - SERHS<\/title>\n<meta name=\"robots\" content=\"index, follow, max-snippet:-1, max-image-preview:large, max-video-preview:-1\" \/>\n<link rel=\"canonical\" href=\"https:\/\/www.arcscatering.com\/es\/noches-musicales-y-gastronomicas-al-castell-jalpi\/\" \/>\n<meta property=\"og:locale\" content=\"es_ES\" \/>\n<meta property=\"og:type\" content=\"article\" \/>\n<meta property=\"og:title\" content=\"SERHS Distribuci\u00f3n y la Fundaci\u00f3 TRESC - SERHS\" \/>\n<meta property=\"og:url\" content=\"https:\/\/www.arcscatering.com\/es\/noches-musicales-y-gastronomicas-al-castell-jalpi\/\" \/>\n<meta property=\"og:site_name\" content=\"SERHS\" \/>\n<meta property=\"article:publisher\" content=\"https:\/\/www.facebook.com\/grupserhs\" \/>\n<meta property=\"article:published_time\" content=\"2021-01-04T06:32:05+00:00\" \/>\n<meta property=\"og:image\" content=\"https:\/\/serhs.com\/wp-content\/uploads\/2021\/01\/Distribucio-tresc.jpg\" \/>\n\t<meta property=\"og:image:width\" content=\"628\" \/>\n\t<meta property=\"og:image:height\" content=\"420\" \/>\n\t<meta property=\"og:image:type\" content=\"image\/jpeg\" \/>\n<meta name=\"author\" content=\"SOCIAL\" \/>\n<meta name=\"twitter:card\" content=\"summary_large_image\" \/>\n<meta name=\"twitter:label1\" content=\"Escrito por\" \/>\n\t<meta name=\"twitter:data1\" content=\"SOCIAL\" \/>\n\t<meta name=\"twitter:label2\" content=\"Tiempo de lectura\" \/>\n\t<meta name=\"twitter:data2\" content=\"3 minutos\" \/>\n<script type=\"application\/ld+json\" class=\"yoast-schema-graph\">{\"@context\":\"https:\\\/\\\/schema.org\",\"@graph\":[{\"@type\":\"Article\",\"@id\":\"https:\\\/\\\/www.arcscatering.com\\\/es\\\/noches-musicales-y-gastronomicas-al-castell-jalpi\\\/#article\",\"isPartOf\":{\"@id\":\"https:\\\/\\\/serhs.com\\\/es\\\/serhs-distribucion-y-la-fundacio-tresc\\\/\"},\"author\":{\"name\":\"SOCIAL\",\"@id\":\"https:\\\/\\\/serhs.com\\\/es\\\/#\\\/schema\\\/person\\\/ab392817d75ed759c372c3f7a40828aa\"},\"headline\":\"SERHS Distribuci\u00f3n y la Fundaci\u00f3 TRESC\",\"datePublished\":\"2021-01-04T06:32:05+00:00\",\"mainEntityOfPage\":{\"@id\":\"https:\\\/\\\/serhs.com\\\/es\\\/serhs-distribucion-y-la-fundacio-tresc\\\/\"},\"wordCount\":625,\"publisher\":{\"@id\":\"https:\\\/\\\/serhs.com\\\/es\\\/#organization\"},\"image\":{\"@id\":\"https:\\\/\\\/www.arcscatering.com\\\/es\\\/noches-musicales-y-gastronomicas-al-castell-jalpi\\\/#primaryimage\"},\"thumbnailUrl\":\"https:\\\/\\\/serhs.com\\\/wp-content\\\/uploads\\\/2021\\\/01\\\/Distribucio-tresc.jpg\",\"articleSection\":[\"Distribuci\u00f3n\"],\"inLanguage\":\"es\"},{\"@type\":\"WebPage\",\"@id\":\"https:\\\/\\\/serhs.com\\\/es\\\/serhs-distribucion-y-la-fundacio-tresc\\\/\",\"url\":\"https:\\\/\\\/www.arcscatering.com\\\/es\\\/noches-musicales-y-gastronomicas-al-castell-jalpi\\\/\",\"name\":\"SERHS Distribuci\u00f3n y la Fundaci\u00f3 TRESC - SERHS\",\"isPartOf\":{\"@id\":\"https:\\\/\\\/serhs.com\\\/es\\\/#website\"},\"primaryImageOfPage\":{\"@id\":\"https:\\\/\\\/www.arcscatering.com\\\/es\\\/noches-musicales-y-gastronomicas-al-castell-jalpi\\\/#primaryimage\"},\"image\":{\"@id\":\"https:\\\/\\\/www.arcscatering.com\\\/es\\\/noches-musicales-y-gastronomicas-al-castell-jalpi\\\/#primaryimage\"},\"thumbnailUrl\":\"https:\\\/\\\/serhs.com\\\/wp-content\\\/uploads\\\/2021\\\/01\\\/Distribucio-tresc.jpg\",\"datePublished\":\"2021-01-04T06:32:05+00:00\",\"breadcrumb\":{\"@id\":\"https:\\\/\\\/www.arcscatering.com\\\/es\\\/noches-musicales-y-gastronomicas-al-castell-jalpi\\\/#breadcrumb\"},\"inLanguage\":\"es\",\"potentialAction\":[{\"@type\":\"ReadAction\",\"target\":[\"https:\\\/\\\/www.arcscatering.com\\\/es\\\/noches-musicales-y-gastronomicas-al-castell-jalpi\\\/\"]}]},{\"@type\":\"ImageObject\",\"inLanguage\":\"es\",\"@id\":\"https:\\\/\\\/www.arcscatering.com\\\/es\\\/noches-musicales-y-gastronomicas-al-castell-jalpi\\\/#primaryimage\",\"url\":\"https:\\\/\\\/serhs.com\\\/wp-content\\\/uploads\\\/2021\\\/01\\\/Distribucio-tresc.jpg\",\"contentUrl\":\"https:\\\/\\\/serhs.com\\\/wp-content\\\/uploads\\\/2021\\\/01\\\/Distribucio-tresc.jpg\",\"width\":628,\"height\":420},{\"@type\":\"BreadcrumbList\",\"@id\":\"https:\\\/\\\/www.arcscatering.com\\\/es\\\/noches-musicales-y-gastronomicas-al-castell-jalpi\\\/#breadcrumb\",\"itemListElement\":[{\"@type\":\"ListItem\",\"position\":1,\"name\":\"Inici\",\"item\":\"https:\\\/\\\/serhs.com\\\/es\\\/\"},{\"@type\":\"ListItem\",\"position\":2,\"name\":\"SERHS Distribuci\u00f3n y la Fundaci\u00f3 TRESC\"}]},{\"@type\":\"WebSite\",\"@id\":\"https:\\\/\\\/serhs.com\\\/es\\\/#website\",\"url\":\"https:\\\/\\\/serhs.com\\\/es\\\/\",\"name\":\"SERHS\",\"description\":\"El primer grup Tur\u00edstic de Catalunya\",\"publisher\":{\"@id\":\"https:\\\/\\\/serhs.com\\\/es\\\/#organization\"},\"potentialAction\":[{\"@type\":\"SearchAction\",\"target\":{\"@type\":\"EntryPoint\",\"urlTemplate\":\"https:\\\/\\\/serhs.com\\\/es\\\/?s={search_term_string}\"},\"query-input\":{\"@type\":\"PropertyValueSpecification\",\"valueRequired\":true,\"valueName\":\"search_term_string\"}}],\"inLanguage\":\"es\"},{\"@type\":\"Organization\",\"@id\":\"https:\\\/\\\/serhs.com\\\/es\\\/#organization\",\"name\":\"SERHS\",\"url\":\"https:\\\/\\\/serhs.com\\\/es\\\/\",\"logo\":{\"@type\":\"ImageObject\",\"inLanguage\":\"es\",\"@id\":\"https:\\\/\\\/serhs.com\\\/es\\\/#\\\/schema\\\/logo\\\/image\\\/\",\"url\":\"https:\\\/\\\/serhs.com\\\/wp-content\\\/uploads\\\/2018\\\/05\\\/logoSERHS200.png\",\"contentUrl\":\"https:\\\/\\\/serhs.com\\\/wp-content\\\/uploads\\\/2018\\\/05\\\/logoSERHS200.png\",\"width\":200,\"height\":67,\"caption\":\"SERHS\"},\"image\":{\"@id\":\"https:\\\/\\\/serhs.com\\\/es\\\/#\\\/schema\\\/logo\\\/image\\\/\"},\"sameAs\":[\"https:\\\/\\\/www.facebook.com\\\/grupserhs\",\"https:\\\/\\\/www.linkedin.com\\\/company\\\/grup-serhs\",\"https:\\\/\\\/www.instagram.com\\\/serhsoficial\\\/\"]},{\"@type\":\"Person\",\"@id\":\"https:\\\/\\\/serhs.com\\\/es\\\/#\\\/schema\\\/person\\\/ab392817d75ed759c372c3f7a40828aa\",\"name\":\"SOCIAL\",\"url\":\"https:\\\/\\\/serhs.com\\\/es\\\/author\\\/rf\\\/\"}]}<\/script>\n<!-- \/ Yoast SEO plugin. -->","yoast_head_json":{"title":"SERHS Distribuci\u00f3n y la Fundaci\u00f3 TRESC - SERHS","robots":{"index":"index","follow":"follow","max-snippet":"max-snippet:-1","max-image-preview":"max-image-preview:large","max-video-preview":"max-video-preview:-1"},"canonical":"https:\/\/www.arcscatering.com\/es\/noches-musicales-y-gastronomicas-al-castell-jalpi\/","og_locale":"es_ES","og_type":"article","og_title":"SERHS Distribuci\u00f3n y la Fundaci\u00f3 TRESC - SERHS","og_url":"https:\/\/www.arcscatering.com\/es\/noches-musicales-y-gastronomicas-al-castell-jalpi\/","og_site_name":"SERHS","article_publisher":"https:\/\/www.facebook.com\/grupserhs","article_published_time":"2021-01-04T06:32:05+00:00","og_image":[{"width":628,"height":420,"url":"https:\/\/serhs.com\/wp-content\/uploads\/2021\/01\/Distribucio-tresc.jpg","type":"image\/jpeg"}],"author":"SOCIAL","twitter_card":"summary_large_image","twitter_misc":{"Escrito por":"SOCIAL","Tiempo de lectura":"3 minutos"},"schema":{"@context":"https:\/\/schema.org","@graph":[{"@type":"Article","@id":"https:\/\/www.arcscatering.com\/es\/noches-musicales-y-gastronomicas-al-castell-jalpi\/#article","isPartOf":{"@id":"https:\/\/serhs.com\/es\/serhs-distribucion-y-la-fundacio-tresc\/"},"author":{"name":"SOCIAL","@id":"https:\/\/serhs.com\/es\/#\/schema\/person\/ab392817d75ed759c372c3f7a40828aa"},"headline":"SERHS Distribuci\u00f3n y la Fundaci\u00f3 TRESC","datePublished":"2021-01-04T06:32:05+00:00","mainEntityOfPage":{"@id":"https:\/\/serhs.com\/es\/serhs-distribucion-y-la-fundacio-tresc\/"},"wordCount":625,"publisher":{"@id":"https:\/\/serhs.com\/es\/#organization"},"image":{"@id":"https:\/\/www.arcscatering.com\/es\/noches-musicales-y-gastronomicas-al-castell-jalpi\/#primaryimage"},"thumbnailUrl":"https:\/\/serhs.com\/wp-content\/uploads\/2021\/01\/Distribucio-tresc.jpg","articleSection":["Distribuci\u00f3n"],"inLanguage":"es"},{"@type":"WebPage","@id":"https:\/\/serhs.com\/es\/serhs-distribucion-y-la-fundacio-tresc\/","url":"https:\/\/www.arcscatering.com\/es\/noches-musicales-y-gastronomicas-al-castell-jalpi\/","name":"SERHS Distribuci\u00f3n y la Fundaci\u00f3 TRESC - SERHS","isPartOf":{"@id":"https:\/\/serhs.com\/es\/#website"},"primaryImageOfPage":{"@id":"https:\/\/www.arcscatering.com\/es\/noches-musicales-y-gastronomicas-al-castell-jalpi\/#primaryimage"},"image":{"@id":"https:\/\/www.arcscatering.com\/es\/noches-musicales-y-gastronomicas-al-castell-jalpi\/#primaryimage"},"thumbnailUrl":"https:\/\/serhs.com\/wp-content\/uploads\/2021\/01\/Distribucio-tresc.jpg","datePublished":"2021-01-04T06:32:05+00:00","breadcrumb":{"@id":"https:\/\/www.arcscatering.com\/es\/noches-musicales-y-gastronomicas-al-castell-jalpi\/#breadcrumb"},"inLanguage":"es","potentialAction":[{"@type":"ReadAction","target":["https:\/\/www.arcscatering.com\/es\/noches-musicales-y-gastronomicas-al-castell-jalpi\/"]}]},{"@type":"ImageObject","inLanguage":"es","@id":"https:\/\/www.arcscatering.com\/es\/noches-musicales-y-gastronomicas-al-castell-jalpi\/#primaryimage","url":"https:\/\/serhs.com\/wp-content\/uploads\/2021\/01\/Distribucio-tresc.jpg","contentUrl":"https:\/\/serhs.com\/wp-content\/uploads\/2021\/01\/Distribucio-tresc.jpg","width":628,"height":420},{"@type":"BreadcrumbList","@id":"https:\/\/www.arcscatering.com\/es\/noches-musicales-y-gastronomicas-al-castell-jalpi\/#breadcrumb","itemListElement":[{"@type":"ListItem","position":1,"name":"Inici","item":"https:\/\/serhs.com\/es\/"},{"@type":"ListItem","position":2,"name":"SERHS Distribuci\u00f3n y la Fundaci\u00f3 TRESC"}]},{"@type":"WebSite","@id":"https:\/\/serhs.com\/es\/#website","url":"https:\/\/serhs.com\/es\/","name":"SERHS","description":"El primer grup Tur\u00edstic de Catalunya","publisher":{"@id":"https:\/\/serhs.com\/es\/#organization"},"potentialAction":[{"@type":"SearchAction","target":{"@type":"EntryPoint","urlTemplate":"https:\/\/serhs.com\/es\/?s={search_term_string}"},"query-input":{"@type":"PropertyValueSpecification","valueRequired":true,"valueName":"search_term_string"}}],"inLanguage":"es"},{"@type":"Organization","@id":"https:\/\/serhs.com\/es\/#organization","name":"SERHS","url":"https:\/\/serhs.com\/es\/","logo":{"@type":"ImageObject","inLanguage":"es","@id":"https:\/\/serhs.com\/es\/#\/schema\/logo\/image\/","url":"https:\/\/serhs.com\/wp-content\/uploads\/2018\/05\/logoSERHS200.png","contentUrl":"https:\/\/serhs.com\/wp-content\/uploads\/2018\/05\/logoSERHS200.png","width":200,"height":67,"caption":"SERHS"},"image":{"@id":"https:\/\/serhs.com\/es\/#\/schema\/logo\/image\/"},"sameAs":["https:\/\/www.facebook.com\/grupserhs","https:\/\/www.linkedin.com\/company\/grup-serhs","https:\/\/www.instagram.com\/serhsoficial\/"]},{"@type":"Person","@id":"https:\/\/serhs.com\/es\/#\/schema\/person\/ab392817d75ed759c372c3f7a40828aa","name":"SOCIAL","url":"https:\/\/serhs.com\/es\/author\/rf\/"}]}},"_links":{"self":[{"href":"https:\/\/serhs.com\/es\/wp-json\/wp\/v2\/posts\/30464","targetHints":{"allow":["GET"]}}],"collection":[{"href":"https:\/\/serhs.com\/es\/wp-json\/wp\/v2\/posts"}],"about":[{"href":"https:\/\/serhs.com\/es\/wp-json\/wp\/v2\/types\/post"}],"author":[{"embeddable":true,"href":"https:\/\/serhs.com\/es\/wp-json\/wp\/v2\/users\/19"}],"replies":[{"embeddable":true,"href":"https:\/\/serhs.com\/es\/wp-json\/wp\/v2\/comments?post=30464"}],"version-history":[{"count":0,"href":"https:\/\/serhs.com\/es\/wp-json\/wp\/v2\/posts\/30464\/revisions"}],"wp:featuredmedia":[{"embeddable":true,"href":"https:\/\/serhs.com\/es\/wp-json\/wp\/v2\/media\/32143"}],"wp:attachment":[{"href":"https:\/\/serhs.com\/es\/wp-json\/wp\/v2\/media?parent=30464"}],"wp:term":[{"taxonomy":"category","embeddable":true,"href":"https:\/\/serhs.com\/es\/wp-json\/wp\/v2\/categories?post=30464"},{"taxonomy":"post_tag","embeddable":true,"href":"https:\/\/serhs.com\/es\/wp-json\/wp\/v2\/tags?post=30464"}],"curies":[{"name":"wp","href":"https:\/\/api.w.org\/{rel}","templated":true}]}}