{"id":37790,"date":"2022-11-18T11:38:04","date_gmt":"2022-11-18T10:38:04","guid":{"rendered":"https:\/\/www.serhs.com\/?p=37790"},"modified":"2022-11-18T12:14:37","modified_gmt":"2022-11-18T11:14:37","slug":"navidades-de-cuento-en-el-vilar-rural-de-sant-hilari","status":"publish","type":"post","link":"https:\/\/serhs.com\/es\/navidades-de-cuento-en-el-vilar-rural-de-sant-hilari\/","title":{"rendered":"Navidades de cuento en el Vilar Rural de Sant Hilari"},"content":{"rendered":"<p>Nos esperan unos d\u00edas llenos de magia en el <a href=\"https:\/\/www.vilarsrurals.com\/hoteles\/vilar-rural-sant-hilari\/\" target=\"_blank\" rel=\"noopener\"><strong>Vilar Rural de Sant Hilari****<\/strong><\/a>. Desconecta con la familia rodeada de la naturaleza del parque natural del Montseny.<\/p>\n<p>Tambi\u00e9n podr\u00e1 disfrutar de las actividades especiales de Navidad. Jugaremos a Quina, buscaremos el ti\u00f3 y nos visitar\u00e1 Pap\u00e1 Noel. Todo esto y mucho m\u00e1s en el Vilar Rural de Sant Hilari para las fechas del<strong> 4 &#8211; 7 y 26 &#8211; 29 de diciembre<\/strong>.<\/p>\n<p><a href=\"https:\/\/www.vilarsrurals.com\/downloads\/_navidad2022_c.pdf\" target=\"_blank\" rel=\"noopener\"><strong>Ver todas las actividades de Navidad<\/strong><\/a><\/p>\n<p><img decoding=\"async\" class=\"alignnone wp-image-37792\" src=\"https:\/\/serhs.com\/wp-content\/uploads\/2022\/11\/3nits2nens.jpg\" alt=\"\" width=\"1200\" height=\"440\" srcset=\"https:\/\/serhs.com\/wp-content\/uploads\/2022\/11\/3nits2nens-200x73.jpg 200w, https:\/\/serhs.com\/wp-content\/uploads\/2022\/11\/3nits2nens-400x147.jpg 400w, https:\/\/serhs.com\/wp-content\/uploads\/2022\/11\/3nits2nens-600x220.jpg 600w, https:\/\/serhs.com\/wp-content\/uploads\/2022\/11\/3nits2nens-768x282.jpg 768w, https:\/\/serhs.com\/wp-content\/uploads\/2022\/11\/3nits2nens-800x293.jpg 800w, https:\/\/serhs.com\/wp-content\/uploads\/2022\/11\/3nits2nens-1200x440.jpg 1200w, https:\/\/serhs.com\/wp-content\/uploads\/2022\/11\/3nits2nens-1536x563.jpg 1536w, https:\/\/serhs.com\/wp-content\/uploads\/2022\/11\/3nits2nens.jpg 2048w\" sizes=\"(max-width: 1200px) 100vw, 1200px\" \/><\/p>\n<ul>\n<li>\n<h3><strong>Pack Especial Familiar 675\u20ac por 3 noches (2 adultos + 2 ni\u00f1os)<\/strong><\/h3>\n<\/li>\n<\/ul>\n<p style=\"padding-left: 40px;\"><strong>INCLUYE:\u00a0<\/strong><\/p>\n<section style=\"padding-left: 40px;\">\n<ul>\n<li style=\"list-style-type: none;\">\n<ul>\n<li>Un acceso gratuito al Parque Sant Hilari Aventura por persona (un circuito por persona)<\/li>\n<li>Media pensi\u00f3n<\/li>\n<li>Estancia m\u00ednima de 2 noches<\/li>\n<li>Pack familiar para 2 adultos + 2 ni\u00f1os<\/li>\n<li>Oferta v\u00e1lida para el 4 &#8211; 7 y 26 &#8211; 29 de diciembre<\/li>\n<li>Plazas limitadas<\/li>\n<\/ul>\n<\/li>\n<\/ul>\n<\/section>\n<footer>\n<p style=\"padding-left: 80px;\"><strong>Precio: 675\u20ac por 3 noches<\/strong><\/p>\n<p>&nbsp;<\/p>\n<p><img decoding=\"async\" class=\"alignnone wp-image-37798\" src=\"https:\/\/serhs.com\/wp-content\/uploads\/2022\/11\/3nits1nen.jpg\" alt=\"\" width=\"1200\" height=\"440\" srcset=\"https:\/\/serhs.com\/wp-content\/uploads\/2022\/11\/3nits1nen-200x73.jpg 200w, https:\/\/serhs.com\/wp-content\/uploads\/2022\/11\/3nits1nen-400x147.jpg 400w, https:\/\/serhs.com\/wp-content\/uploads\/2022\/11\/3nits1nen-600x220.jpg 600w, https:\/\/serhs.com\/wp-content\/uploads\/2022\/11\/3nits1nen-768x282.jpg 768w, https:\/\/serhs.com\/wp-content\/uploads\/2022\/11\/3nits1nen-800x293.jpg 800w, https:\/\/serhs.com\/wp-content\/uploads\/2022\/11\/3nits1nen-1200x440.jpg 1200w, https:\/\/serhs.com\/wp-content\/uploads\/2022\/11\/3nits1nen-1536x563.jpg 1536w, https:\/\/serhs.com\/wp-content\/uploads\/2022\/11\/3nits1nen.jpg 2048w\" sizes=\"(max-width: 1200px) 100vw, 1200px\" \/><\/p>\n<ul>\n<li>\n<h3><strong>Pack Familiar 525\u20ac <\/strong><strong>por 3 noches (2 adultos + 1 ni\u00f1o)<\/strong><\/h3>\n<\/li>\n<\/ul>\n<p style=\"padding-left: 40px;\"><strong>INCLUYE:\u00a0<\/strong><\/p>\n<section style=\"padding-left: 40px;\">\n<ul>\n<li style=\"list-style-type: none;\">\n<ul>\n<li>Estancia m\u00ednima de 2 noches<\/li>\n<li>Media pensi\u00f3n<\/li>\n<li>Un acceso gratuito al Parque Sant Hilari Aventura (un circuito por persona)<\/li>\n<li>Pack familiar para 2 adultos + 1 ni\u00f1o<\/li>\n<li>Oferta v\u00e1lida s\u00f3lo para el 04 &#8211; 07 y 26 &#8211; 29 de diciembre<\/li>\n<li>Plazas limitadas<\/li>\n<\/ul>\n<\/li>\n<\/ul>\n<\/section>\n<footer>\n<p style=\"padding-left: 80px;\"><strong>Precio: 525\u20ac por 3 noches<\/strong><\/p>\n<p>&nbsp;<\/p>\n<p><img decoding=\"async\" class=\"alignnone wp-image-37796\" src=\"https:\/\/serhs.com\/wp-content\/uploads\/2022\/11\/2nits2.jpg\" alt=\"\" width=\"1200\" height=\"440\" srcset=\"https:\/\/serhs.com\/wp-content\/uploads\/2022\/11\/2nits2-200x73.jpg 200w, https:\/\/serhs.com\/wp-content\/uploads\/2022\/11\/2nits2-400x147.jpg 400w, https:\/\/serhs.com\/wp-content\/uploads\/2022\/11\/2nits2-600x220.jpg 600w, https:\/\/serhs.com\/wp-content\/uploads\/2022\/11\/2nits2-768x282.jpg 768w, https:\/\/serhs.com\/wp-content\/uploads\/2022\/11\/2nits2-800x293.jpg 800w, https:\/\/serhs.com\/wp-content\/uploads\/2022\/11\/2nits2-1200x440.jpg 1200w, https:\/\/serhs.com\/wp-content\/uploads\/2022\/11\/2nits2-1536x563.jpg 1536w, https:\/\/serhs.com\/wp-content\/uploads\/2022\/11\/2nits2.jpg 2048w\" sizes=\"(max-width: 1200px) 100vw, 1200px\" \/><\/p>\n<\/footer>\n<\/footer>\n<ul>\n<li>\n<h3><strong>Pack Especial de Nadal 450\u20ac <\/strong><strong>por 2 noches (2 adultos + 2 ni\u00f1os)<\/strong><\/h3>\n<\/li>\n<\/ul>\n<p style=\"padding-left: 40px;\"><strong>INCLUYE:\u00a0<\/strong><\/p>\n<section style=\"padding-left: 40px;\">\n<ul>\n<li style=\"list-style-type: none;\">\n<ul>\n<li>Un acceso gratuito al Parque Sant Hilari Aventura (un circuito por persona)<\/li>\n<li>Media pensi\u00f3n<\/li>\n<li>Pack familiar para 2 adultos + 2 ni\u00f1os<\/li>\n<li>Estancia m\u00ednima de 2 noches<\/li>\n<li>Plazas limitadas<\/li>\n<li>Oferta v\u00e1lida s\u00f3lo para el 04\/12 &#8211; 07\/12 y 26\/12 &#8211; 29\/12<\/li>\n<\/ul>\n<\/li>\n<\/ul>\n<\/section>\n<footer style=\"padding-left: 40px;\">\n<p style=\"padding-left: 40px;\"><strong>Precio: 450\u20ac por 2 noches<\/strong><\/p>\n<p>&nbsp;<\/p>\n<\/footer>\n<p><img decoding=\"async\" class=\"alignnone wp-image-37794\" src=\"https:\/\/serhs.com\/wp-content\/uploads\/2022\/11\/2nits1nen.jpg\" alt=\"\" width=\"1200\" height=\"440\" srcset=\"https:\/\/serhs.com\/wp-content\/uploads\/2022\/11\/2nits1nen-200x73.jpg 200w, https:\/\/serhs.com\/wp-content\/uploads\/2022\/11\/2nits1nen-400x147.jpg 400w, https:\/\/serhs.com\/wp-content\/uploads\/2022\/11\/2nits1nen-600x220.jpg 600w, https:\/\/serhs.com\/wp-content\/uploads\/2022\/11\/2nits1nen-768x282.jpg 768w, https:\/\/serhs.com\/wp-content\/uploads\/2022\/11\/2nits1nen-800x293.jpg 800w, https:\/\/serhs.com\/wp-content\/uploads\/2022\/11\/2nits1nen-1200x440.jpg 1200w, https:\/\/serhs.com\/wp-content\/uploads\/2022\/11\/2nits1nen-1536x563.jpg 1536w, https:\/\/serhs.com\/wp-content\/uploads\/2022\/11\/2nits1nen.jpg 2048w\" sizes=\"(max-width: 1200px) 100vw, 1200px\" \/><\/p>\n<ul>\n<li>\n<h3><strong>Pack Especial de Desembre 350\u20ac <\/strong><strong>por 2 noches (2 adultos + 1 ni\u00f1o)<\/strong><\/h3>\n<\/li>\n<\/ul>\n<p style=\"padding-left: 40px;\"><strong>INCLUYE:\u00a0<\/strong><\/p>\n<section style=\"padding-left: 40px;\">\n<ul>\n<li style=\"list-style-type: none;\">\n<ul>\n<li>Un acceso gratuito al Parque Sant Hilari Aventura<\/li>\n<li>Media pensi\u00f3n<\/li>\n<li>Pack familiar oto\u00f1o para 2 adultos + 1 ni\u00f1o\/a<\/li>\n<li>Plazas limitadas<\/li>\n<li>Estancia m\u00ednima de 2 noches<\/li>\n<li>Oferta v\u00e1lida s\u00f3lo para el 04\/12 &#8211; 07\/12 y 26\/12 &#8211; 29\/12<\/li>\n<\/ul>\n<\/li>\n<\/ul>\n<\/section>\n<footer style=\"padding-left: 40px;\">\n<p style=\"padding-left: 40px;\"><strong>Precio: 350\u20ac por 2 noches<\/strong><\/p>\n<p>&nbsp;<\/p>\n<\/footer>\n<p>Y si quieres celebrar el Fin de A\u00f1o en el <a href=\"https:\/\/www.vilarsrurals.com\/hoteles\/vilar-rural-sant-hilari\/\" target=\"_blank\" rel=\"noopener\"><strong>Vilar Rural de Sant Hilari****<\/strong><\/a>, te ofrecemos <strong>Cena de gala, cotill\u00f3n y fiesta en la discoteca del Vilar<\/strong>. Adem\u00e1s, celebraremos el cambio de a\u00f1o con un <strong>programa de actividades muy especial<\/strong>.<\/p>\n<p>\u00a1Las \u00faltimas horas del 2022 y las primeras del 2023 las pasaremos muy entretenidos! El programa de actividades incluye<strong> talleres musicales, juegos acu\u00e1ticos en la piscina y, adem\u00e1s, tendremos una visita de alguien muy especial.<\/strong><\/p>\n<ul>\n<li><strong><a href=\"https:\/\/www.vilarsrurals.com\/downloads\/53774dipticmenucapdanyvrsh.pdf\" target=\"_blank\" rel=\"noopener\">Men\u00fa Fin de A\u00f1o<\/a><\/strong><\/li>\n<li><a href=\"https:\/\/www.vilarsrurals.com\/downloads\/53775menucapdanyvrshinfantil.pdf\" target=\"_blank\" rel=\"noopener\"><strong>Men\u00fa infantil Fin de A\u00f1o<\/strong><\/a><\/li>\n<\/ul>\n<p>&nbsp;<\/p>\n<header>\n<h2><span style=\"text-decoration: underline;\"><strong>Vilar Rural de Sant Hilari ****<\/strong><\/span><\/h2>\n<p>Descubre la magia que rodea los bosques del Montseny y Les Guilleries<\/p>\n<p>El <a href=\"https:\/\/www.vilarsrurals.com\/hoteles\/vilar-rural-sant-hilari\/\" target=\"_blank\" rel=\"noopener\"><strong>Vilar Rural de Sant Hilari****<\/strong><\/a> es un <strong>hotel rural de 4 estrellas para familias con ni\u00f1os<\/strong>. Situado junto a la localidad gerundense de Sant Hilari Sacalm, en el coraz\u00f3n de las Guilleries y junto al Parque Natural del Montseny, el Vilar Rural de Sant Hilari le ofrece la posibilidad de relajarse y desconectar en medio de la naturaleza, as\u00ed como de disfrutar de tiempo de calidad en familia, con todas las comodidades de un hotel rural de su categor\u00eda.<\/p>\n<\/header>\n<section><\/section>\n<section><\/section>\n<section><\/section>\n<section><\/section>\n<p>&nbsp;<\/p>\n<div class=\"fusion-button-wrapper\"><a class=\"fusion-button button-flat fusion-button-default-size button-default fusion-button-default button-1 fusion-button-default-span fusion-button-default-type\" target=\"_blank\" rel=\"noopener noreferrer\" href=\"https:\/\/www.vilarsrurals.com\"><span class=\"fusion-button-text awb-button__text awb-button__text--default\">+ INFO<\/span><\/a><\/div>\n<p>&nbsp;<\/p>\n","protected":false},"excerpt":{"rendered":"<p>Nos esperan unos d\u00edas llenos de magia en el Vilar Rural de Sant Hilari****. Desconecta con la familia rodeada de <a href=\"https:\/\/serhs.com\/es\/navidades-de-cuento-en-el-vilar-rural-de-sant-hilari\/\"> [&#8230;]<\/a><\/p>\n","protected":false},"author":19,"featured_media":37817,"comment_status":"closed","ping_status":"closed","sticky":false,"template":"","format":"standard","meta":{"footnotes":""},"categories":[129],"tags":[],"class_list":["post-37790","post","type-post","status-publish","format-standard","has-post-thumbnail","hentry","category-hoteles"],"yoast_head":"<!-- This site is optimized with the Yoast SEO plugin v27.5 - https:\/\/yoast.com\/product\/yoast-seo-wordpress\/ -->\n<title>Navidades de cuento en el Vilar Rural de Sant Hilari - SERHS<\/title>\n<meta name=\"robots\" content=\"index, follow, max-snippet:-1, max-image-preview:large, max-video-preview:-1\" \/>\n<link rel=\"canonical\" href=\"https:\/\/serhs.com\/es\/navidades-de-cuento-en-el-vilar-rural-de-sant-hilari\/\" \/>\n<meta property=\"og:locale\" content=\"es_ES\" \/>\n<meta property=\"og:type\" content=\"article\" \/>\n<meta property=\"og:title\" content=\"Navidades de cuento en el Vilar Rural de Sant Hilari - SERHS\" \/>\n<meta property=\"og:url\" content=\"https:\/\/serhs.com\/es\/navidades-de-cuento-en-el-vilar-rural-de-sant-hilari\/\" \/>\n<meta property=\"og:site_name\" content=\"SERHS\" \/>\n<meta property=\"article:publisher\" content=\"https:\/\/www.facebook.com\/grupserhs\" \/>\n<meta property=\"article:published_time\" content=\"2022-11-18T10:38:04+00:00\" \/>\n<meta property=\"article:modified_time\" content=\"2022-11-18T11:14:37+00:00\" \/>\n<meta property=\"og:image\" content=\"https:\/\/serhs.com\/wp-content\/uploads\/2022\/11\/nadal-vilars.png\" \/>\n\t<meta property=\"og:image:width\" content=\"628\" \/>\n\t<meta property=\"og:image:height\" content=\"420\" \/>\n\t<meta property=\"og:image:type\" content=\"image\/png\" \/>\n<meta name=\"author\" content=\"SOCIAL\" \/>\n<meta name=\"twitter:card\" content=\"summary_large_image\" \/>\n<meta name=\"twitter:label1\" content=\"Escrito por\" \/>\n\t<meta name=\"twitter:data1\" content=\"SOCIAL\" \/>\n\t<meta name=\"twitter:label2\" content=\"Tiempo de lectura\" \/>\n\t<meta name=\"twitter:data2\" content=\"3 minutos\" \/>\n<script type=\"application\/ld+json\" class=\"yoast-schema-graph\">{\"@context\":\"https:\\\/\\\/schema.org\",\"@graph\":[{\"@type\":\"Article\",\"@id\":\"https:\\\/\\\/serhs.com\\\/es\\\/navidades-de-cuento-en-el-vilar-rural-de-sant-hilari\\\/#article\",\"isPartOf\":{\"@id\":\"https:\\\/\\\/serhs.com\\\/es\\\/navidades-de-cuento-en-el-vilar-rural-de-sant-hilari\\\/\"},\"author\":{\"name\":\"SOCIAL\",\"@id\":\"https:\\\/\\\/serhs.com\\\/es\\\/#\\\/schema\\\/person\\\/ab392817d75ed759c372c3f7a40828aa\"},\"headline\":\"Navidades de cuento en el Vilar Rural de Sant Hilari\",\"datePublished\":\"2022-11-18T10:38:04+00:00\",\"dateModified\":\"2022-11-18T11:14:37+00:00\",\"mainEntityOfPage\":{\"@id\":\"https:\\\/\\\/serhs.com\\\/es\\\/navidades-de-cuento-en-el-vilar-rural-de-sant-hilari\\\/\"},\"wordCount\":556,\"publisher\":{\"@id\":\"https:\\\/\\\/serhs.com\\\/es\\\/#organization\"},\"image\":{\"@id\":\"https:\\\/\\\/serhs.com\\\/es\\\/navidades-de-cuento-en-el-vilar-rural-de-sant-hilari\\\/#primaryimage\"},\"thumbnailUrl\":\"https:\\\/\\\/serhs.com\\\/wp-content\\\/uploads\\\/2022\\\/11\\\/nadal-vilars.png\",\"articleSection\":[\"Hoteles\"],\"inLanguage\":\"es\"},{\"@type\":\"WebPage\",\"@id\":\"https:\\\/\\\/serhs.com\\\/es\\\/navidades-de-cuento-en-el-vilar-rural-de-sant-hilari\\\/\",\"url\":\"https:\\\/\\\/serhs.com\\\/es\\\/navidades-de-cuento-en-el-vilar-rural-de-sant-hilari\\\/\",\"name\":\"Navidades de cuento en el Vilar Rural de Sant Hilari - SERHS\",\"isPartOf\":{\"@id\":\"https:\\\/\\\/serhs.com\\\/es\\\/#website\"},\"primaryImageOfPage\":{\"@id\":\"https:\\\/\\\/serhs.com\\\/es\\\/navidades-de-cuento-en-el-vilar-rural-de-sant-hilari\\\/#primaryimage\"},\"image\":{\"@id\":\"https:\\\/\\\/serhs.com\\\/es\\\/navidades-de-cuento-en-el-vilar-rural-de-sant-hilari\\\/#primaryimage\"},\"thumbnailUrl\":\"https:\\\/\\\/serhs.com\\\/wp-content\\\/uploads\\\/2022\\\/11\\\/nadal-vilars.png\",\"datePublished\":\"2022-11-18T10:38:04+00:00\",\"dateModified\":\"2022-11-18T11:14:37+00:00\",\"breadcrumb\":{\"@id\":\"https:\\\/\\\/serhs.com\\\/es\\\/navidades-de-cuento-en-el-vilar-rural-de-sant-hilari\\\/#breadcrumb\"},\"inLanguage\":\"es\",\"potentialAction\":[{\"@type\":\"ReadAction\",\"target\":[\"https:\\\/\\\/serhs.com\\\/es\\\/navidades-de-cuento-en-el-vilar-rural-de-sant-hilari\\\/\"]}]},{\"@type\":\"ImageObject\",\"inLanguage\":\"es\",\"@id\":\"https:\\\/\\\/serhs.com\\\/es\\\/navidades-de-cuento-en-el-vilar-rural-de-sant-hilari\\\/#primaryimage\",\"url\":\"https:\\\/\\\/serhs.com\\\/wp-content\\\/uploads\\\/2022\\\/11\\\/nadal-vilars.png\",\"contentUrl\":\"https:\\\/\\\/serhs.com\\\/wp-content\\\/uploads\\\/2022\\\/11\\\/nadal-vilars.png\",\"width\":628,\"height\":420},{\"@type\":\"BreadcrumbList\",\"@id\":\"https:\\\/\\\/serhs.com\\\/es\\\/navidades-de-cuento-en-el-vilar-rural-de-sant-hilari\\\/#breadcrumb\",\"itemListElement\":[{\"@type\":\"ListItem\",\"position\":1,\"name\":\"Inici\",\"item\":\"https:\\\/\\\/serhs.com\\\/es\\\/\"},{\"@type\":\"ListItem\",\"position\":2,\"name\":\"Navidades de cuento en el Vilar Rural de Sant Hilari\"}]},{\"@type\":\"WebSite\",\"@id\":\"https:\\\/\\\/serhs.com\\\/es\\\/#website\",\"url\":\"https:\\\/\\\/serhs.com\\\/es\\\/\",\"name\":\"SERHS\",\"description\":\"El primer grup Tur\u00edstic de Catalunya\",\"publisher\":{\"@id\":\"https:\\\/\\\/serhs.com\\\/es\\\/#organization\"},\"potentialAction\":[{\"@type\":\"SearchAction\",\"target\":{\"@type\":\"EntryPoint\",\"urlTemplate\":\"https:\\\/\\\/serhs.com\\\/es\\\/?s={search_term_string}\"},\"query-input\":{\"@type\":\"PropertyValueSpecification\",\"valueRequired\":true,\"valueName\":\"search_term_string\"}}],\"inLanguage\":\"es\"},{\"@type\":\"Organization\",\"@id\":\"https:\\\/\\\/serhs.com\\\/es\\\/#organization\",\"name\":\"SERHS\",\"url\":\"https:\\\/\\\/serhs.com\\\/es\\\/\",\"logo\":{\"@type\":\"ImageObject\",\"inLanguage\":\"es\",\"@id\":\"https:\\\/\\\/serhs.com\\\/es\\\/#\\\/schema\\\/logo\\\/image\\\/\",\"url\":\"https:\\\/\\\/serhs.com\\\/wp-content\\\/uploads\\\/2018\\\/05\\\/logoSERHS200.png\",\"contentUrl\":\"https:\\\/\\\/serhs.com\\\/wp-content\\\/uploads\\\/2018\\\/05\\\/logoSERHS200.png\",\"width\":200,\"height\":67,\"caption\":\"SERHS\"},\"image\":{\"@id\":\"https:\\\/\\\/serhs.com\\\/es\\\/#\\\/schema\\\/logo\\\/image\\\/\"},\"sameAs\":[\"https:\\\/\\\/www.facebook.com\\\/grupserhs\",\"https:\\\/\\\/www.linkedin.com\\\/company\\\/grup-serhs\",\"https:\\\/\\\/www.instagram.com\\\/serhsoficial\\\/\"]},{\"@type\":\"Person\",\"@id\":\"https:\\\/\\\/serhs.com\\\/es\\\/#\\\/schema\\\/person\\\/ab392817d75ed759c372c3f7a40828aa\",\"name\":\"SOCIAL\",\"url\":\"https:\\\/\\\/serhs.com\\\/es\\\/author\\\/rf\\\/\"}]}<\/script>\n<!-- \/ Yoast SEO plugin. -->","yoast_head_json":{"title":"Navidades de cuento en el Vilar Rural de Sant Hilari - SERHS","robots":{"index":"index","follow":"follow","max-snippet":"max-snippet:-1","max-image-preview":"max-image-preview:large","max-video-preview":"max-video-preview:-1"},"canonical":"https:\/\/serhs.com\/es\/navidades-de-cuento-en-el-vilar-rural-de-sant-hilari\/","og_locale":"es_ES","og_type":"article","og_title":"Navidades de cuento en el Vilar Rural de Sant Hilari - SERHS","og_url":"https:\/\/serhs.com\/es\/navidades-de-cuento-en-el-vilar-rural-de-sant-hilari\/","og_site_name":"SERHS","article_publisher":"https:\/\/www.facebook.com\/grupserhs","article_published_time":"2022-11-18T10:38:04+00:00","article_modified_time":"2022-11-18T11:14:37+00:00","og_image":[{"width":628,"height":420,"url":"https:\/\/serhs.com\/wp-content\/uploads\/2022\/11\/nadal-vilars.png","type":"image\/png"}],"author":"SOCIAL","twitter_card":"summary_large_image","twitter_misc":{"Escrito por":"SOCIAL","Tiempo de lectura":"3 minutos"},"schema":{"@context":"https:\/\/schema.org","@graph":[{"@type":"Article","@id":"https:\/\/serhs.com\/es\/navidades-de-cuento-en-el-vilar-rural-de-sant-hilari\/#article","isPartOf":{"@id":"https:\/\/serhs.com\/es\/navidades-de-cuento-en-el-vilar-rural-de-sant-hilari\/"},"author":{"name":"SOCIAL","@id":"https:\/\/serhs.com\/es\/#\/schema\/person\/ab392817d75ed759c372c3f7a40828aa"},"headline":"Navidades de cuento en el Vilar Rural de Sant Hilari","datePublished":"2022-11-18T10:38:04+00:00","dateModified":"2022-11-18T11:14:37+00:00","mainEntityOfPage":{"@id":"https:\/\/serhs.com\/es\/navidades-de-cuento-en-el-vilar-rural-de-sant-hilari\/"},"wordCount":556,"publisher":{"@id":"https:\/\/serhs.com\/es\/#organization"},"image":{"@id":"https:\/\/serhs.com\/es\/navidades-de-cuento-en-el-vilar-rural-de-sant-hilari\/#primaryimage"},"thumbnailUrl":"https:\/\/serhs.com\/wp-content\/uploads\/2022\/11\/nadal-vilars.png","articleSection":["Hoteles"],"inLanguage":"es"},{"@type":"WebPage","@id":"https:\/\/serhs.com\/es\/navidades-de-cuento-en-el-vilar-rural-de-sant-hilari\/","url":"https:\/\/serhs.com\/es\/navidades-de-cuento-en-el-vilar-rural-de-sant-hilari\/","name":"Navidades de cuento en el Vilar Rural de Sant Hilari - SERHS","isPartOf":{"@id":"https:\/\/serhs.com\/es\/#website"},"primaryImageOfPage":{"@id":"https:\/\/serhs.com\/es\/navidades-de-cuento-en-el-vilar-rural-de-sant-hilari\/#primaryimage"},"image":{"@id":"https:\/\/serhs.com\/es\/navidades-de-cuento-en-el-vilar-rural-de-sant-hilari\/#primaryimage"},"thumbnailUrl":"https:\/\/serhs.com\/wp-content\/uploads\/2022\/11\/nadal-vilars.png","datePublished":"2022-11-18T10:38:04+00:00","dateModified":"2022-11-18T11:14:37+00:00","breadcrumb":{"@id":"https:\/\/serhs.com\/es\/navidades-de-cuento-en-el-vilar-rural-de-sant-hilari\/#breadcrumb"},"inLanguage":"es","potentialAction":[{"@type":"ReadAction","target":["https:\/\/serhs.com\/es\/navidades-de-cuento-en-el-vilar-rural-de-sant-hilari\/"]}]},{"@type":"ImageObject","inLanguage":"es","@id":"https:\/\/serhs.com\/es\/navidades-de-cuento-en-el-vilar-rural-de-sant-hilari\/#primaryimage","url":"https:\/\/serhs.com\/wp-content\/uploads\/2022\/11\/nadal-vilars.png","contentUrl":"https:\/\/serhs.com\/wp-content\/uploads\/2022\/11\/nadal-vilars.png","width":628,"height":420},{"@type":"BreadcrumbList","@id":"https:\/\/serhs.com\/es\/navidades-de-cuento-en-el-vilar-rural-de-sant-hilari\/#breadcrumb","itemListElement":[{"@type":"ListItem","position":1,"name":"Inici","item":"https:\/\/serhs.com\/es\/"},{"@type":"ListItem","position":2,"name":"Navidades de cuento en el Vilar Rural de Sant Hilari"}]},{"@type":"WebSite","@id":"https:\/\/serhs.com\/es\/#website","url":"https:\/\/serhs.com\/es\/","name":"SERHS","description":"El primer grup Tur\u00edstic de Catalunya","publisher":{"@id":"https:\/\/serhs.com\/es\/#organization"},"potentialAction":[{"@type":"SearchAction","target":{"@type":"EntryPoint","urlTemplate":"https:\/\/serhs.com\/es\/?s={search_term_string}"},"query-input":{"@type":"PropertyValueSpecification","valueRequired":true,"valueName":"search_term_string"}}],"inLanguage":"es"},{"@type":"Organization","@id":"https:\/\/serhs.com\/es\/#organization","name":"SERHS","url":"https:\/\/serhs.com\/es\/","logo":{"@type":"ImageObject","inLanguage":"es","@id":"https:\/\/serhs.com\/es\/#\/schema\/logo\/image\/","url":"https:\/\/serhs.com\/wp-content\/uploads\/2018\/05\/logoSERHS200.png","contentUrl":"https:\/\/serhs.com\/wp-content\/uploads\/2018\/05\/logoSERHS200.png","width":200,"height":67,"caption":"SERHS"},"image":{"@id":"https:\/\/serhs.com\/es\/#\/schema\/logo\/image\/"},"sameAs":["https:\/\/www.facebook.com\/grupserhs","https:\/\/www.linkedin.com\/company\/grup-serhs","https:\/\/www.instagram.com\/serhsoficial\/"]},{"@type":"Person","@id":"https:\/\/serhs.com\/es\/#\/schema\/person\/ab392817d75ed759c372c3f7a40828aa","name":"SOCIAL","url":"https:\/\/serhs.com\/es\/author\/rf\/"}]}},"_links":{"self":[{"href":"https:\/\/serhs.com\/es\/wp-json\/wp\/v2\/posts\/37790","targetHints":{"allow":["GET"]}}],"collection":[{"href":"https:\/\/serhs.com\/es\/wp-json\/wp\/v2\/posts"}],"about":[{"href":"https:\/\/serhs.com\/es\/wp-json\/wp\/v2\/types\/post"}],"author":[{"embeddable":true,"href":"https:\/\/serhs.com\/es\/wp-json\/wp\/v2\/users\/19"}],"replies":[{"embeddable":true,"href":"https:\/\/serhs.com\/es\/wp-json\/wp\/v2\/comments?post=37790"}],"version-history":[{"count":0,"href":"https:\/\/serhs.com\/es\/wp-json\/wp\/v2\/posts\/37790\/revisions"}],"wp:featuredmedia":[{"embeddable":true,"href":"https:\/\/serhs.com\/es\/wp-json\/wp\/v2\/media\/37817"}],"wp:attachment":[{"href":"https:\/\/serhs.com\/es\/wp-json\/wp\/v2\/media?parent=37790"}],"wp:term":[{"taxonomy":"category","embeddable":true,"href":"https:\/\/serhs.com\/es\/wp-json\/wp\/v2\/categories?post=37790"},{"taxonomy":"post_tag","embeddable":true,"href":"https:\/\/serhs.com\/es\/wp-json\/wp\/v2\/tags?post=37790"}],"curies":[{"name":"wp","href":"https:\/\/api.w.org\/{rel}","templated":true}]}}