{"id":41970,"date":"2025-07-24T11:20:03","date_gmt":"2025-07-24T09:20:03","guid":{"rendered":"https:\/\/serhs.com\/?p=41970"},"modified":"2025-07-29T11:22:37","modified_gmt":"2025-07-29T09:22:37","slug":"serhs-distribucion-refuerza-su-compromiso-con-la-eficiencia-energetica-con-la-instalacion-de-placas-solares-en-pineda-y-tarragona","status":"publish","type":"post","link":"https:\/\/serhs.com\/es\/serhs-distribucion-refuerza-su-compromiso-con-la-eficiencia-energetica-con-la-instalacion-de-placas-solares-en-pineda-y-tarragona\/","title":{"rendered":"SERHS Distribuci\u00f3n refuerza su compromiso con la eficiencia energ\u00e9tica con la instalaci\u00f3n de placas solares en Pineda y Tarragona"},"content":{"rendered":"<p>&nbsp;<\/p>\n<p><img decoding=\"async\" class=\"alignnone size-full wp-image-41989\" src=\"https:\/\/serhs.com\/wp-content\/uploads\/2025\/07\/Transicio-ESP.jpg\" alt=\"\" width=\"600\" height=\"400\" srcset=\"https:\/\/serhs.com\/wp-content\/uploads\/2025\/07\/Transicio-ESP-200x133.jpg 200w, https:\/\/serhs.com\/wp-content\/uploads\/2025\/07\/Transicio-ESP-400x267.jpg 400w, https:\/\/serhs.com\/wp-content\/uploads\/2025\/07\/Transicio-ESP.jpg 600w\" sizes=\"(max-width: 600px) 100vw, 600px\" \/><\/p>\n<p>Con el objetivo de seguir avanzando hacia un modelo m\u00e1s sostenible y respetuoso con el medio ambiente, en <strong>SERHS Distribuci\u00f3<\/strong> hemos instalado placas solares fotovoltaicas en nuestras sedes de <strong>Pineda de Mar y Tarragona<\/strong>. Esta actuaci\u00f3n responde al firme compromiso del<strong> Grup SERHS<\/strong> con la eficiencia energ\u00e9tica, la reducci\u00f3n de emisiones y la transici\u00f3n hacia fuentes de energ\u00eda renovable.<\/p>\n<p>Estas instalaciones han sido acogidas al programa de incentivos para el autoconsumo y almacenamiento con fuentes de energ\u00eda renovable, en el marco del <strong>Plan de Recuperaci\u00f3n, Transformaci\u00f3n y Resiliencia<\/strong>, financiado por la Uni\u00f3n Europea con fondos NextGenerationEU.<\/p>\n<p>Las instalaciones son las siguientes:<\/p>\n<h2><strong><span style=\"text-decoration: underline;\">Plataforma SERHS Distribuci\u00f3 Tarragona<\/span><\/strong><\/h2>\n<p><a href=\"https:\/\/serhs.com\/wp-content\/uploads\/2025\/07\/tarragona.png\"><img decoding=\"async\" class=\"alignnone size-fusion-200 wp-image-41974\" src=\"https:\/\/serhs.com\/wp-content\/uploads\/2025\/07\/tarragona-200x141.png\" alt=\"\" width=\"200\" height=\"141\" srcset=\"https:\/\/serhs.com\/wp-content\/uploads\/2025\/07\/tarragona-200x141.png 200w, https:\/\/serhs.com\/wp-content\/uploads\/2025\/07\/tarragona-400x282.png 400w, https:\/\/serhs.com\/wp-content\/uploads\/2025\/07\/tarragona-600x423.png 600w, https:\/\/serhs.com\/wp-content\/uploads\/2025\/07\/tarragona-768x542.png 768w, https:\/\/serhs.com\/wp-content\/uploads\/2025\/07\/tarragona-800x564.png 800w, https:\/\/serhs.com\/wp-content\/uploads\/2025\/07\/tarragona.png 961w\" sizes=\"(max-width: 200px) 100vw, 200px\" \/><\/a><\/p>\n<ul>\n<li style=\"font-weight: 400;\" aria-level=\"1\"><span style=\"font-weight: 400;\">Potencia: 651 kWp \/ 625 kWn<\/span><\/li>\n<li style=\"font-weight: 400;\" aria-level=\"1\"><span style=\"font-weight: 400;\">Inversi\u00f3n total: 383.787,15 \u20ac<\/span><\/li>\n<li style=\"font-weight: 400;\" aria-level=\"1\"><span style=\"font-weight: 400;\">Importe de la ayuda recibida: 57.568,07 \u20ac<\/span><\/li>\n<\/ul>\n<p><a href=\"https:\/\/serhs.com\/wp-content\/uploads\/2025\/07\/Inst_solar_Q_Tarragona-2.jpg\"><img decoding=\"async\" class=\"alignnone size-fusion-400 wp-image-41998\" src=\"https:\/\/serhs.com\/wp-content\/uploads\/2025\/07\/Inst_solar_Q_Tarragona-2-400x400.jpg\" alt=\"\" width=\"400\" height=\"400\" srcset=\"https:\/\/serhs.com\/wp-content\/uploads\/2025\/07\/Inst_solar_Q_Tarragona-2-66x66.jpg 66w, https:\/\/serhs.com\/wp-content\/uploads\/2025\/07\/Inst_solar_Q_Tarragona-2-150x150.jpg 150w, https:\/\/serhs.com\/wp-content\/uploads\/2025\/07\/Inst_solar_Q_Tarragona-2-200x200.jpg 200w, https:\/\/serhs.com\/wp-content\/uploads\/2025\/07\/Inst_solar_Q_Tarragona-2-400x400.jpg 400w, https:\/\/serhs.com\/wp-content\/uploads\/2025\/07\/Inst_solar_Q_Tarragona-2-600x600.jpg 600w, https:\/\/serhs.com\/wp-content\/uploads\/2025\/07\/Inst_solar_Q_Tarragona-2-768x768.jpg 768w, https:\/\/serhs.com\/wp-content\/uploads\/2025\/07\/Inst_solar_Q_Tarragona-2.jpg 800w\" sizes=\"(max-width: 400px) 100vw, 400px\" \/><\/a> <a href=\"https:\/\/serhs.com\/wp-content\/uploads\/2025\/07\/Inst_solar_Q_Tarragona-3.jpg\"><img decoding=\"async\" class=\"alignnone size-fusion-400 wp-image-42000\" src=\"https:\/\/serhs.com\/wp-content\/uploads\/2025\/07\/Inst_solar_Q_Tarragona-3-400x400.jpg\" alt=\"\" width=\"400\" height=\"400\" srcset=\"https:\/\/serhs.com\/wp-content\/uploads\/2025\/07\/Inst_solar_Q_Tarragona-3-66x66.jpg 66w, https:\/\/serhs.com\/wp-content\/uploads\/2025\/07\/Inst_solar_Q_Tarragona-3-150x150.jpg 150w, https:\/\/serhs.com\/wp-content\/uploads\/2025\/07\/Inst_solar_Q_Tarragona-3-200x200.jpg 200w, https:\/\/serhs.com\/wp-content\/uploads\/2025\/07\/Inst_solar_Q_Tarragona-3-400x400.jpg 400w, https:\/\/serhs.com\/wp-content\/uploads\/2025\/07\/Inst_solar_Q_Tarragona-3-600x600.jpg 600w, https:\/\/serhs.com\/wp-content\/uploads\/2025\/07\/Inst_solar_Q_Tarragona-3-768x768.jpg 768w, https:\/\/serhs.com\/wp-content\/uploads\/2025\/07\/Inst_solar_Q_Tarragona-3.jpg 800w\" sizes=\"(max-width: 400px) 100vw, 400px\" \/><\/a><\/p>\n<h2><strong><span style=\"text-decoration: underline;\">Plataforma SERHS Distribuci\u00f3 Pineda de Mar<\/span><\/strong><\/h2>\n<p><a href=\"https:\/\/serhs.com\/wp-content\/uploads\/2025\/07\/pineda.png\"><img decoding=\"async\" class=\"alignnone size-fusion-200 wp-image-41976\" src=\"https:\/\/serhs.com\/wp-content\/uploads\/2025\/07\/pineda-200x141.png\" alt=\"\" width=\"200\" height=\"141\" srcset=\"https:\/\/serhs.com\/wp-content\/uploads\/2025\/07\/pineda-200x141.png 200w, https:\/\/serhs.com\/wp-content\/uploads\/2025\/07\/pineda-400x281.png 400w, https:\/\/serhs.com\/wp-content\/uploads\/2025\/07\/pineda-600x422.png 600w, https:\/\/serhs.com\/wp-content\/uploads\/2025\/07\/pineda-768x540.png 768w, https:\/\/serhs.com\/wp-content\/uploads\/2025\/07\/pineda-800x563.png 800w, https:\/\/serhs.com\/wp-content\/uploads\/2025\/07\/pineda.png 962w\" sizes=\"(max-width: 200px) 100vw, 200px\" \/><\/a><\/p>\n<ul>\n<li style=\"font-weight: 400;\" aria-level=\"1\"><span style=\"font-weight: 400;\">Potencia: 101,37 kWp \/ 100 kWn<\/span><\/li>\n<li style=\"font-weight: 400;\" aria-level=\"1\"><span style=\"font-weight: 400;\">Inversi\u00f3n total: 73.305,47 \u20ac<\/span><\/li>\n<li style=\"font-weight: 400;\" aria-level=\"1\"><span style=\"font-weight: 400;\">Importe de la ayuda recibida: 10.995,82 \u20ac<\/span><\/li>\n<\/ul>\n<p><a href=\"https:\/\/serhs.com\/wp-content\/uploads\/2025\/07\/Inst_solar_Q_Pineda-2.jpg\" target=\"_blank\" rel=\"noopener\"><img decoding=\"async\" class=\"alignnone wp-image-41994 size-fusion-400\" src=\"https:\/\/serhs.com\/wp-content\/uploads\/2025\/07\/Inst_solar_Q_Pineda-2-400x400.jpg\" alt=\"\" width=\"400\" height=\"400\" srcset=\"https:\/\/serhs.com\/wp-content\/uploads\/2025\/07\/Inst_solar_Q_Pineda-2-66x66.jpg 66w, https:\/\/serhs.com\/wp-content\/uploads\/2025\/07\/Inst_solar_Q_Pineda-2-150x150.jpg 150w, https:\/\/serhs.com\/wp-content\/uploads\/2025\/07\/Inst_solar_Q_Pineda-2-200x200.jpg 200w, https:\/\/serhs.com\/wp-content\/uploads\/2025\/07\/Inst_solar_Q_Pineda-2-400x400.jpg 400w, https:\/\/serhs.com\/wp-content\/uploads\/2025\/07\/Inst_solar_Q_Pineda-2-600x600.jpg 600w, https:\/\/serhs.com\/wp-content\/uploads\/2025\/07\/Inst_solar_Q_Pineda-2-768x768.jpg 768w, https:\/\/serhs.com\/wp-content\/uploads\/2025\/07\/Inst_solar_Q_Pineda-2.jpg 800w\" sizes=\"(max-width: 400px) 100vw, 400px\" \/><\/a> <a href=\"https:\/\/serhs.com\/wp-content\/uploads\/2025\/07\/Inst_solar_Q_Pineda-1.jpg\" target=\"_blank\" rel=\"noopener\"><img decoding=\"async\" class=\"alignnone wp-image-41996 size-fusion-400\" src=\"https:\/\/serhs.com\/wp-content\/uploads\/2025\/07\/Inst_solar_Q_Pineda-1-400x400.jpg\" alt=\"\" width=\"400\" height=\"400\" srcset=\"https:\/\/serhs.com\/wp-content\/uploads\/2025\/07\/Inst_solar_Q_Pineda-1-66x66.jpg 66w, https:\/\/serhs.com\/wp-content\/uploads\/2025\/07\/Inst_solar_Q_Pineda-1-150x150.jpg 150w, https:\/\/serhs.com\/wp-content\/uploads\/2025\/07\/Inst_solar_Q_Pineda-1-200x200.jpg 200w, https:\/\/serhs.com\/wp-content\/uploads\/2025\/07\/Inst_solar_Q_Pineda-1-400x400.jpg 400w, https:\/\/serhs.com\/wp-content\/uploads\/2025\/07\/Inst_solar_Q_Pineda-1-600x600.jpg 600w, https:\/\/serhs.com\/wp-content\/uploads\/2025\/07\/Inst_solar_Q_Pineda-1-768x768.jpg 768w, https:\/\/serhs.com\/wp-content\/uploads\/2025\/07\/Inst_solar_Q_Pineda-1.jpg 800w\" sizes=\"(max-width: 400px) 100vw, 400px\" \/><\/a><\/p>\n<p><a href=\"https:\/\/serhs.com\/wp-content\/uploads\/2025\/07\/Plaques-Solars.pdf\" target=\"_blank\" rel=\"noopener\"><span style=\"text-decoration: underline;\"><strong>Ver certificados oficiales (PDF)<\/strong><\/span><\/a><\/p>\n<p><img decoding=\"async\" class=\"alignnone wp-image-41981\" src=\"https:\/\/serhs.com\/wp-content\/uploads\/2025\/07\/idaeng-ue.jpg\" alt=\"\" width=\"573\" height=\"219\" srcset=\"https:\/\/serhs.com\/wp-content\/uploads\/2025\/07\/idaeng-ue-200x76.jpg 200w, https:\/\/serhs.com\/wp-content\/uploads\/2025\/07\/idaeng-ue-400x153.jpg 400w, https:\/\/serhs.com\/wp-content\/uploads\/2025\/07\/idaeng-ue-600x229.jpg 600w, https:\/\/serhs.com\/wp-content\/uploads\/2025\/07\/idaeng-ue-768x294.jpg 768w, https:\/\/serhs.com\/wp-content\/uploads\/2025\/07\/idaeng-ue-800x306.jpg 800w, https:\/\/serhs.com\/wp-content\/uploads\/2025\/07\/idaeng-ue.jpg 845w\" sizes=\"(max-width: 573px) 100vw, 573px\" \/><\/p>\n<h3>Una pol\u00edtica energ\u00e9tica clara y comprometida<\/h3>\n<p>Esta iniciativa se enmarca dentro de la <strong>Pol\u00edtica Energ\u00e9tica del Grup SERHS<\/strong>, aprobada el 7 de marzo de 2023, mediante la cual la Direcci\u00f3n decidi\u00f3 implantar un <strong>Sistema de Gesti\u00f3n de la Energ\u00eda basado en la norma UNE-EN-ISO 50001:2018<\/strong>. Esta pol\u00edtica establece las l\u00edneas estrat\u00e9gicas para fomentar el ahorro, y gases de efecto invernadero y contribuir a la acci\u00f3n contra el cambio clim\u00e1tico.<\/p>\n<p>Los principios rectores de la pol\u00edtica incluyen:<\/p>\n<ul>\n<li>El uso eficiente de la energ\u00eda y la minimizaci\u00f3n de los impactos ambientales.<\/li>\n<li>La adaptaci\u00f3n constante a las normativas legales y t\u00e9cnicas vigentes.<\/li>\n<li>La implicaci\u00f3n de todo el personal y colaboradores del grupo en la consecuci\u00f3n de los objetivos energ\u00e9ticos.<\/li>\n<\/ul>\n<p>Con esta acci\u00f3n, SERHS sigue alineando su actividad con los valores de <strong>sostenibilidad y responsabilidad corporativa<\/strong>, promoviendo una cultura energ\u00e9tica responsable a todos los niveles de la organizaci\u00f3n.<\/p>\n","protected":false},"excerpt":{"rendered":"<p>&nbsp; Con el objetivo de seguir avanzando hacia un modelo m\u00e1s sostenible y respetuoso con el medio ambiente, en SERHS <a href=\"https:\/\/serhs.com\/es\/serhs-distribucion-refuerza-su-compromiso-con-la-eficiencia-energetica-con-la-instalacion-de-placas-solares-en-pineda-y-tarragona\/\"> [&#8230;]<\/a><\/p>\n","protected":false},"author":19,"featured_media":41989,"comment_status":"closed","ping_status":"closed","sticky":false,"template":"","format":"standard","meta":{"footnotes":""},"categories":[11,126],"tags":[],"class_list":["post-41970","post","type-post","status-publish","format-standard","has-post-thumbnail","hentry","category-corporacion-serhs","category-distribucion"],"yoast_head":"<!-- This site is optimized with the Yoast SEO plugin v27.5 - https:\/\/yoast.com\/product\/yoast-seo-wordpress\/ -->\n<title>SERHS Distribuci\u00f3n refuerza su compromiso con la eficiencia energ\u00e9tica con la instalaci\u00f3n de placas solares en Pineda y Tarragona - SERHS<\/title>\n<meta name=\"robots\" content=\"index, follow, max-snippet:-1, max-image-preview:large, max-video-preview:-1\" \/>\n<link rel=\"canonical\" href=\"https:\/\/serhs.com\/es\/serhs-distribucion-refuerza-su-compromiso-con-la-eficiencia-energetica-con-la-instalacion-de-placas-solares-en-pineda-y-tarragona\/\" \/>\n<meta property=\"og:locale\" content=\"es_ES\" \/>\n<meta property=\"og:type\" content=\"article\" \/>\n<meta property=\"og:title\" content=\"SERHS Distribuci\u00f3n refuerza su compromiso con la eficiencia energ\u00e9tica con la instalaci\u00f3n de placas solares en Pineda y Tarragona - SERHS\" \/>\n<meta property=\"og:url\" content=\"https:\/\/serhs.com\/es\/serhs-distribucion-refuerza-su-compromiso-con-la-eficiencia-energetica-con-la-instalacion-de-placas-solares-en-pineda-y-tarragona\/\" \/>\n<meta property=\"og:site_name\" content=\"SERHS\" \/>\n<meta property=\"article:publisher\" content=\"https:\/\/www.facebook.com\/grupserhs\" \/>\n<meta property=\"article:published_time\" content=\"2025-07-24T09:20:03+00:00\" \/>\n<meta property=\"article:modified_time\" content=\"2025-07-29T09:22:37+00:00\" \/>\n<meta property=\"og:image\" content=\"https:\/\/serhs.com\/wp-content\/uploads\/2025\/07\/Transicio-ESP.jpg\" \/>\n\t<meta property=\"og:image:width\" content=\"600\" \/>\n\t<meta property=\"og:image:height\" content=\"400\" \/>\n\t<meta property=\"og:image:type\" content=\"image\/jpeg\" \/>\n<meta name=\"author\" content=\"SOCIAL\" \/>\n<meta name=\"twitter:card\" content=\"summary_large_image\" \/>\n<meta name=\"twitter:label1\" content=\"Escrito por\" \/>\n\t<meta name=\"twitter:data1\" content=\"SOCIAL\" \/>\n\t<meta name=\"twitter:label2\" content=\"Tiempo de lectura\" \/>\n\t<meta name=\"twitter:data2\" content=\"2 minutos\" \/>\n<script type=\"application\/ld+json\" class=\"yoast-schema-graph\">{\"@context\":\"https:\\\/\\\/schema.org\",\"@graph\":[{\"@type\":\"Article\",\"@id\":\"https:\\\/\\\/serhs.com\\\/es\\\/serhs-distribucion-refuerza-su-compromiso-con-la-eficiencia-energetica-con-la-instalacion-de-placas-solares-en-pineda-y-tarragona\\\/#article\",\"isPartOf\":{\"@id\":\"https:\\\/\\\/serhs.com\\\/es\\\/serhs-distribucion-refuerza-su-compromiso-con-la-eficiencia-energetica-con-la-instalacion-de-placas-solares-en-pineda-y-tarragona\\\/\"},\"author\":{\"name\":\"SOCIAL\",\"@id\":\"https:\\\/\\\/serhs.com\\\/es\\\/#\\\/schema\\\/person\\\/ab392817d75ed759c372c3f7a40828aa\"},\"headline\":\"SERHS Distribuci\u00f3n refuerza su compromiso con la eficiencia energ\u00e9tica con la instalaci\u00f3n de placas solares en Pineda y Tarragona\",\"datePublished\":\"2025-07-24T09:20:03+00:00\",\"dateModified\":\"2025-07-29T09:22:37+00:00\",\"mainEntityOfPage\":{\"@id\":\"https:\\\/\\\/serhs.com\\\/es\\\/serhs-distribucion-refuerza-su-compromiso-con-la-eficiencia-energetica-con-la-instalacion-de-placas-solares-en-pineda-y-tarragona\\\/\"},\"wordCount\":334,\"publisher\":{\"@id\":\"https:\\\/\\\/serhs.com\\\/es\\\/#organization\"},\"image\":{\"@id\":\"https:\\\/\\\/serhs.com\\\/es\\\/serhs-distribucion-refuerza-su-compromiso-con-la-eficiencia-energetica-con-la-instalacion-de-placas-solares-en-pineda-y-tarragona\\\/#primaryimage\"},\"thumbnailUrl\":\"https:\\\/\\\/serhs.com\\\/wp-content\\\/uploads\\\/2025\\\/07\\\/Transicio-ESP.jpg\",\"articleSection\":[\"Corporaci\u00f3n\",\"Distribuci\u00f3n\"],\"inLanguage\":\"es\"},{\"@type\":\"WebPage\",\"@id\":\"https:\\\/\\\/serhs.com\\\/es\\\/serhs-distribucion-refuerza-su-compromiso-con-la-eficiencia-energetica-con-la-instalacion-de-placas-solares-en-pineda-y-tarragona\\\/\",\"url\":\"https:\\\/\\\/serhs.com\\\/es\\\/serhs-distribucion-refuerza-su-compromiso-con-la-eficiencia-energetica-con-la-instalacion-de-placas-solares-en-pineda-y-tarragona\\\/\",\"name\":\"SERHS Distribuci\u00f3n refuerza su compromiso con la eficiencia energ\u00e9tica con la instalaci\u00f3n de placas solares en Pineda y Tarragona - SERHS\",\"isPartOf\":{\"@id\":\"https:\\\/\\\/serhs.com\\\/es\\\/#website\"},\"primaryImageOfPage\":{\"@id\":\"https:\\\/\\\/serhs.com\\\/es\\\/serhs-distribucion-refuerza-su-compromiso-con-la-eficiencia-energetica-con-la-instalacion-de-placas-solares-en-pineda-y-tarragona\\\/#primaryimage\"},\"image\":{\"@id\":\"https:\\\/\\\/serhs.com\\\/es\\\/serhs-distribucion-refuerza-su-compromiso-con-la-eficiencia-energetica-con-la-instalacion-de-placas-solares-en-pineda-y-tarragona\\\/#primaryimage\"},\"thumbnailUrl\":\"https:\\\/\\\/serhs.com\\\/wp-content\\\/uploads\\\/2025\\\/07\\\/Transicio-ESP.jpg\",\"datePublished\":\"2025-07-24T09:20:03+00:00\",\"dateModified\":\"2025-07-29T09:22:37+00:00\",\"breadcrumb\":{\"@id\":\"https:\\\/\\\/serhs.com\\\/es\\\/serhs-distribucion-refuerza-su-compromiso-con-la-eficiencia-energetica-con-la-instalacion-de-placas-solares-en-pineda-y-tarragona\\\/#breadcrumb\"},\"inLanguage\":\"es\",\"potentialAction\":[{\"@type\":\"ReadAction\",\"target\":[\"https:\\\/\\\/serhs.com\\\/es\\\/serhs-distribucion-refuerza-su-compromiso-con-la-eficiencia-energetica-con-la-instalacion-de-placas-solares-en-pineda-y-tarragona\\\/\"]}]},{\"@type\":\"ImageObject\",\"inLanguage\":\"es\",\"@id\":\"https:\\\/\\\/serhs.com\\\/es\\\/serhs-distribucion-refuerza-su-compromiso-con-la-eficiencia-energetica-con-la-instalacion-de-placas-solares-en-pineda-y-tarragona\\\/#primaryimage\",\"url\":\"https:\\\/\\\/serhs.com\\\/wp-content\\\/uploads\\\/2025\\\/07\\\/Transicio-ESP.jpg\",\"contentUrl\":\"https:\\\/\\\/serhs.com\\\/wp-content\\\/uploads\\\/2025\\\/07\\\/Transicio-ESP.jpg\",\"width\":600,\"height\":400},{\"@type\":\"BreadcrumbList\",\"@id\":\"https:\\\/\\\/serhs.com\\\/es\\\/serhs-distribucion-refuerza-su-compromiso-con-la-eficiencia-energetica-con-la-instalacion-de-placas-solares-en-pineda-y-tarragona\\\/#breadcrumb\",\"itemListElement\":[{\"@type\":\"ListItem\",\"position\":1,\"name\":\"Inici\",\"item\":\"https:\\\/\\\/serhs.com\\\/es\\\/\"},{\"@type\":\"ListItem\",\"position\":2,\"name\":\"SERHS Distribuci\u00f3n refuerza su compromiso con la eficiencia energ\u00e9tica con la instalaci\u00f3n de placas solares en Pineda y Tarragona\"}]},{\"@type\":\"WebSite\",\"@id\":\"https:\\\/\\\/serhs.com\\\/es\\\/#website\",\"url\":\"https:\\\/\\\/serhs.com\\\/es\\\/\",\"name\":\"SERHS\",\"description\":\"El primer grup Tur\u00edstic de Catalunya\",\"publisher\":{\"@id\":\"https:\\\/\\\/serhs.com\\\/es\\\/#organization\"},\"potentialAction\":[{\"@type\":\"SearchAction\",\"target\":{\"@type\":\"EntryPoint\",\"urlTemplate\":\"https:\\\/\\\/serhs.com\\\/es\\\/?s={search_term_string}\"},\"query-input\":{\"@type\":\"PropertyValueSpecification\",\"valueRequired\":true,\"valueName\":\"search_term_string\"}}],\"inLanguage\":\"es\"},{\"@type\":\"Organization\",\"@id\":\"https:\\\/\\\/serhs.com\\\/es\\\/#organization\",\"name\":\"SERHS\",\"url\":\"https:\\\/\\\/serhs.com\\\/es\\\/\",\"logo\":{\"@type\":\"ImageObject\",\"inLanguage\":\"es\",\"@id\":\"https:\\\/\\\/serhs.com\\\/es\\\/#\\\/schema\\\/logo\\\/image\\\/\",\"url\":\"https:\\\/\\\/serhs.com\\\/wp-content\\\/uploads\\\/2018\\\/05\\\/logoSERHS200.png\",\"contentUrl\":\"https:\\\/\\\/serhs.com\\\/wp-content\\\/uploads\\\/2018\\\/05\\\/logoSERHS200.png\",\"width\":200,\"height\":67,\"caption\":\"SERHS\"},\"image\":{\"@id\":\"https:\\\/\\\/serhs.com\\\/es\\\/#\\\/schema\\\/logo\\\/image\\\/\"},\"sameAs\":[\"https:\\\/\\\/www.facebook.com\\\/grupserhs\",\"https:\\\/\\\/www.linkedin.com\\\/company\\\/grup-serhs\",\"https:\\\/\\\/www.instagram.com\\\/serhsoficial\\\/\"]},{\"@type\":\"Person\",\"@id\":\"https:\\\/\\\/serhs.com\\\/es\\\/#\\\/schema\\\/person\\\/ab392817d75ed759c372c3f7a40828aa\",\"name\":\"SOCIAL\",\"url\":\"https:\\\/\\\/serhs.com\\\/es\\\/author\\\/rf\\\/\"}]}<\/script>\n<!-- \/ Yoast SEO plugin. -->","yoast_head_json":{"title":"SERHS Distribuci\u00f3n refuerza su compromiso con la eficiencia energ\u00e9tica con la instalaci\u00f3n de placas solares en Pineda y Tarragona - SERHS","robots":{"index":"index","follow":"follow","max-snippet":"max-snippet:-1","max-image-preview":"max-image-preview:large","max-video-preview":"max-video-preview:-1"},"canonical":"https:\/\/serhs.com\/es\/serhs-distribucion-refuerza-su-compromiso-con-la-eficiencia-energetica-con-la-instalacion-de-placas-solares-en-pineda-y-tarragona\/","og_locale":"es_ES","og_type":"article","og_title":"SERHS Distribuci\u00f3n refuerza su compromiso con la eficiencia energ\u00e9tica con la instalaci\u00f3n de placas solares en Pineda y Tarragona - SERHS","og_url":"https:\/\/serhs.com\/es\/serhs-distribucion-refuerza-su-compromiso-con-la-eficiencia-energetica-con-la-instalacion-de-placas-solares-en-pineda-y-tarragona\/","og_site_name":"SERHS","article_publisher":"https:\/\/www.facebook.com\/grupserhs","article_published_time":"2025-07-24T09:20:03+00:00","article_modified_time":"2025-07-29T09:22:37+00:00","og_image":[{"width":600,"height":400,"url":"https:\/\/serhs.com\/wp-content\/uploads\/2025\/07\/Transicio-ESP.jpg","type":"image\/jpeg"}],"author":"SOCIAL","twitter_card":"summary_large_image","twitter_misc":{"Escrito por":"SOCIAL","Tiempo de lectura":"2 minutos"},"schema":{"@context":"https:\/\/schema.org","@graph":[{"@type":"Article","@id":"https:\/\/serhs.com\/es\/serhs-distribucion-refuerza-su-compromiso-con-la-eficiencia-energetica-con-la-instalacion-de-placas-solares-en-pineda-y-tarragona\/#article","isPartOf":{"@id":"https:\/\/serhs.com\/es\/serhs-distribucion-refuerza-su-compromiso-con-la-eficiencia-energetica-con-la-instalacion-de-placas-solares-en-pineda-y-tarragona\/"},"author":{"name":"SOCIAL","@id":"https:\/\/serhs.com\/es\/#\/schema\/person\/ab392817d75ed759c372c3f7a40828aa"},"headline":"SERHS Distribuci\u00f3n refuerza su compromiso con la eficiencia energ\u00e9tica con la instalaci\u00f3n de placas solares en Pineda y Tarragona","datePublished":"2025-07-24T09:20:03+00:00","dateModified":"2025-07-29T09:22:37+00:00","mainEntityOfPage":{"@id":"https:\/\/serhs.com\/es\/serhs-distribucion-refuerza-su-compromiso-con-la-eficiencia-energetica-con-la-instalacion-de-placas-solares-en-pineda-y-tarragona\/"},"wordCount":334,"publisher":{"@id":"https:\/\/serhs.com\/es\/#organization"},"image":{"@id":"https:\/\/serhs.com\/es\/serhs-distribucion-refuerza-su-compromiso-con-la-eficiencia-energetica-con-la-instalacion-de-placas-solares-en-pineda-y-tarragona\/#primaryimage"},"thumbnailUrl":"https:\/\/serhs.com\/wp-content\/uploads\/2025\/07\/Transicio-ESP.jpg","articleSection":["Corporaci\u00f3n","Distribuci\u00f3n"],"inLanguage":"es"},{"@type":"WebPage","@id":"https:\/\/serhs.com\/es\/serhs-distribucion-refuerza-su-compromiso-con-la-eficiencia-energetica-con-la-instalacion-de-placas-solares-en-pineda-y-tarragona\/","url":"https:\/\/serhs.com\/es\/serhs-distribucion-refuerza-su-compromiso-con-la-eficiencia-energetica-con-la-instalacion-de-placas-solares-en-pineda-y-tarragona\/","name":"SERHS Distribuci\u00f3n refuerza su compromiso con la eficiencia energ\u00e9tica con la instalaci\u00f3n de placas solares en Pineda y Tarragona - SERHS","isPartOf":{"@id":"https:\/\/serhs.com\/es\/#website"},"primaryImageOfPage":{"@id":"https:\/\/serhs.com\/es\/serhs-distribucion-refuerza-su-compromiso-con-la-eficiencia-energetica-con-la-instalacion-de-placas-solares-en-pineda-y-tarragona\/#primaryimage"},"image":{"@id":"https:\/\/serhs.com\/es\/serhs-distribucion-refuerza-su-compromiso-con-la-eficiencia-energetica-con-la-instalacion-de-placas-solares-en-pineda-y-tarragona\/#primaryimage"},"thumbnailUrl":"https:\/\/serhs.com\/wp-content\/uploads\/2025\/07\/Transicio-ESP.jpg","datePublished":"2025-07-24T09:20:03+00:00","dateModified":"2025-07-29T09:22:37+00:00","breadcrumb":{"@id":"https:\/\/serhs.com\/es\/serhs-distribucion-refuerza-su-compromiso-con-la-eficiencia-energetica-con-la-instalacion-de-placas-solares-en-pineda-y-tarragona\/#breadcrumb"},"inLanguage":"es","potentialAction":[{"@type":"ReadAction","target":["https:\/\/serhs.com\/es\/serhs-distribucion-refuerza-su-compromiso-con-la-eficiencia-energetica-con-la-instalacion-de-placas-solares-en-pineda-y-tarragona\/"]}]},{"@type":"ImageObject","inLanguage":"es","@id":"https:\/\/serhs.com\/es\/serhs-distribucion-refuerza-su-compromiso-con-la-eficiencia-energetica-con-la-instalacion-de-placas-solares-en-pineda-y-tarragona\/#primaryimage","url":"https:\/\/serhs.com\/wp-content\/uploads\/2025\/07\/Transicio-ESP.jpg","contentUrl":"https:\/\/serhs.com\/wp-content\/uploads\/2025\/07\/Transicio-ESP.jpg","width":600,"height":400},{"@type":"BreadcrumbList","@id":"https:\/\/serhs.com\/es\/serhs-distribucion-refuerza-su-compromiso-con-la-eficiencia-energetica-con-la-instalacion-de-placas-solares-en-pineda-y-tarragona\/#breadcrumb","itemListElement":[{"@type":"ListItem","position":1,"name":"Inici","item":"https:\/\/serhs.com\/es\/"},{"@type":"ListItem","position":2,"name":"SERHS Distribuci\u00f3n refuerza su compromiso con la eficiencia energ\u00e9tica con la instalaci\u00f3n de placas solares en Pineda y Tarragona"}]},{"@type":"WebSite","@id":"https:\/\/serhs.com\/es\/#website","url":"https:\/\/serhs.com\/es\/","name":"SERHS","description":"El primer grup Tur\u00edstic de Catalunya","publisher":{"@id":"https:\/\/serhs.com\/es\/#organization"},"potentialAction":[{"@type":"SearchAction","target":{"@type":"EntryPoint","urlTemplate":"https:\/\/serhs.com\/es\/?s={search_term_string}"},"query-input":{"@type":"PropertyValueSpecification","valueRequired":true,"valueName":"search_term_string"}}],"inLanguage":"es"},{"@type":"Organization","@id":"https:\/\/serhs.com\/es\/#organization","name":"SERHS","url":"https:\/\/serhs.com\/es\/","logo":{"@type":"ImageObject","inLanguage":"es","@id":"https:\/\/serhs.com\/es\/#\/schema\/logo\/image\/","url":"https:\/\/serhs.com\/wp-content\/uploads\/2018\/05\/logoSERHS200.png","contentUrl":"https:\/\/serhs.com\/wp-content\/uploads\/2018\/05\/logoSERHS200.png","width":200,"height":67,"caption":"SERHS"},"image":{"@id":"https:\/\/serhs.com\/es\/#\/schema\/logo\/image\/"},"sameAs":["https:\/\/www.facebook.com\/grupserhs","https:\/\/www.linkedin.com\/company\/grup-serhs","https:\/\/www.instagram.com\/serhsoficial\/"]},{"@type":"Person","@id":"https:\/\/serhs.com\/es\/#\/schema\/person\/ab392817d75ed759c372c3f7a40828aa","name":"SOCIAL","url":"https:\/\/serhs.com\/es\/author\/rf\/"}]}},"_links":{"self":[{"href":"https:\/\/serhs.com\/es\/wp-json\/wp\/v2\/posts\/41970","targetHints":{"allow":["GET"]}}],"collection":[{"href":"https:\/\/serhs.com\/es\/wp-json\/wp\/v2\/posts"}],"about":[{"href":"https:\/\/serhs.com\/es\/wp-json\/wp\/v2\/types\/post"}],"author":[{"embeddable":true,"href":"https:\/\/serhs.com\/es\/wp-json\/wp\/v2\/users\/19"}],"replies":[{"embeddable":true,"href":"https:\/\/serhs.com\/es\/wp-json\/wp\/v2\/comments?post=41970"}],"version-history":[{"count":6,"href":"https:\/\/serhs.com\/es\/wp-json\/wp\/v2\/posts\/41970\/revisions"}],"predecessor-version":[{"id":42038,"href":"https:\/\/serhs.com\/es\/wp-json\/wp\/v2\/posts\/41970\/revisions\/42038"}],"wp:featuredmedia":[{"embeddable":true,"href":"https:\/\/serhs.com\/es\/wp-json\/wp\/v2\/media\/41989"}],"wp:attachment":[{"href":"https:\/\/serhs.com\/es\/wp-json\/wp\/v2\/media?parent=41970"}],"wp:term":[{"taxonomy":"category","embeddable":true,"href":"https:\/\/serhs.com\/es\/wp-json\/wp\/v2\/categories?post=41970"},{"taxonomy":"post_tag","embeddable":true,"href":"https:\/\/serhs.com\/es\/wp-json\/wp\/v2\/tags?post=41970"}],"curies":[{"name":"wp","href":"https:\/\/api.w.org\/{rel}","templated":true}]}}